{"id":784,"date":"2015-08-18T19:36:23","date_gmt":"2015-08-18T17:36:23","guid":{"rendered":"http:\/\/www.mensviventer.com\/?p=784"},"modified":"2015-08-18T23:28:07","modified_gmt":"2015-08-18T21:28:07","slug":"pavens-sondagsappeller-og-bibelens-profetier","status":"publish","type":"post","link":"https:\/\/www.mensviventer.com\/?p=784","title":{"rendered":"Pavens s\u00f8ndagsappeller og Bibelens profetier"},"content":{"rendered":"<p><b><span style=\"font-family: Times New Roman,serif;\"><span style=\"font-size: large;\">Hvis du vet noe om hvordan sluttresultatet skal bli, er det lettere \u00e5 vurdere hvor langt i utviklingen man er kommet. En arkitekt som sitter med tegningen av et ferdig hus, har ingen vanskeligheter med \u00e5 se hvor i byggeprosessen man er til enhver tid.<\/span><\/span><\/b><\/p>\n<p><span style=\"font-family: Times New Roman,serif;\"><span style=\"font-size: large;\">Denne tenkem\u00e5ten er b\u00e5de nyttig og viktig n\u00e5r det kommer til \u00e5 forst\u00e5 hvor vi er i oppfyllelsen av noen bibelske profetier. I Johannes \u00c5penbaring kapittel 13, gir Jesus oss en ganske grundig beskrivelse av noe som skal skje like f\u00f8r han kommer igjen for \u00e5 hente sine. <\/span><\/span><\/p>\n<p><span style=\"font-family: Times New Roman,serif;\"><span style=\"font-size: large;\">F\u00f8rst i kapitlet f\u00e5r vi en detaljert omtale av en religi\u00f8s\/politisk makt som ned gjennom historien har forfulgt Guds sanntroende folk. En rekke kjennetegn p\u00e5 denne makten er spesifisert, og bibelstudenter burde ikke ha vanskeligheter med \u00e5 se at det er pavemakten som beskrives. Alle de store og kjente reformatorene s\u00e5 det ogs\u00e5 slik.<\/span><\/span><\/p>\n<p><span style=\"font-family: Times New Roman,serif;\"><span style=\"font-size: large;\"><a href=\"http:\/\/www.mensviventer.com\/wordpress\/wp-content\/uploads\/2015\/08\/Beasthorn.jpg\"><img decoding=\"async\" loading=\"lazy\" class=\"alignright size-medium wp-image-787\" alt=\"Beasthorn\" src=\"http:\/\/www.mensviventer.com\/wordpress\/wp-content\/uploads\/2015\/08\/Beasthorn-300x226.jpg\" width=\"300\" height=\"226\" srcset=\"https:\/\/www.mensviventer.com\/wordpress\/wp-content\/uploads\/2015\/08\/Beasthorn-300x226.jpg 300w, https:\/\/www.mensviventer.com\/wordpress\/wp-content\/uploads\/2015\/08\/Beasthorn.jpg 475w\" sizes=\"(max-width: 300px) 100vw, 300px\" \/><\/a>Blant kjennetegnene i dette kapitlet i \u00c5penbaringen, nevnes forf\u00f8lgelsene av annerledes troende gjennom inkvisisjonen, den katolske kirkes arrogante tolkning av sin egen guddommelige makt, og dogmer som er en spott mot Gud. Og ikke minst en n\u00f8yaktig beskrivelse av de 1260 \u00e5rene med religi\u00f8s\/politisk dominans, fra 538 til 1798, som uten tvil beviser at det er snakk om pavemakten. <\/span><\/span><\/p>\n<p><a name=\"_GoBack\"><\/a> <span style=\"font-family: Times New Roman,serif;\"><span style=\"font-size: large;\">N\u00e5r en profeti gitt av Herren selv, mange hundre \u00e5r f\u00f8r den oppfylles, er s\u00e5 spesifikk og n\u00f8yaktig, burde det ikke gi rom for tvil og usikkerhet. Pavekirken fikk sin politisk\/religi\u00f8se makt i 538 og n\u00f8yaktig 1260 \u00e5r senere, som profetien spesifiserer, i 1798, fikk kirken det midlertidige d\u00f8delige s\u00e5ret som profetien omtaler, ved at paven ble tatt til fange av Napoleon, og alle katolsk kirker i Europa ble stengt.<\/span><\/span><\/p>\n<p><span style=\"font-family: Times New Roman,serif;\"><span style=\"font-size: large;\">Men profetien i dette kapitlet forteller ogs\u00e5 at dette kirkesystemet skal gjenvinne sin innflytelse og dominans, og at hele verden til slutt vil underkaste seg dens myndighet. Den \u00f8kumeniske prosessen som har gjort paven til kristenhetens moralske leder og \u00ab<\/span><\/span><span style=\"font-family: Times New Roman,serif;\"><span style=\"font-size: large;\"><i>hellige far<\/i><\/span><\/span><span style=\"font-family: Times New Roman,serif;\"><span style=\"font-size: large;\">\u00bb, er for alle \u00e5 kjenne til.<\/span><\/span><\/p>\n<p><span style=\"font-family: Times New Roman,serif;\"><span style=\"font-size: large;\"><a href=\"http:\/\/www.mensviventer.com\/wordpress\/wp-content\/uploads\/2015\/08\/USBEAST.jpg\"><img decoding=\"async\" loading=\"lazy\" class=\"alignright size-medium wp-image-789\" alt=\"USBEAST\" src=\"http:\/\/www.mensviventer.com\/wordpress\/wp-content\/uploads\/2015\/08\/USBEAST-300x224.jpg\" width=\"300\" height=\"224\" srcset=\"https:\/\/www.mensviventer.com\/wordpress\/wp-content\/uploads\/2015\/08\/USBEAST-300x224.jpg 300w, https:\/\/www.mensviventer.com\/wordpress\/wp-content\/uploads\/2015\/08\/USBEAST.jpg 350w\" sizes=\"(max-width: 300px) 100vw, 300px\" \/><\/a>I siste del av kapittel 13 i Johannes \u00c5penbaringen, f\u00e5r vi vite at pavekirken i samarbeid med USA (som uten tvil er makten som er synliggjort fra vers 11), vil p\u00e5tvinge alle mennesker religi\u00f8se forskrifter som kan h\u00e5ndheves av politiske myndigheter. Vi tror at en lov vil bli vedtatt som krever at den falske og u-bibelske hviledagen, s\u00f8ndag, skal helligholdes av alle, og at kristne som velger \u00e5 lyde Guds lovs fjerde bud og helligholde bibelens sabbat, l\u00f8rdag, den sjuende dag i uken, vil bli forfulgt.<\/span><\/span><\/p>\n<p><span style=\"font-family: Times New Roman,serif;\"><span style=\"font-size: large;\">Sabbaten er Guds tegn og merkedag (2. Mos. 31:13.17. Esek. 20:12.20) og den katolske kirke har erkl\u00e6rt s\u00f8ndag \u00e5 v\u00e6re dette kirkesamfunnets merke, tegn og symbol p\u00e5 dets guddommelige myndighet og makt. Kirken gj\u00f8r krav p\u00e5 rett til \u00e5 endre Guds bud, og nettopp denne endringen av Guds hellige dag, er et av bibelens kjennetegn p\u00e5 Antikristmakten som mange av oss tror at pavekirken representerer.<\/span><\/span><\/p>\n<p><span style=\"font-family: Times New Roman,serif;\"><span style=\"font-size: large;\">Det hele vil dreie seg om hvem man vil f\u00f8lge og vise lojalitet. Menneskelige vedtekter lansert av selveste Antikrist, eller lojalitet til Gud ved \u00e5 lyde hans hellige bud. Derfor tror vi at \u00e5 ta \u00ab<\/span><\/span><span style=\"font-family: Times New Roman,serif;\"><span style=\"font-size: large;\"><i>Dyrets merke<\/i><\/span><\/span><span style=\"font-family: Times New Roman,serif;\"><span style=\"font-size: large;\">\u00bb, vil i den siste tid bli \u00e5 akseptere merket eller lojalitetstegnet til pavekirken (som nettopp er \u00ab<\/span><\/span><span style=\"font-family: Times New Roman,serif;\"><span style=\"font-size: large;\"><i>dyret<\/i><\/span><\/span><span style=\"font-family: Times New Roman,serif;\"><span style=\"font-size: large;\">\u00bb i denne profetien) i stedet for \u00e5 vise lojalitet til Herren. <\/span><\/span><\/p>\n<p><b><span style=\"font-family: Times New Roman,serif;\"><span style=\"font-size: large;\">S\u00f8ndag som fokus.<\/span><\/span><\/b><\/p>\n<p><span style=\"font-family: Times New Roman,serif;\"><span style=\"font-size: large;\">Siden kristne som kjenner sin Bibel, allerede vet at pavekirken arbeider m\u00e5lrettet, mot det denne profetien \u00e5penbarer, er det rimelig at vi f\u00f8lger med i hvordan pavekirken kommuniserer vedr\u00f8rende fokus p\u00e5 s\u00f8ndagen.<\/span><\/span><\/p>\n<p><span style=\"font-family: Times New Roman,serif;\"><span style=\"font-size: large;\">Parallellen med arkitektens kjennskap til sluttresultatet er tydelig. Da kan vi lettere forst\u00e5 hvor vi akkurat n\u00e5 befinner oss i prosessen.<\/span><\/span><\/p>\n<p><span style=\"font-family: Times New Roman,serif;\"><span style=\"font-size: large;\"><a href=\"http:\/\/www.mensviventer.com\/wordpress\/wp-content\/uploads\/2015\/08\/obama-og-paven.jpg\"><img decoding=\"async\" loading=\"lazy\" class=\"alignleft size-medium wp-image-790\" alt=\"obama og paven\" src=\"http:\/\/www.mensviventer.com\/wordpress\/wp-content\/uploads\/2015\/08\/obama-og-paven-300x225.jpg\" width=\"300\" height=\"225\" srcset=\"https:\/\/www.mensviventer.com\/wordpress\/wp-content\/uploads\/2015\/08\/obama-og-paven-300x225.jpg 300w, https:\/\/www.mensviventer.com\/wordpress\/wp-content\/uploads\/2015\/08\/obama-og-paven.jpg 480w\" sizes=\"(max-width: 300px) 100vw, 300px\" \/><\/a>Pave Frans skal som kjent bes\u00f8ke USA i september i \u00e5r, og i en rekke uttalelser fra Vatikanet den siste tiden, er betydningen av rett s\u00f8ndagshelligholdelse blitt vektlagt p\u00e5 en m\u00e5te vi aldri f\u00f8r har v\u00e6rt vitne til. <\/span><\/span><\/p>\n<p><span style=\"font-family: Times New Roman,serif;\"><span style=\"font-size: large;\">I en tale holdt den 12. august, erkl\u00e6rte paven at s\u00f8ndagshelligholdelse er selve n\u00f8kkelen til \u00e5 kunne motta alle Kristi n\u00e5degaver. Hvis du tenker deg om, m\u00e5 du innr\u00f8mme at dette er en b\u00e5de dramatisk og ekstrem p\u00e5stand. \u00c5 \u00e5pne seg for og ta imot \u00ab<\/span><\/span><span style=\"font-family: Times New Roman,serif;\"><span style=\"font-size: large;\"><i>Alle Kristi n\u00e5degaver<\/i><\/span><\/span><span style=\"font-family: Times New Roman,serif;\"><span style=\"font-size: large;\">\u00bb blir selvf\u00f8lgelig ansett \u00e5 v\u00e6re en absolutt betingelse for \u00e5 kunne motta frelse. Ved denne og lignende uttalelser i den senere tid, gj\u00f8r paven porten til frelse ganske \u00ab<\/span><\/span><span style=\"font-family: Times New Roman,serif;\"><span style=\"font-size: large;\"><i>smal<\/i><\/span><\/span><span style=\"font-family: Times New Roman,serif;\"><span style=\"font-size: large;\">\u00bb, men p\u00e5 en m\u00e5te som ikke er samstemt med bibelens l\u00e6re. <\/span><\/span><\/p>\n<p><span style=\"font-family: Times New Roman,serif;\"><span style=\"font-size: large;\">Det inneb\u00e6rer at helligholdelse av den falske og u-bibelske hviledagen, i det katolske systemet, framsettes som en tvingende n\u00f8dvendighet for evig liv. En slik kopling mellom \u00ab<\/span><\/span><span style=\"font-family: Times New Roman,serif;\"><span style=\"font-size: large;\"><i>s\u00f8ndag og frelse<\/i><\/span><\/span><span style=\"font-family: Times New Roman,serif;\"><span style=\"font-size: large;\">\u00bb, gir kirken enorm makt og vilje til \u00e5 arbeide for at lover og forskrifter blir vedtatt, for at en slik helligholdelse kan n\u00e5 alle. Det blir et vesentlig evangeliseringsverkt\u00f8y, som n\u00f8dvendigvis m\u00e5 n\u00e5 alle mennesker, siden Jesu misjonsappell om \u00e5 forkynne evangeliet til hele verden, da er n\u00f8dt til \u00e5 ha i seg en absolutt n\u00f8dvendig helligholdelse av pavekirkens merkedag, som er \u00ab<\/span><\/span><span style=\"font-family: Times New Roman,serif;\"><span style=\"font-size: large;\"><i>dyrets merke<\/i><\/span><\/span><span style=\"font-family: Times New Roman,serif;\"><span style=\"font-size: large;\">\u00bb. <\/span><\/span><\/p>\n<p><span style=\"font-family: Times New Roman,serif;\"><span style=\"font-size: large;\"><a href=\"http:\/\/www.mensviventer.com\/wordpress\/wp-content\/uploads\/2015\/08\/SunWorship_shamash-symbol.jpg\"><img decoding=\"async\" loading=\"lazy\" class=\"alignleft size-full wp-image-791\" alt=\"SunWorship_shamash-symbol\" src=\"http:\/\/www.mensviventer.com\/wordpress\/wp-content\/uploads\/2015\/08\/SunWorship_shamash-symbol.jpg\" width=\"183\" height=\"182\" srcset=\"https:\/\/www.mensviventer.com\/wordpress\/wp-content\/uploads\/2015\/08\/SunWorship_shamash-symbol.jpg 183w, https:\/\/www.mensviventer.com\/wordpress\/wp-content\/uploads\/2015\/08\/SunWorship_shamash-symbol-150x150.jpg 150w\" sizes=\"(max-width: 183px) 100vw, 183px\" \/><\/a>\u00ab<\/span><\/span><span style=\"font-family: Times New Roman,serif;\"><span style=\"font-size: large;\"><i>Vatican radio<\/i><\/span><\/span><span style=\"font-family: Times New Roman,serif;\"><span style=\"font-size: large;\">\u00bb annonserte samtidig med pavens nevnte appell, at n\u00f8dvendigheten av \u00e5 helligholde s\u00f8ndag p\u00e5 rett m\u00e5te, ogs\u00e5 ville bli et vesentlig fokus i pavens tale p\u00e5 \u00ab<\/span><\/span><span style=\"font-family: Times New Roman,serif;\"><span style=\"font-size: large;\"><i>World Meeting o<\/i><\/span><\/span><span style=\"font-family: Times New Roman,serif;\"><span style=\"font-size: large;\"><i>f<\/i><\/span><\/span><span style=\"font-family: Times New Roman,serif;\"><span style=\"font-size: large;\"><i> Families<\/i><\/span><\/span><span style=\"font-family: Times New Roman,serif;\"><span style=\"font-size: large;\">\u00bb i Filadelfia, som er en av de tre store begivenhetene som paven skal v\u00e6re engasjert i p\u00e5 sin reise til USA. I tillegg skal han som kjent tale til det amerikanske folk via et arrangement i Kongressen og til verdenssamfunnet med en tale i FN i New York. <\/span><\/span><\/p>\n<p><span style=\"font-family: Times New Roman,serif;\"><span style=\"font-size: large;\">Paven lanserte jo for litt siden sin mye omtalte encyclica om milj\u00f8et, i et<\/span><\/span><\/p>\n<div id=\"attachment_792\" style=\"width: 310px\" class=\"wp-caption alignleft\"><a href=\"http:\/\/www.mensviventer.com\/wordpress\/wp-content\/uploads\/2015\/08\/topic.jpg\"><img aria-describedby=\"caption-attachment-792\" decoding=\"async\" loading=\"lazy\" class=\"size-medium wp-image-792\" alt=\"S\u00f8ndag er solens dag. Solsymbol f\u00f8r og n\u00e5\" src=\"http:\/\/www.mensviventer.com\/wordpress\/wp-content\/uploads\/2015\/08\/topic-300x200.jpg\" width=\"300\" height=\"200\" srcset=\"https:\/\/www.mensviventer.com\/wordpress\/wp-content\/uploads\/2015\/08\/topic-300x200.jpg 300w, https:\/\/www.mensviventer.com\/wordpress\/wp-content\/uploads\/2015\/08\/topic.jpg 817w\" sizes=\"(max-width: 300px) 100vw, 300px\" \/><\/a><p id=\"caption-attachment-792\" class=\"wp-caption-text\">S\u00f8ndag er solens dag. Solsymbol f\u00f8r og n\u00e5<\/p><\/div>\n<p><span style=\"font-family: Times New Roman,serif;\"><span style=\"font-size: large;\">budskap om at alle (hele verden) n\u00e5 m\u00e5 st\u00e5 samlet for \u00e5 kunne \u00ab<\/span><\/span><span style=\"font-family: Times New Roman,serif;\"><span style=\"font-size: large;\"><i>redde kloden<\/i><\/span><\/span><span style=\"font-family: Times New Roman,serif;\"><span style=\"font-size: large;\">\u00bb. Merk deg at ogs\u00e5 i denne spesifikke appellen, hevdet paven at en rett helligholdelse av s\u00f8ndag som hviledag, var en hj\u00f8rnestein for \u00e5 kunne lykkes i milj\u00f8arbeidet.<\/span><\/span><\/p>\n<p><span style=\"font-family: Times New Roman,serif;\"><span style=\"font-size: large;\">Det ligger an til at rett helligholdelse av pavekirkens s\u00f8ndag, som Bibelen identifiserer som \u00ab<\/span><\/span><span style=\"font-family: Times New Roman,serif;\"><span style=\"font-size: large;\"><i>Dyrets merke<\/i><\/span><\/span><span style=\"font-family: Times New Roman,serif;\"><span style=\"font-size: large;\">\u00bb og et tegn p\u00e5 lojalitet til og underkastelse til selveste Antikrist, vil bli et sentralt fokus i pavens appeller i USA. En appell til amerikanske politikere og det amerikanske folket i Kongressen. Til alle verdens familier i Filadelfia. Og til verdenssamfunnet i FN.<\/span><\/span><\/p>\n<p><span style=\"font-family: Times New Roman,serif;\"><span style=\"font-size: large;\">Fellesnevneren i alle pavens appeller til disse m\u00e5lgruppene, blir n\u00f8dvendigheten av at vi n\u00e5 s\u00f8rger for at s\u00f8ndagen blir respektert og helligholdt av alle. Skal vi redde kloden, redde og bevare v\u00e5re familier og skal vi lykkes med \u00e5 fordele verdens verdier, s\u00f8rge for de fattige og oppleve fred, kommer paven til \u00e5 l\u00f8fte opp en sentral fellesnevner, nemlig \u00ab<\/span><\/span><span style=\"font-family: Times New Roman,serif;\"><span style=\"font-size: large;\"><i>Dyrets Merke<\/i><\/span><\/span><span style=\"font-family: Times New Roman,serif;\"><span style=\"font-size: large;\">\u00bb<a href=\"http:\/\/www.mensviventer.com\/wordpress\/wp-content\/uploads\/2015\/08\/pope-s\u00f8ndag.jpg\"><img decoding=\"async\" loading=\"lazy\" class=\"alignright size-medium wp-image-793\" alt=\"pope s\u00f8ndag\" src=\"http:\/\/www.mensviventer.com\/wordpress\/wp-content\/uploads\/2015\/08\/pope-s\u00f8ndag-300x168.jpg\" width=\"300\" height=\"168\" srcset=\"https:\/\/www.mensviventer.com\/wordpress\/wp-content\/uploads\/2015\/08\/pope-s\u00f8ndag-300x168.jpg 300w, https:\/\/www.mensviventer.com\/wordpress\/wp-content\/uploads\/2015\/08\/pope-s\u00f8ndag-1024x576.jpg 1024w, https:\/\/www.mensviventer.com\/wordpress\/wp-content\/uploads\/2015\/08\/pope-s\u00f8ndag.jpg 1920w\" sizes=\"(max-width: 300px) 100vw, 300px\" \/><\/a><\/span><\/span><\/p>\n<p><span style=\"font-family: Times New Roman,serif;\"><span style=\"font-size: large;\">Alt tyder p\u00e5 at denne utviklingen viser oss hvor vi befinner oss akkurat n\u00e5, i Guds forutsigelser om hendelser like f\u00f8r alt er slutt her nede.<\/span><\/span><\/p>\n<p><span style=\"font-family: Times New Roman,serif;\"><span style=\"font-size: large;\">\u00ab<\/span><\/span><span style=\"font-family: Times New Roman,serif;\"><span style=\"font-size: large;\"><i>Men n\u00e5r dette begynner \u00e5 skje, da rett dere opp og l\u00f8ft hodet, For deres forl\u00f8sning stunder til<\/i><\/span><\/span><span style=\"font-family: Times New Roman,serif;\"><span style=\"font-size: large;\">\u00bb, Luk. 21:28.<\/span><\/span><\/p>\n<p>&nbsp;<\/p>\n","protected":false},"excerpt":{"rendered":"<p>Hvis du vet noe om hvordan sluttresultatet skal bli, er det lettere \u00e5 vurdere hvor langt i utviklingen man er kommet. En arkitekt som sitter med tegningen av et ferdig hus, har ingen vanskeligheter med \u00e5 se hvor i byggeprosessen man er til enhver tid. Denne tenkem\u00e5ten er b\u00e5de nyttig og viktig n\u00e5r det kommer [&hellip;]<\/p>\n","protected":false},"author":1,"featured_media":0,"comment_status":"open","ping_status":"open","sticky":false,"template":"","format":"standard","meta":[],"categories":[1,11],"tags":[295,296,24,294,292,293],"_links":{"self":[{"href":"https:\/\/www.mensviventer.com\/index.php?rest_route=\/wp\/v2\/posts\/784"}],"collection":[{"href":"https:\/\/www.mensviventer.com\/index.php?rest_route=\/wp\/v2\/posts"}],"about":[{"href":"https:\/\/www.mensviventer.com\/index.php?rest_route=\/wp\/v2\/types\/post"}],"author":[{"embeddable":true,"href":"https:\/\/www.mensviventer.com\/index.php?rest_route=\/wp\/v2\/users\/1"}],"replies":[{"embeddable":true,"href":"https:\/\/www.mensviventer.com\/index.php?rest_route=%2Fwp%2Fv2%2Fcomments&post=784"}],"version-history":[{"count":3,"href":"https:\/\/www.mensviventer.com\/index.php?rest_route=\/wp\/v2\/posts\/784\/revisions"}],"predecessor-version":[{"id":788,"href":"https:\/\/www.mensviventer.com\/index.php?rest_route=\/wp\/v2\/posts\/784\/revisions\/788"}],"wp:attachment":[{"href":"https:\/\/www.mensviventer.com\/index.php?rest_route=%2Fwp%2Fv2%2Fmedia&parent=784"}],"wp:term":[{"taxonomy":"category","embeddable":true,"href":"https:\/\/www.mensviventer.com\/index.php?rest_route=%2Fwp%2Fv2%2Fcategories&post=784"},{"taxonomy":"post_tag","embeddable":true,"href":"https:\/\/www.mensviventer.com\/index.php?rest_route=%2Fwp%2Fv2%2Ftags&post=784"}],"curies":[{"name":"wp","href":"https:\/\/api.w.org\/{rel}","templated":true}]}}