{"id":764,"date":"2015-06-28T16:14:11","date_gmt":"2015-06-28T14:14:11","guid":{"rendered":"http:\/\/www.mensviventer.com\/?p=764"},"modified":"2015-06-28T16:14:11","modified_gmt":"2015-06-28T14:14:11","slug":"pavens-nulltoleranse-for-overgrep","status":"publish","type":"post","link":"https:\/\/www.mensviventer.com\/?p=764","title":{"rendered":"Pavens nulltoleranse for overgrep"},"content":{"rendered":"<div id=\"attachment_766\" style=\"width: 222px\" class=\"wp-caption alignright\"><a href=\"http:\/\/www.mensviventer.com\/wordpress\/wp-content\/uploads\/2015\/06\/AlexanderPortrait1-full.jpg\"><img aria-describedby=\"caption-attachment-766\" decoding=\"async\" loading=\"lazy\" class=\" wp-image-766\" alt=\"AlexanderPortrait1-full\" src=\"http:\/\/www.mensviventer.com\/wordpress\/wp-content\/uploads\/2015\/06\/AlexanderPortrait1-full-212x300.jpg\" width=\"212\" height=\"300\" srcset=\"https:\/\/www.mensviventer.com\/wordpress\/wp-content\/uploads\/2015\/06\/AlexanderPortrait1-full-212x300.jpg 212w, https:\/\/www.mensviventer.com\/wordpress\/wp-content\/uploads\/2015\/06\/AlexanderPortrait1-full.jpg 300w\" sizes=\"(max-width: 212px) 100vw, 212px\" \/><\/a><p id=\"caption-attachment-766\" class=\"wp-caption-text\">Pave Alexander VI, skal v\u00e6re en av de v\u00e6rste paver i historien. Med sine mange elskerinner fikk han syv barn. Han ga sine elskerinner dyre gaver, og ble det sm\u00e5tt med penger, solgte han kardinalembeter for penger, eller fikk fengslet sine motstandere p\u00e5 falske anklager eller tok livet av dem og stjal deres eiendommer.<\/p><\/div>\n<p><span style=\"color: #353839;\"><span style=\"font-family: Times New Roman,serif;\"><span style=\"font-size: large;\">I den katolske kirkes Encyclopedia, avsnittet om pavene, kan vi lese om paver som drev horehus, myrdet sine rivaler, kj\u00f8pte pavetittelen, hadde r\u00f8verbander som ga dem inntekt og bokstavelig hadde hundrevis av barn med forskjellige kvinner. Noen av dem ble drept av menighetens medlemmer og slept gjennom gatene bundet til hester, mens folket jublet over \u00e5 v\u00e6re kvitt enn\u00e5 en pavegangster. <\/span><\/span><\/span><\/p>\n<p><span style=\"color: #353839;\"><span style=\"font-family: Times New Roman,serif;\"><span style=\"font-size: large;\">Men hele tiden var de ansett \u00e5 v\u00e6re Jesu Kristi vikarer, p\u00e5 grunn av sin posisjon og selvvalgte autoritet. Ikke f\u00f8r i v\u00e5r tids effektive nyhetsformidling, innsyn, internettkommunikasjon og h\u00e5ndhevelsen av sosiale kj\u00f8reregler, er det blitt mulig \u00e5 holde ogs\u00e5 kirkens menn ansvarlige for liv og vandel.<\/span><\/span><\/span><\/p>\n<p><span style=\"color: #353839;\"><span style=\"font-family: Times New Roman,serif;\"><span style=\"font-size: large;\">Helt opp til for noen f\u00e5 \u00e5r siden ble katolske prester som praktiserte seksuelle overgrep, beskyttet og unnslapp landets lover. Hundrevis av prester var kjente overgripere og ofrene var i tusentall, i mange land.<\/span><\/span><\/span><\/p>\n<p><span style=\"color: #353839;\"><span style=\"font-family: Times New Roman,serif;\"><span style=\"font-size: large;\">Det enorme behovet for \u00e5 markere p\u00e5 alvor at det var uakseptabelt at kirkens prester \u00f8dela mennesker for livet ved seksuelle overgrep, gjorde at n\u00e5v\u00e6rende pave bekjentgjorde nulltoleranse for disse grusomme handlingene.<\/span><\/span><\/span><\/p>\n<p><span style=\"color: #353839;\"><span style=\"font-family: Times New Roman,serif;\"><span style=\"font-size: large;\"><em><\/em><\/span><\/span><\/span><\/p>\n<div id=\"attachment_767\" style=\"width: 310px\" class=\"wp-caption alignleft\"><a href=\"http:\/\/www.mensviventer.com\/wordpress\/wp-content\/uploads\/2015\/06\/20131215_archbishop-john-nienstedt_33.jpg\"><img aria-describedby=\"caption-attachment-767\" decoding=\"async\" loading=\"lazy\" class=\"size-medium wp-image-767\" alt=\"erkebiskop John Nienstedt \" src=\"http:\/\/www.mensviventer.com\/wordpress\/wp-content\/uploads\/2015\/06\/20131215_archbishop-john-nienstedt_33-300x186.jpg\" width=\"300\" height=\"186\" srcset=\"https:\/\/www.mensviventer.com\/wordpress\/wp-content\/uploads\/2015\/06\/20131215_archbishop-john-nienstedt_33-300x186.jpg 300w, https:\/\/www.mensviventer.com\/wordpress\/wp-content\/uploads\/2015\/06\/20131215_archbishop-john-nienstedt_33.jpg 649w\" sizes=\"(max-width: 300px) 100vw, 300px\" \/><\/a><p id=\"caption-attachment-767\" class=\"wp-caption-text\">erkebiskop John Nienstedt<\/p><\/div>\n<p><span style=\"color: #353839;\"><span style=\"font-family: Times New Roman,serif;\"><span style=\"font-size: large;\"><em><\/em>Hans forgjenger benyttet riktig nok samme ordlyd, slik at mange observat\u00f8rer tvilte p\u00e5 om pave Frans ville makte eller t\u00f8rre \u00e5 implementere det han kommuniserte. For noen dager siden valgte paven \u00e5 forlange avskjedigelse av to meget h\u00f8ytst\u00e5ende geistlige, erkebiskop John Nienstedt av St. Paul Minnesota og vise-biskop Lee Anthony Piche. Kravet var begrunnet av at de ikke tok aff\u00e6re enda de kjente til at en av prestene i deres stab, i flere \u00e5r hadde praktiserte overgrep og fortsatte med det. Denne presten ble politianmeldt.<\/span><\/span><\/span><\/p>\n<div id=\"attachment_768\" style=\"width: 211px\" class=\"wp-caption alignright\"><a href=\"http:\/\/www.mensviventer.com\/wordpress\/wp-content\/uploads\/2015\/06\/pichephoto1.png\"><img aria-describedby=\"caption-attachment-768\" decoding=\"async\" loading=\"lazy\" class=\"size-medium wp-image-768\" alt=\"pichephoto1\" src=\"http:\/\/www.mensviventer.com\/wordpress\/wp-content\/uploads\/2015\/06\/pichephoto1-201x300.png\" width=\"201\" height=\"300\" srcset=\"https:\/\/www.mensviventer.com\/wordpress\/wp-content\/uploads\/2015\/06\/pichephoto1-201x300.png 201w, https:\/\/www.mensviventer.com\/wordpress\/wp-content\/uploads\/2015\/06\/pichephoto1.png 207w\" sizes=\"(max-width: 201px) 100vw, 201px\" \/><\/a><p id=\"caption-attachment-768\" class=\"wp-caption-text\">vise-biskop Lee Anthony Piche<\/p><\/div>\n<p><span style=\"color: #353839;\"><span style=\"font-family: Times New Roman,serif;\"><span style=\"font-size: large;\">Han kunne faktisk ikke selv avskjediget dem, uansett hva de hadde gjort, siden kirken ser p\u00e5 prestegjerningen som et Guds kall ingen kan overstyre. Nettopp denne forklaringen er trolig \u00e5rsaken til at det tidligere har v\u00e6rt s\u00e5 problematisk \u00e5 bli kvitt prester og biskoper som bryter b\u00e5de landets og Guds lov.<\/span><\/span><\/span><\/p>\n<p><a name=\"_GoBack\"><\/a> <span style=\"color: #353839;\"><span style=\"font-family: Times New Roman,serif;\"><span style=\"font-size: large;\">Alle vet at pavens handling umulig kan bli et engangstilfelle. Det er tusenvis av pedofile prester p\u00e5 den katolske kirkes l\u00f8nningsliste, og det er lite trolig at alle i framtiden vil takle sin seksuelle legning uten nye overgrep. <\/span><\/span><\/span><\/p>\n<p><span style=\"color: #353839;\"><span style=\"font-family: Times New Roman,serif;\"><span style=\"font-size: large;\">Den vanlige praksis var lenge at n\u00e5r det ble rapportert litt for mange klager, ble overgriperen bare flyttet til nye steder hvor de kunne fortsette \u00e5 \u00f8delegge barn.<\/span><\/span><\/span><\/p>\n<p><span style=\"color: #353839;\"><span style=\"font-family: Times New Roman,serif;\"><span style=\"font-size: large;\">N\u00e5v\u00e6rende paves reaksjon kan tyde p\u00e5 at kirkens biskoper og kardinaler n\u00e5 ogs\u00e5 vil komme i s\u00f8kelyset hvis de ikke reagerer med anmeldelse av prestene de har overoppsyn med.<\/span><\/span><\/span><\/p>\n<p><span style=\"color: #353839;\"><span style=\"font-family: Times New Roman,serif;\"><span style=\"font-size: large;\">Observat\u00f8rer f\u00f8lger n\u00f8ye med i denne saken for \u00e5 se om de to \u00ab<\/span><\/span><\/span><span style=\"color: #353839;\"><span style=\"font-family: Times New Roman,serif;\"><span style=\"font-size: large;\"><i>selvavsatte<\/i><\/span><\/span><\/span><span style=\"color: #353839;\"><span style=\"font-family: Times New Roman,serif;\"><span style=\"font-size: large;\">\u00bb prestene bare mister sine h\u00f8ye stillinger, men dukker opp i kirkens tjeneste andre steder. Det tryggeste for paven m\u00e5 v\u00e6re at de pensjoneres for \u00e5 v\u00e6re sikker p\u00e5 at kollegaer ikke engasjerer dem i andre oppgaver uten \u00ab<\/span><\/span><\/span><span style=\"color: #353839;\"><span style=\"font-family: Times New Roman,serif;\"><span style=\"font-size: large;\"><i>systemets<\/i><\/span><\/span><\/span><span style=\"color: #353839;\"><span style=\"font-family: Times New Roman,serif;\"><span style=\"font-size: large;\">\u00bb innsyn. <\/span><\/span><\/span><\/p>\n","protected":false},"excerpt":{"rendered":"<p>I den katolske kirkes Encyclopedia, avsnittet om pavene, kan vi lese om paver som drev horehus, myrdet sine rivaler, kj\u00f8pte pavetittelen, hadde r\u00f8verbander som ga dem inntekt og bokstavelig hadde hundrevis av barn med forskjellige kvinner. Noen av dem ble drept av menighetens medlemmer og slept gjennom gatene bundet til hester, mens folket jublet over [&hellip;]<\/p>\n","protected":false},"author":1,"featured_media":0,"comment_status":"open","ping_status":"open","sticky":false,"template":"","format":"standard","meta":[],"categories":[1,2],"tags":[279,276,280,278,281,275,277],"_links":{"self":[{"href":"https:\/\/www.mensviventer.com\/index.php?rest_route=\/wp\/v2\/posts\/764"}],"collection":[{"href":"https:\/\/www.mensviventer.com\/index.php?rest_route=\/wp\/v2\/posts"}],"about":[{"href":"https:\/\/www.mensviventer.com\/index.php?rest_route=\/wp\/v2\/types\/post"}],"author":[{"embeddable":true,"href":"https:\/\/www.mensviventer.com\/index.php?rest_route=\/wp\/v2\/users\/1"}],"replies":[{"embeddable":true,"href":"https:\/\/www.mensviventer.com\/index.php?rest_route=%2Fwp%2Fv2%2Fcomments&post=764"}],"version-history":[{"count":3,"href":"https:\/\/www.mensviventer.com\/index.php?rest_route=\/wp\/v2\/posts\/764\/revisions"}],"predecessor-version":[{"id":770,"href":"https:\/\/www.mensviventer.com\/index.php?rest_route=\/wp\/v2\/posts\/764\/revisions\/770"}],"wp:attachment":[{"href":"https:\/\/www.mensviventer.com\/index.php?rest_route=%2Fwp%2Fv2%2Fmedia&parent=764"}],"wp:term":[{"taxonomy":"category","embeddable":true,"href":"https:\/\/www.mensviventer.com\/index.php?rest_route=%2Fwp%2Fv2%2Fcategories&post=764"},{"taxonomy":"post_tag","embeddable":true,"href":"https:\/\/www.mensviventer.com\/index.php?rest_route=%2Fwp%2Fv2%2Ftags&post=764"}],"curies":[{"name":"wp","href":"https:\/\/api.w.org\/{rel}","templated":true}]}}