{"id":739,"date":"2015-06-10T21:37:02","date_gmt":"2015-06-10T19:37:02","guid":{"rendered":"http:\/\/www.mensviventer.com\/?p=739"},"modified":"2015-06-10T21:42:15","modified_gmt":"2015-06-10T19:42:16","slug":"kulturelt-folkemord-i-kristen-regi","status":"publish","type":"post","link":"https:\/\/www.mensviventer.com\/?p=739","title":{"rendered":"Kulturelt folkemord i kristen regi"},"content":{"rendered":"<p>&nbsp;<\/p>\n<p><span style=\"font-family: Times New Roman,serif;\"><span style=\"font-size: large;\"><i>Til slutt i denne rapporten skal vi informere om hvorfor vi har valgt \u00e5 ta denne triste historien med i MVV-nett. <\/i><\/span><\/span><\/p>\n<p><strong><span style=\"font-family: Times New Roman,serif;\"><span style=\"font-size: large;\">I Mens vi Venter redaksjonen har vi i flere \u00e5r fulgt med p\u00e5 temaet som er omtalt i denne artikkelen. Elin har lenge hatt liggende i sin datamaskin linker og rapporter om det vi skal beskrive i dette innlegget. Vi har ventet p\u00e5 at dokumentasjonen skulle bli mer synlig i offentlige media. Selv har vi v\u00e6rt overbeviste om sannhetsgehalten i alle de vitnesbyrdene som etter hvert ble publisert, men vi har valgt \u00e5 vente med \u00e5 skrive om saken.<\/span><\/span><\/strong><\/p>\n<div id=\"attachment_744\" style=\"width: 278px\" class=\"wp-caption alignleft\"><a href=\"http:\/\/www.mensviventer.com\/wordpress\/wp-content\/uploads\/2015\/06\/katolsk-skole.jpg\"><img aria-describedby=\"caption-attachment-744\" decoding=\"async\" loading=\"lazy\" class=\"size-medium wp-image-744 \" alt=\"katolsk skole\" src=\"http:\/\/www.mensviventer.com\/wordpress\/wp-content\/uploads\/2015\/06\/katolsk-skole-268x300.jpg\" width=\"268\" height=\"300\" srcset=\"https:\/\/www.mensviventer.com\/wordpress\/wp-content\/uploads\/2015\/06\/katolsk-skole-268x300.jpg 268w, https:\/\/www.mensviventer.com\/wordpress\/wp-content\/uploads\/2015\/06\/katolsk-skole.jpg 630w\" sizes=\"(max-width: 268px) 100vw, 268px\" \/><\/a><p id=\"caption-attachment-744\" class=\"wp-caption-text\">Denne katolske skolen var en av de som drev systematisk ondskap<\/p><\/div>\n<p><span style=\"font-family: Times New Roman,serif;\"><span style=\"font-size: large;\">For noen f\u00e5 dager siden, tirsdag den 9. juni, tok NRK \u00ab<\/span><\/span><span style=\"font-family: Times New Roman,serif;\"><span style=\"font-size: large;\"><i>bladet fra munnen<\/i><\/span><\/span><span style=\"font-family: Times New Roman,serif;\"><span style=\"font-size: large;\">\u00bb, og la ut p\u00e5 sine nettsider en artikkel de valgte \u00e5 kalle \u00ab<\/span><\/span><span style=\"font-family: Times New Roman,serif;\"><span style=\"font-size: large;\"><i>Et kulturelt folkemord<\/i><\/span><\/span><span style=\"font-family: Times New Roman,serif;\"><span style=\"font-size: large;\">\u00bb. Vi vet at NRK aldri ville omtale en slik sak p\u00e5 denne m\u00e5ten f\u00f8r de hadde hatt grundige konsultasjoner med sine juridiske eksperter, for \u00e5 hindre s\u00f8ksm\u00e5l. Derfor er vi sikre p\u00e5 at dokumentasjonen for denne historien er trygg \u00e5 dele med v\u00e5re lesere.<\/span><\/span><\/p>\n<p><span style=\"font-family: Times New Roman,serif;\"><span style=\"font-size: large;\">Det har \u00e5 gj\u00f8re med hvordan den Katolske kirke, den Anglikanske og den Presbyterianske kirke i Canada, i mange ti\u00e5r har mishandlet og misbrukt barn med indianer-bakgrunn. Det er snakk om ca. 130.000 barn og det er fra de mellom 70-80.000 som enn\u00e5 lever, at myndighetene har hentet et hav av vitnesbyrd og historier om det som fant sted.<\/span><\/span><\/p>\n<p><span style=\"font-family: Times New Roman,serif;\"><span style=\"font-size: large;\">Hadde det ikke v\u00e6rt bekjennende kristne som var sentrale akt\u00f8rer i det vi skal rapportere, ville vi ikke ha inkludert denne historien. Mange som ikke har villet tro p\u00e5 det som ble fortalt, har valgt \u00e5 kalle dem konspirasjonshistorier, for da kan man lettere slippe \u00e5 forholde seg til det som sies. Innholdet ble nesten for utrolig til \u00e5 kunne v\u00e6re sant. Det var nok mange konspirat\u00f8rer med i det vi skal nevne, men det dreier seg om konspirasjonssannheter. <\/span><\/span><\/p>\n<div id=\"attachment_741\" style=\"width: 248px\" class=\"wp-caption alignright\"><a href=\"http:\/\/www.mensviventer.com\/wordpress\/wp-content\/uploads\/2015\/06\/harriet-Nahanee-\u00f8yevitne-til-drapet-p\u00e5-Maisie-Shaw-1946.jpg\"><img aria-describedby=\"caption-attachment-741\" decoding=\"async\" loading=\"lazy\" class=\"size-medium wp-image-741 \" alt=\"harriet Nahanee \u00f8yevitne til drapet p\u00e5 Maisie Shaw 1946\" src=\"http:\/\/www.mensviventer.com\/wordpress\/wp-content\/uploads\/2015\/06\/harriet-Nahanee-\u00f8yevitne-til-drapet-p\u00e5-Maisie-Shaw-1946-238x300.jpg\" width=\"238\" height=\"300\" srcset=\"https:\/\/www.mensviventer.com\/wordpress\/wp-content\/uploads\/2015\/06\/harriet-Nahanee-\u00f8yevitne-til-drapet-p\u00e5-Maisie-Shaw-1946-238x300.jpg 238w, https:\/\/www.mensviventer.com\/wordpress\/wp-content\/uploads\/2015\/06\/harriet-Nahanee-\u00f8yevitne-til-drapet-p\u00e5-Maisie-Shaw-1946.jpg 350w\" sizes=\"(max-width: 238px) 100vw, 238px\" \/><\/a><p id=\"caption-attachment-741\" class=\"wp-caption-text\">En av de overlevende, Harriet Nahanee, som var \u00f8yevitne til drapet p\u00e5 Maisie Shaw i 1946<\/p><\/div>\n<p><span style=\"font-family: Times New Roman,serif;\"><span style=\"font-size: large;\">For 15 \u00e5r siden, i \u00e5r 2000, ventet over 10.000 rettssaker i det kanadiske rettssystemet. Sakens enorme dimensjoner har gjort at myndighetene, i samarbeid med de kirkesamfunnene som var involverte, har arbeidet for minnelige l\u00f8sninger. Begrunnelsen er at b\u00e5de kirkesamfunnene og den kanadiske stat ville g\u00e5tt dundrende konkurs om alle disse sakene ble tilkjent en erstatning som sto i forhold til overgrepene. Det er allerede i skrivende stund utbetalt nesten 12 milliarder norske kroner til dem som enn\u00e5 lever og som har v\u00e6rt ofre for overgrepene. Langt st\u00f8rre bel\u00f8p vil m\u00e5tte bli utbetalt i framtiden. <\/span><\/span><\/p>\n<p><span style=\"font-family: Times New Roman,serif;\"><span style=\"font-size: large;\">Indianerbarna ble med politi-hjelp og v\u00e5pen i h\u00e5nd, hentet (stj\u00e5let) fra sine hjem og foreldre. Hvis foreldrene fysisk motsatte seg kidnappingen, ble de stanset med vold. Barn helt ned til 5-\u00e5rs- alderen ble tatt.<\/span><\/span><\/p>\n<p><span style=\"font-family: Times New Roman,serif;\"><span style=\"font-size: large;\">Ideen bak dette prosjektet, som hadde myndighetenes godkjennelse, var at landets opprinnelige urinnbyggere (4% av befolkningen), var undermennesker (som j\u00f8dene ble definert \u00e5 v\u00e6re av naziregimet), og m\u00e5tte frar\u00f8ves sitt spr\u00e5k og sin kultur. I tillegg m\u00e5tte de bli tvangs-kristnet, siden de var \u00e5 regne som hedninger grunnet sin naturreligion. Institusjonenes oppgave var \u00e5 kutte barnas eget b\u00e5nd til b\u00e5de familien, kulturen og deres religion.<\/span><\/span><\/p>\n<div id=\"attachment_742\" style=\"width: 310px\" class=\"wp-caption alignright\"><a href=\"http:\/\/www.mensviventer.com\/wordpress\/wp-content\/uploads\/2015\/06\/s\u00f8ster-vindu-nonne.jpg\"><img aria-describedby=\"caption-attachment-742\" decoding=\"async\" loading=\"lazy\" class=\"size-medium wp-image-742 \" alt=\"s\u00f8ster vindu nonne\" src=\"http:\/\/www.mensviventer.com\/wordpress\/wp-content\/uploads\/2015\/06\/s\u00f8ster-vindu-nonne-300x279.jpg\" width=\"300\" height=\"279\" srcset=\"https:\/\/www.mensviventer.com\/wordpress\/wp-content\/uploads\/2015\/06\/s\u00f8ster-vindu-nonne-300x279.jpg 300w, https:\/\/www.mensviventer.com\/wordpress\/wp-content\/uploads\/2015\/06\/s\u00f8ster-vindu-nonne.jpg 344w\" sizes=\"(max-width: 300px) 100vw, 300px\" \/><\/a><p id=\"caption-attachment-742\" class=\"wp-caption-text\">Bill Seward var s\u00e5 sin egen s\u00f8ster bli kastet ut av vinduet fra 3 etasje, av en nonne. S\u00f8steren d\u00f8de.<\/p><\/div>\n<p><span style=\"font-family: Times New Roman,serif;\"><span style=\"font-size: large;\">Som mange av dem sa i etter tid: \u00ab<\/span><\/span><span style=\"font-family: Times New Roman,serif;\"><span style=\"font-size: large;\"><i>Vi ble sl\u00e5tt, mishandlet og voldtatt, men fikk ingen utdannelse<\/i><\/span><\/span><span style=\"font-family: Times New Roman,serif;\"><span style=\"font-size: large;\">\u00bb. Myndighetene solte seg i at institusjonene var skoler som ville utdanne barna til gode kristne borgere. For mange var det bare et galehus hvor de kjempet for \u00e5 overleve. Myndighetenes rapport viser til at disse barna hadde mindre sjanser for \u00e5 overleve enn hva kanadiske soldater hadde under andre verdenskrig. Som kan forventes, klarte noen av barna \u00e5 ta sitt eget liv. De orket ikke \u00e5 leve lenger.<\/span><\/span><\/p>\n<p><span style=\"font-family: Times New Roman,serif;\"><span style=\"font-size: large;\">Det er ogs\u00e5 detaljerte vitnesbyrd og vitner om at barn som ble f\u00f8dt i leirene, fordi prestene hadde voldtatt ten\u00e5ringsjentene, ble pakket i et laken og brent levende i fyrrommet. Lukten av det brente kj\u00f8ttet spredte seg i bygningen slik at alle visste n\u00e5r det skjedde.<\/span><\/span><\/p>\n<div id=\"attachment_743\" style=\"width: 310px\" class=\"wp-caption alignleft\"><a href=\"http:\/\/www.mensviventer.com\/wordpress\/wp-content\/uploads\/2015\/06\/\u00f8yevitne-til-drapet-p\u00e5-en-gutt-Albert-Gray-1938.jpg\"><img aria-describedby=\"caption-attachment-743\" decoding=\"async\" loading=\"lazy\" class=\"size-medium wp-image-743 \" alt=\"\u00f8yevitne til drapet p\u00e5 en gutt Albert Gray 1938\" src=\"http:\/\/www.mensviventer.com\/wordpress\/wp-content\/uploads\/2015\/06\/\u00f8yevitne-til-drapet-p\u00e5-en-gutt-Albert-Gray-1938-300x297.jpg\" width=\"300\" height=\"297\" srcset=\"https:\/\/www.mensviventer.com\/wordpress\/wp-content\/uploads\/2015\/06\/\u00f8yevitne-til-drapet-p\u00e5-en-gutt-Albert-Gray-1938-300x297.jpg 300w, https:\/\/www.mensviventer.com\/wordpress\/wp-content\/uploads\/2015\/06\/\u00f8yevitne-til-drapet-p\u00e5-en-gutt-Albert-Gray-1938-150x150.jpg 150w, https:\/\/www.mensviventer.com\/wordpress\/wp-content\/uploads\/2015\/06\/\u00f8yevitne-til-drapet-p\u00e5-en-gutt-Albert-Gray-1938.jpg 400w\" sizes=\"(max-width: 300px) 100vw, 300px\" \/><\/a><p id=\"caption-attachment-743\" class=\"wp-caption-text\">Dette \u00f8yevitnet s\u00e5 drapet p\u00e5 en gutt, Albert Gray, i 1938<\/p><\/div>\n<p><span style=\"font-family: Times New Roman,serif;\"><span style=\"font-size: large;\">Barna hadde forbud mot \u00e5 snakke sitt morsm\u00e5l og ble hardt straffet om de v\u00e5get \u00e5 si et eneste \u00ab<\/span><\/span><span style=\"font-family: Times New Roman,serif;\"><span style=\"font-size: large;\"><i>lokalt<\/i><\/span><\/span><span style=\"font-family: Times New Roman,serif;\"><span style=\"font-size: large;\">\u00bb ord til en av de andre barna. S\u00f8sken ble skilt og alle ble ogs\u00e5 fratatt sine navn og fikk et nummer som de skulle identifisere seg med og som de ble kalt. Mange av barna ble ogs\u00e5 kraftig underern\u00e6rte, og mange d\u00f8de av sykdommer som kunne v\u00e6rt forhindret med et vanlig kosthold. Nevnte rapport fra myndighetene forteller at de ansatte bevilget seg selv god og rikelig med mat, mens barna fikk et sv\u00e6rt d\u00e5rlig og mangelfullt kosthold.<\/span><\/span><\/p>\n<p><span style=\"font-family: Times New Roman,serif;\"><span style=\"font-size: large;\">I en av massegravene som er gravd opp i ettertid, ble det funnet rester etter 300 barn, og funnene viser at barna d\u00f8de b\u00e5de av fysisk mishandling og av sykdom. Barna som d\u00f8de ble lagt i umerkede graver. Foreldrene fikk et formelt skriv om at barnet deres hadde d\u00f8dd, men det var skrevet p\u00e5 engelsk og de fleste av urbefolkningen kunne ikke dette \u00ab<\/span><\/span><span style=\"font-family: Times New Roman,serif;\"><span style=\"font-size: large;\"><i>fremmede<\/i><\/span><\/span><span style=\"font-family: Times New Roman,serif;\"><span style=\"font-size: large;\">\u00bb spr\u00e5ket. Mange foreldre ventet derfor p\u00e5 sine barn n\u00e5r de var gamle nok til \u00e5 v\u00e6re ferdig med skolen, og visste ikke at de var d\u00f8de.<\/span><\/span><\/p>\n<p><span style=\"font-family: Times New Roman,serif;\"><span style=\"font-size: large;\">I over seks \u00e5r har en Sannhets- og forsoningskommisjon samlet inn flere enn 6.000 vitnesbyrd fra noen av de gjenlevende av de 154.000 barna som ble kidnappet.<\/span><\/span><\/p>\n<p><span style=\"font-family: Times New Roman,serif;\"><span style=\"font-size: large;\">N\u00e5r jeg ble voldtatt, gr\u00e5t og skrek jeg, forteller en av dem, men det hjalp ikke. Presten dyttet et t\u00f8rkle inn i munnen min og gjorde med meg det han ville. Andre forteller at prestene tvang dem ned p\u00e5 kn\u00e6rne med en pisk, dro opp kjortlene sine, og forlangte \u00e5 bli tilfredsstilt. Etterp\u00e5 kunne presten lede andakter og forrette under messen. <\/span><\/span><\/p>\n<p><span style=\"font-family: Times New Roman,serif;\"><span style=\"font-size: large;\">Da en kanadisk dommer la fram og offentliggjorde den rystende rapporten, valgte han \u00e5 benytte uttrykket \u00ab<\/span><\/span><span style=\"font-family: Times New Roman,serif;\"><span style=\"font-size: large;\"><i>kulturelt folkemord<\/i><\/span><\/span><span style=\"font-family: Times New Roman,serif;\"><span style=\"font-size: large;\">\u00bb, melder den kanadiske TV-stasjonen CBC. <\/span><\/span><\/p>\n<div id=\"attachment_740\" style=\"width: 310px\" class=\"wp-caption alignleft\"><a href=\"http:\/\/www.mensviventer.com\/wordpress\/wp-content\/uploads\/2015\/06\/annett.jpg\"><img aria-describedby=\"caption-attachment-740\" decoding=\"async\" loading=\"lazy\" class=\"size-medium wp-image-740 \" alt=\"annett\" src=\"http:\/\/www.mensviventer.com\/wordpress\/wp-content\/uploads\/2015\/06\/annett-300x202.jpg\" width=\"300\" height=\"202\" srcset=\"https:\/\/www.mensviventer.com\/wordpress\/wp-content\/uploads\/2015\/06\/annett-300x202.jpg 300w, https:\/\/www.mensviventer.com\/wordpress\/wp-content\/uploads\/2015\/06\/annett.jpg 620w\" sizes=\"(max-width: 300px) 100vw, 300px\" \/><\/a><p id=\"caption-attachment-740\" class=\"wp-caption-text\">Mannen til h\u00f8yre skal ha mye av \u00e6ren for at denne saken ikke har f\u00e5tt lov til \u00e5 g\u00e5 i glemmeboken. Kevin Annett, sekret\u00e6r for the International Tribunal into Crimes of Church and State (ITCCS), har kjempet for denne saken i over 20 \u00e5r og har mottatt mange angrep og trusler. Han d\u00f8de i 2005.<\/p><\/div>\n<p><span style=\"font-family: Times New Roman,serif;\"><span style=\"font-size: large;\">Den katolske kirke, som drev over 60% av institusjonene, valgte i mange \u00e5r ikke \u00e5 beklage behandlingen disse barna ble utsatt for eller prestenes og nonnenes atferd. P\u00e5 samme m\u00e5te som med overgrep utf\u00f8rt av katolske prester i andre land, ventet kirken med \u00e5 innr\u00f8mme noe til sakene var s\u00e5 synlige i media at de ikke lenger kunne benekte sannheten. <\/span><\/span><\/p>\n<p><span style=\"font-family: Times New Roman,serif;\"><span style=\"font-size: large;\">Landets statsminister gikk i 2008 (i seneste laget) ut med en 3.600 ord lang innr\u00f8mmelse og beklagelse. Han uttrykte sorg p\u00e5 vegne av myndighetene for den fysiske og emosjonelle smerten som var p\u00e5f\u00f8rt disse barna. Like etterp\u00e5 offentliggjorde ogs\u00e5 dav\u00e6rende pave en beklagelse p\u00e5 vegne av den katolske kirke. F\u00f8rst i 2009 f\u00f8lte den katolske kirke i Canada at den ogs\u00e5 m\u00e5tte komme p\u00e5 banen med en beklagelse.<\/span><\/span><\/p>\n<p><span style=\"font-family: Times New Roman,serif;\"><span style=\"font-size: large;\">Innen i \u00e5r (2015) er det samlet inn rapporter om 37.000 seksuelle overgrep blant de som enn\u00e5 lever.<\/span><\/span><\/p>\n<p><strong><span style=\"font-family: Times New Roman,serif;\"><span style=\"font-size: large;\">Hvorfor publiserer vi denne rapporten?<\/span><\/span><\/strong><\/p>\n<p><span style=\"font-family: Times New Roman,serif;\"><span style=\"font-size: large;\">Institusjonene som drev disse \u00ab<\/span><\/span><span style=\"font-family: Times New Roman,serif;\"><span style=\"font-size: large;\"><i>skolene<\/i><\/span><\/span><span style=\"font-family: Times New Roman,serif;\"><span style=\"font-size: large;\">\u00bb var kristne kirkesamfunn. \u00c5 v\u00e6re kristen og b\u00e6re kristennavnet, er knyttet til at man \u00f8nsker \u00e5 tro p\u00e5, f\u00f8lge og lyde Kristus. Hva v\u00e5r Frelser sto for og representerte, vet alle kristne. B\u00e5de prestene, nonnene og de andre ansatte p\u00e5 disse \u00ab<\/span><\/span><span style=\"font-family: Times New Roman,serif;\"><span style=\"font-size: large;\"><i>kristne<\/i><\/span><\/span><span style=\"font-family: Times New Roman,serif;\"><span style=\"font-size: large;\">\u00bb skolene, b\u00e5de de katolske og de protestantiske, hadde bibler. N\u00e5r de arrangerte sine andakter og \u00ab<\/span><\/span><span style=\"font-family: Times New Roman,serif;\"><span style=\"font-size: large;\"><i>messer<\/i><\/span><\/span><span style=\"font-family: Times New Roman,serif;\"><span style=\"font-size: large;\">\u00bb m\u00e5 det vel ha v\u00e6rt fra denne Bibelen de hentet det som ble sagt og delt.<\/span><\/span><\/p>\n<p><span style=\"font-family: Times New Roman,serif;\"><span style=\"font-size: large;\">Men s\u00e5 var det tydeligvis ikke slik likevel. Institusjonene ble i stedet en satans bolig hvor r\u00e5 djevelskap og synd ble utf\u00f8rt og praktisert p\u00e5 en slik m\u00e5te at mennesker ble \u00f8delagt.<\/span><\/span><\/p>\n<p><span style=\"font-family: Times New Roman,serif;\"><span style=\"font-size: large;\">Hva kan en naiv kristenhet l\u00e6re av det som skjedde? Vi kan l\u00e6re at: \u00ab<\/span><\/span><span style=\"font-family: Times New Roman,serif;\"><span style=\"font-size: large;\"><i>Ikke alle som sier Herre, Herre! skal komme inn i himlenes rike<\/i><\/span><\/span><span style=\"font-family: Times New Roman,serif;\"><span style=\"font-size: large;\">\u00bb. Til bekjennende kristne som velger med vitende og vilje \u00e5 gj\u00f8re urett og bryte Guds bud uten \u00e5 s\u00f8ke anger og endring ved Guds hjelp, sa ogs\u00e5 Jesu: \u00ab<\/span><\/span><span style=\"font-family: Times New Roman,serif;\"><span style=\"font-size: large;\"><i>Jeg har aldri kjent dere, g\u00e5 bort fra meg dere som gjorde urett<\/i><\/span><\/span><span style=\"font-family: Times New Roman,serif;\"><span style=\"font-size: large;\">\u00bb, (i grunnteksten st\u00e5r det \u00ab<\/span><\/span><span style=\"font-family: Times New Roman,serif;\"><span style=\"font-size: large;\"><i>dere som gjorde \u2018anomia\u2019<\/i><\/span><\/span><span style=\"font-family: Times New Roman,serif;\"><span style=\"font-size: large;\">\u00bb som betyr dere som trodde dere l\u00f8st fra \u00e5 holde min lov.) \u00ab<\/span><\/span><span style=\"font-family: Times New Roman,serif;\"><span style=\"font-size: large;\"><i>Nomos<\/i><\/span><\/span><span style=\"font-family: Times New Roman,serif;\"><span style=\"font-size: large;\">\u00bb betyr \u00ab<\/span><\/span><span style=\"font-family: Times New Roman,serif;\"><span style=\"font-size: large;\"><i>lov<\/i><\/span><\/span><span style=\"font-family: Times New Roman,serif;\"><span style=\"font-size: large;\">\u00bb p\u00e5 grunnteksten. \u00ab<\/span><\/span><span style=\"font-family: Times New Roman,serif;\"><span style=\"font-size: large;\"><i>Anomia<\/i><\/span><\/span><span style=\"font-family: Times New Roman,serif;\"><span style=\"font-size: large;\">\u00bb betyr \u00ab<\/span><\/span><span style=\"font-family: Times New Roman,serif;\"><span style=\"font-size: large;\"><i>lovl\u00f8s<\/i><\/span><\/span><span style=\"font-family: Times New Roman,serif;\"><span style=\"font-size: large;\">\u00bb eller l\u00f8st fra loven, Matt. 7:21-23.<\/span><\/span><\/p>\n<p><span style=\"font-family: Times New Roman,serif;\"><span style=\"font-size: large;\">\u00abP\u00e5 fruktene skal dere kjenne dem\u00bb, sa Jesus, Matt. 7:16. I verset f\u00f8r dette sier han: \u00ab<\/span><\/span><span style=\"font-family: Times New Roman,serif;\"><span style=\"font-size: large;\"><i>Vokt dere for de falske profeter. De kommer til dere i f\u00e5reham, men innvendig er de glupende ulver<\/i><\/span><\/span><span style=\"font-family: Times New Roman,serif;\"><span style=\"font-size: large;\">\u00bb, Matt. 7:15. En kristen bekjennelse er fullstendig verdil\u00f8s hvis bibelens karakterfrukter er frav\u00e6rende.<\/span><\/span><\/p>\n<p><span style=\"font-family: Times New Roman,serif;\"><span style=\"font-size: large;\">Han som er alle sanne kristnes forbilde sa ogs\u00e5: \u00ab<\/span><\/span><span style=\"font-family: Times New Roman,serif;\"><span style=\"font-size: large;\"><i>P\u00e5 fruktene skal dere kjenne dem. Sanker en vel druer av tornebusker eller fiken av tistler. Slik b\u00e6rer hvert godt tre god frukt, men et d\u00e5rlig tre b\u00e6rer d\u00e5rlig frukt<\/i><\/span><\/span><span style=\"font-family: Times New Roman,serif;\"><span style=\"font-size: large;\">\u00bb, vers.16.17. Videre leser vi: \u00ab<\/span><\/span><span style=\"font-family: Times New Roman,serif;\"><span style=\"font-size: large;\"><i>Hvert tre som ikke b\u00e6rer god frukt (karakterfrukt), blir hogd ned og kastet p\u00e5 ilden. Derfor skal dere kjenne dem p\u00e5 deres frukter<\/i><\/span><\/span><span style=\"font-family: Times New Roman,serif;\"><span style=\"font-size: large;\">\u00bb, vers 19.20.<\/span><\/span><\/p>\n<p><span style=\"font-family: Times New Roman,serif;\"><span style=\"font-size: large;\">Det var mange \u00ab<\/span><\/span><span style=\"font-family: Times New Roman,serif;\"><span style=\"font-size: large;\"><i>glupende ulver i f\u00e5reham<\/i><\/span><\/span><span style=\"font-family: Times New Roman,serif;\"><span style=\"font-size: large;\">\u00bb, mye \u00ab<\/span><\/span><span style=\"font-family: Times New Roman,serif;\"><span style=\"font-size: large;\"><i>d\u00e5rlig frukt<\/i><\/span><\/span><span style=\"font-family: Times New Roman,serif;\"><span style=\"font-size: large;\">\u00bb og \u00ab<\/span><\/span><span style=\"font-family: Times New Roman,serif;\"><span style=\"font-size: large;\"><i>mange tornebusker<\/i><\/span><\/span><span style=\"font-family: Times New Roman,serif;\"><span style=\"font-size: large;\">\u00bb til stede i de kirkesamfunnene som drev disse skolene i Canada. Hva slags forkynnelse hadde disse \u00ab<\/span><\/span><span style=\"font-family: Times New Roman,serif;\"><span style=\"font-size: large;\"><i>kristne<\/i><\/span><\/span><span style=\"font-family: Times New Roman,serif;\"><span style=\"font-size: large;\">\u00bb menneskene ogs\u00e5 prestene og nonnene, lyttet til eller lest, siden de kunne g\u00e5 med foldede hender, ha p\u00e5 seg religi\u00f8se kledninger og ta del i \u00ab<\/span><\/span><span style=\"font-family: Times New Roman,serif;\"><span style=\"font-size: large;\"><i>kristne<\/i><\/span><\/span><span style=\"font-family: Times New Roman,serif;\"><span style=\"font-size: large;\">\u00bb aktiviteter, men v\u00e6re blottet for den hellige \u00c5nds frukter i sine liv?<\/span><\/span><\/p>\n<p><span style=\"font-family: Times New Roman,serif;\"><span style=\"font-size: large;\">Hva slags teologi (l\u00e6ren en Gud) var de eksponert til i sine katekismer og m\u00f8ter for \u00e5 kunne bli \u00ab<\/span><\/span><span style=\"font-family: Times New Roman,serif;\"><span style=\"font-size: large;\"><i>troende<\/i><\/span><\/span><span style=\"font-family: Times New Roman,serif;\"><span style=\"font-size: large;\">\u00bb hvor tro og liv var fullstendig atskilt? <\/span><\/span><\/p>\n<p><span style=\"font-family: Times New Roman,serif;\"><span style=\"font-size: large;\">Kan vi l\u00e6re noe av det som skjedde i Canada? Har vi egentlig lov til \u00e5 v\u00e6re naive og godtroende i m\u00f8te med fin bekjennelse sammen med et liv i aktiv synd og ulydighet mot Guds vilje og hellige lov?<\/span><\/span><\/p>\n<p><a name=\"_GoBack\"><\/a> <span style=\"font-family: Times New Roman,serif;\"><span style=\"font-size: large;\">Synd ble til fordi Guds lov ble brutt, b\u00e5de av Lucifer i himmelen og av Eva og Adam i Edens hage. \u00ab<\/span><\/span><span style=\"font-family: Times New Roman,serif;\"><span style=\"font-size: large;\"><i>Synd er lovbrydd<\/i><\/span><\/span><span style=\"font-family: Times New Roman,serif;\"><span style=\"font-size: large;\">\u00bb. 1. Joh. 3:4. Frelse fra synd m\u00e5 inkludere mottakelsen av en guddommelig kraft til igjen \u00e5 kunne bli lydig mot Guds lov. Frelse fra syndens ulydighet betyr frelse fra ulydighet til lydighet. <\/span><\/span><\/p>\n<p>John Berglund<\/p>\n","protected":false},"excerpt":{"rendered":"<p>&nbsp; Til slutt i denne rapporten skal vi informere om hvorfor vi har valgt \u00e5 ta denne triste historien med i MVV-nett. I Mens vi Venter redaksjonen har vi i flere \u00e5r fulgt med p\u00e5 temaet som er omtalt i denne artikkelen. Elin har lenge hatt liggende i sin datamaskin linker og rapporter om det [&hellip;]<\/p>\n","protected":false},"author":1,"featured_media":0,"comment_status":"open","ping_status":"open","sticky":false,"template":"","format":"standard","meta":[],"categories":[2],"tags":[250,251,252,206,256,254,255,94,253],"_links":{"self":[{"href":"https:\/\/www.mensviventer.com\/index.php?rest_route=\/wp\/v2\/posts\/739"}],"collection":[{"href":"https:\/\/www.mensviventer.com\/index.php?rest_route=\/wp\/v2\/posts"}],"about":[{"href":"https:\/\/www.mensviventer.com\/index.php?rest_route=\/wp\/v2\/types\/post"}],"author":[{"embeddable":true,"href":"https:\/\/www.mensviventer.com\/index.php?rest_route=\/wp\/v2\/users\/1"}],"replies":[{"embeddable":true,"href":"https:\/\/www.mensviventer.com\/index.php?rest_route=%2Fwp%2Fv2%2Fcomments&post=739"}],"version-history":[{"count":2,"href":"https:\/\/www.mensviventer.com\/index.php?rest_route=\/wp\/v2\/posts\/739\/revisions"}],"predecessor-version":[{"id":747,"href":"https:\/\/www.mensviventer.com\/index.php?rest_route=\/wp\/v2\/posts\/739\/revisions\/747"}],"wp:attachment":[{"href":"https:\/\/www.mensviventer.com\/index.php?rest_route=%2Fwp%2Fv2%2Fmedia&parent=739"}],"wp:term":[{"taxonomy":"category","embeddable":true,"href":"https:\/\/www.mensviventer.com\/index.php?rest_route=%2Fwp%2Fv2%2Fcategories&post=739"},{"taxonomy":"post_tag","embeddable":true,"href":"https:\/\/www.mensviventer.com\/index.php?rest_route=%2Fwp%2Fv2%2Ftags&post=739"}],"curies":[{"name":"wp","href":"https:\/\/api.w.org\/{rel}","templated":true}]}}