{"id":734,"date":"2015-06-09T22:48:14","date_gmt":"2015-06-09T20:48:14","guid":{"rendered":"http:\/\/www.mensviventer.com\/?p=734"},"modified":"2015-06-09T22:48:14","modified_gmt":"2015-06-09T20:48:14","slug":"paven-annonserer-tiltak-for-enhet","status":"publish","type":"post","link":"https:\/\/www.mensviventer.com\/?p=734","title":{"rendered":"Paven annonserer tiltak for enhet"},"content":{"rendered":"<p>&nbsp;<\/p>\n<p><span style=\"font-family: Times New Roman,serif;\"><span style=\"font-size: large;\">Den 5. mai m\u00f8tte pave Francis lederen for den lutherske kirken i Sverige, biskop Antje Jackelen og hennes delegasjon. Det m\u00e5 ha v\u00e6rt litt spesielt for paven \u00e5 samtale med en kvinnelig biskop, det er neppe noen av dem i hans eget kirkesamfunn. <\/span><\/span><\/p>\n<p><span style=\"font-family: Times New Roman,serif;\"><span style=\"font-size: large;\">Paven valgte \u00e5 holde en litt formell tale til gruppa, i tillegg til personlige samtaler, og Vatikanets nyhetsformidling (CNA-Catholic News Agency) har publisert pavens innlegg. Han la vekt p\u00e5 at protestanter ikke burde v\u00e6re redde for \u00e5 forholde seg \u00e5pent og direkte til de teologiske temaene hvor katolikker og protestanter ikke er enige. Vi kan ikke fortsette, var hans budskap, \u00e5 unng\u00e5 \u00e5 snakke om de store og viktige \u00f8kumeniske utfordringene.<\/span><\/span><\/p>\n<p><span style=\"font-family: Times New Roman,serif;\"><span style=\"font-size: large;\"><a href=\"http:\/\/www.mensviventer.com\/wordpress\/wp-content\/uploads\/2015\/06\/antje-og-paven.jpg\"><img decoding=\"async\" loading=\"lazy\" class=\"size-medium wp-image-735 alignleft\" alt=\"antje og paven\" src=\"http:\/\/www.mensviventer.com\/wordpress\/wp-content\/uploads\/2015\/06\/antje-og-paven-300x154.jpg\" width=\"300\" height=\"154\" srcset=\"https:\/\/www.mensviventer.com\/wordpress\/wp-content\/uploads\/2015\/06\/antje-og-paven-300x154.jpg 300w, https:\/\/www.mensviventer.com\/wordpress\/wp-content\/uploads\/2015\/06\/antje-og-paven.jpg 438w\" sizes=\"(max-width: 300px) 100vw, 300px\" \/><\/a>Han hevdet at den katolske kirke n\u00e5 ogs\u00e5 ber sine egne medlemmer om \u00e5 samtale fritt og \u00e6rlig med hverandre og alle, om de temaene som enn\u00e5 skaper et skille innen kristenheten. Denne \u00e5penheten mente han, ville gj\u00f8re at viktige temaer ikke ble gjort mystiske og vanskelige.<\/span><\/span><\/p>\n<p><span style=\"font-family: Times New Roman,serif;\"><span style=\"font-size: large;\">Vi kan ikke lenger v\u00e6re tause om det som skiller oss, hevdet han, og henviste til Vatican II uttalelser om den \u00f8kumeniske prosessen kirken kaller \u00ab<\/span><\/span><span style=\"font-family: Times New Roman,serif;\"><span style=\"font-size: large;\"><i>Unitatis Redintegratio<\/i><\/span><\/span><span style=\"font-family: Times New Roman,serif;\"><span style=\"font-size: large;\">\u00bb. Vi m\u00e5 ikke fortsette \u00e5 normalisere denne splittelsen, var hans appell, siden den er imot Kristi m\u00e5l med menigheten og det er en skandale at kallet om \u00e5 bringe evangeliet til alle blir \u00f8delagt av denne splittelsen.<\/span><\/span><\/p>\n<p><span style=\"font-family: Times New Roman,serif;\"><span style=\"font-size: large;\">Paven advarte mot \u00e5 ignorere eller overse at den \u00f8kumeniske sammensl\u00e5ingen av alle troende er en evangelisk n\u00f8dvendighet. <\/span><\/span><\/p>\n<p><span style=\"font-family: Times New Roman,serif;\"><span style=\"font-size: large;\">Han poengterte ogs\u00e5 at det enn\u00e5 er et stykke vei \u00e5 g\u00e5 f\u00f8r vi kan se en synlig trosenhet mellom katolikker og protestanter, men han erkl\u00e6rte at m\u00e5let med sikkerhet vil bli n\u00e5dd gjennom den n\u00e5v\u00e6rende \u00f8kumeniske dialogen. <\/span><\/span><\/p>\n<p><span style=\"font-family: Times New Roman,serif;\"><span style=\"font-size: large;\">Paven r\u00f8pet ogs\u00e5 at det i 2017 vil bli arrangert en ny \u00ab<\/span><\/span><span style=\"font-family: Times New Roman,serif;\"><span style=\"font-size: large;\"><i>feiring av reformasjonen<\/i><\/span><\/span><span style=\"font-family: Times New Roman,serif;\"><span style=\"font-size: large;\">\u00bb sammen med publiseringen av et fellesdokument som skal hete: \u00ab<\/span><\/span><span style=\"font-family: Times New Roman,serif;\"><span style=\"font-size: large;\"><i>From Conflict to Communion<\/i><\/span><\/span><span style=\"font-family: Times New Roman,serif;\"><span style=\"font-size: large;\">\u00bb. Dette vil bli arrangert av den luthersk-katolske kommisjonen for enhet. Vi kan merke oss at ordet <\/span><\/span><span style=\"font-family: Times New Roman,serif;\"><span style=\"font-size: large;\"><i>Communion<\/i><\/span><\/span><span style=\"font-family: Times New Roman,serif;\"><span style=\"font-size: large;\">, litt avhengig av sammenhengen det brukes i, kan bety b\u00e5de <\/span><\/span><span style=\"font-family: Times New Roman,serif;\"><span style=\"font-size: large;\"><i>nattverd, messeoffer,<\/i><\/span><\/span><span style=\"font-family: Times New Roman,serif;\"><span style=\"font-size: large;\"><i>sammensl\u00e5ing og enhet<\/i><\/span><\/span><span style=\"font-family: Times New Roman,serif;\"><span style=\"font-size: large;\">.<\/span><\/span><\/p>\n<p><span style=\"font-family: Times New Roman,serif;\"><span style=\"font-size: large;\">Paven uttrykte et h\u00e5p om at dette fellestiltaket ville oppmuntre til at de gjenv\u00e6rende problematiske sp\u00f8rsm\u00e5l som enn\u00e5 er til hinder for full enhet vil bli l\u00f8st. <\/span><\/span><\/p>\n<p><strong><span style=\"font-family: Times New Roman,serif;\"><span style=\"font-size: large;\">MVV kommenterer.<\/span><\/span><\/strong><\/p>\n<p><span style=\"font-family: Times New Roman,serif;\"><span style=\"font-size: large;\">Det var bibeltro kristnes oppgj\u00f8r med den katolske kirkes hedenske l\u00e6re, som var opphavet til reformasjonen. Ingen av pavekirkens u-bibelske dogmer er avsannet eller endret av denne kirkemakten. Hvis dagens protestantisme slutter \u00e5 protestere og begynner \u00e5 enes med pavekirken, representerer det en forkastelse av Bibelens frelsesbudskap.<\/span><\/span><\/p>\n<p><span style=\"font-family: Times New Roman,serif;\"><span style=\"font-size: large;\">Reformatorenes opposisjon mot salg av frelse gjennom avlat, helgendyrkelse, tilbedelse av Jesu mor, messeofferet, drapene p\u00e5 titusener av annerledes troende gjennom inkvisisjonen og erkl\u00e6ringen om at paven er Jesu Kristi vikar p\u00e5 jorden, er like aktuell n\u00e5 som da. <\/span><\/span><\/p>\n<p><span style=\"font-family: Times New Roman,serif;\"><span style=\"font-size: large;\">Bibelens profetier i Johannes \u00c5penbaring kapittel 13, forteller at f\u00f8r Jesus kommer igjen, skal dette kirkesystemet klare \u00e5 gj\u00f8re nettopp det som pave Francis \u00f8nsker, nemlig \u00e5 forene de fleste kristne bevegelser under sitt ideologiske banner. Alle som da \u00f8nsker \u00e5 v\u00e6re trofaste mot Guds ord og derfor nekter \u00e5 akseptere pavens overh\u00f8yhet, trosdiktatur og selvvalgte \u00e5ndelige myndighet, vil igjen bli forfulgt. <\/span><\/span><\/p>\n<p><span style=\"font-family: Times New Roman,serif;\"><span style=\"font-size: large;\">Vi advarer mot den \u00f8kumeniske prosessen, og ser p\u00e5 den som en forf\u00f8relse som lurer mange kristne til \u00e5 sette tradisjoner og menneskers meninger foran et \u00abs\u00e5 sier Herren.\u00bb <\/span><\/span><\/p>\n<p>&nbsp;<\/p>\n","protected":false},"excerpt":{"rendered":"<p>&nbsp; Den 5. mai m\u00f8tte pave Francis lederen for den lutherske kirken i Sverige, biskop Antje Jackelen og hennes delegasjon. Det m\u00e5 ha v\u00e6rt litt spesielt for paven \u00e5 samtale med en kvinnelig biskop, det er neppe noen av dem i hans eget kirkesamfunn. Paven valgte \u00e5 holde en litt formell tale til gruppa, i [&hellip;]<\/p>\n","protected":false},"author":1,"featured_media":0,"comment_status":"open","ping_status":"open","sticky":false,"template":"","format":"standard","meta":[],"categories":[2],"tags":[],"_links":{"self":[{"href":"https:\/\/www.mensviventer.com\/index.php?rest_route=\/wp\/v2\/posts\/734"}],"collection":[{"href":"https:\/\/www.mensviventer.com\/index.php?rest_route=\/wp\/v2\/posts"}],"about":[{"href":"https:\/\/www.mensviventer.com\/index.php?rest_route=\/wp\/v2\/types\/post"}],"author":[{"embeddable":true,"href":"https:\/\/www.mensviventer.com\/index.php?rest_route=\/wp\/v2\/users\/1"}],"replies":[{"embeddable":true,"href":"https:\/\/www.mensviventer.com\/index.php?rest_route=%2Fwp%2Fv2%2Fcomments&post=734"}],"version-history":[{"count":1,"href":"https:\/\/www.mensviventer.com\/index.php?rest_route=\/wp\/v2\/posts\/734\/revisions"}],"predecessor-version":[{"id":737,"href":"https:\/\/www.mensviventer.com\/index.php?rest_route=\/wp\/v2\/posts\/734\/revisions\/737"}],"wp:attachment":[{"href":"https:\/\/www.mensviventer.com\/index.php?rest_route=%2Fwp%2Fv2%2Fmedia&parent=734"}],"wp:term":[{"taxonomy":"category","embeddable":true,"href":"https:\/\/www.mensviventer.com\/index.php?rest_route=%2Fwp%2Fv2%2Fcategories&post=734"},{"taxonomy":"post_tag","embeddable":true,"href":"https:\/\/www.mensviventer.com\/index.php?rest_route=%2Fwp%2Fv2%2Ftags&post=734"}],"curies":[{"name":"wp","href":"https:\/\/api.w.org\/{rel}","templated":true}]}}