{"id":676,"date":"2015-03-29T23:49:55","date_gmt":"2015-03-29T21:49:55","guid":{"rendered":"http:\/\/www.mensviventer.com\/?p=676"},"modified":"2015-03-29T23:49:55","modified_gmt":"2015-03-29T21:49:55","slug":"wonderful-news-international-harika-haber-nyhetsbrev-mars-2015","status":"publish","type":"post","link":"https:\/\/www.mensviventer.com\/?p=676","title":{"rendered":"Wonderful News International Harika Haber    Nyhetsbrev mars 2015"},"content":{"rendered":"<p lang=\"en-US\" align=\"center\"><span style=\"color: #800000;\"><span style=\"font-family: Verdana,serif;\"><span style=\"font-size: large;\"><b>H\u00f8ydepunkt p\u00e5 bes\u00f8k i Istanbul<\/b><\/span><\/span><\/span><\/p>\n<p lang=\"en-US\" align=\"center\"><span style=\"font-family: Verdana,serif;\"><span style=\"font-size: small;\">Asif G\u00f6kaslan og Stephen Dickie bes\u00f8kte igjen redakt\u00f8ren for en stor avis i Tyrkia. M\u00f8tet var sv\u00e6rt positivt. Asif oversetter n\u00e5 til tyrkisk flere artikler som Stephen D har skrevet for avisens lesere. Disse vil bli trykket fortl\u00f8pende. Ellers var det fint \u00e5 treffe igjen v\u00e5r menighet med medlemmer med muslimsk bakgrunn i Istanbul. De har mistet stedet hvor de pleide \u00e5 samles og m\u00f8tes derfor i hjemmene ulike steder. Vi gj\u00f8r oppmerksom p\u00e5 at det ikke er tyrkiske myndigheter som har tatt fra dem m\u00f8telokalene.<\/span><\/span><\/p>\n<p lang=\"en-US\" align=\"center\"><span style=\"color: #800000;\"><span style=\"font-family: Verdana,serif;\"><span style=\"font-size: large;\"><b>H\u00f8ydepunkt p\u00e5 bes\u00f8k i Antakya<\/b><\/span><\/span><\/span><\/p>\n<p lang=\"en-US\" align=\"center\"><span style=\"font-family: Verdana,serif;\"><span style=\"font-size: small;\">Asif var p\u00e5 bes\u00f8k hos en spesiell mann p\u00e5 sitt bes\u00f8k i landsbyen utenfor Antakya (Bibelens Antiokia). Denne mannen var sv\u00e6rt deprimert. To av hans d\u00f8tre sitter i fengsel med lange fengselstraffer for drap. En av d\u00f8trene har en s\u00f8nn p\u00e5 5 \u00e5r som n\u00e5 vokser opp i hans hjem. Asif delte med han bibelens budskap om tilgivelse og frelse, selv for drap. Han fortalte om Moses og David og om Jesu frelsende gave. Mannen ble sv\u00e6rt glad og \u00f8nsker at Asif kommer igjen og forteller mer.<\/span><\/span><\/p>\n<p lang=\"en-US\" align=\"center\"><span style=\"color: #7e0021;\"><span style=\"font-family: Verdana,serif;\"><span style=\"font-size: large;\"><b>Filippinene i februar.<\/b><\/span><\/span><\/span><\/p>\n<p lang=\"en-US\" align=\"center\"><span style=\"font-family: Verdana,serif;\"><span style=\"font-size: small;\"><b>Denne gangen ble det flere turer til ulike steder og inkluderte seminarer med muslimer og seminarer med adventister. Her er en liten billedkavalkade over bes\u00f8ket.<\/b><\/span><\/span><\/p>\n<p lang=\"en-US\" align=\"center\"><em>\u00a0<span style=\"font-family: Verdana,serif;\"><span style=\"font-size: large;\"><b><span style=\"color: #7e0021;\">Seminarer med muslimer:<\/span><\/b><\/span><\/span><\/em><\/p>\n<div id=\"attachment_677\" style=\"width: 310px\" class=\"wp-caption alignleft\"><a href=\"http:\/\/www.mensviventer.com\/wordpress\/wp-content\/uploads\/2015\/03\/kapatagan-semninar-muslims.jpg\"><img aria-describedby=\"caption-attachment-677\" decoding=\"async\" loading=\"lazy\" class=\"size-medium wp-image-677 \" alt=\"kapatagan semninar muslims\" src=\"http:\/\/www.mensviventer.com\/wordpress\/wp-content\/uploads\/2015\/03\/kapatagan-semninar-muslims-300x168.jpg\" width=\"300\" height=\"168\" srcset=\"https:\/\/www.mensviventer.com\/wordpress\/wp-content\/uploads\/2015\/03\/kapatagan-semninar-muslims-300x168.jpg 300w, https:\/\/www.mensviventer.com\/wordpress\/wp-content\/uploads\/2015\/03\/kapatagan-semninar-muslims.jpg 960w\" sizes=\"(max-width: 300px) 100vw, 300px\" \/><\/a><p id=\"caption-attachment-677\" class=\"wp-caption-text\">Asif sammen med 4 muslimske damer som deltok p\u00e5 et av seminarene for muslimer.<\/p><\/div>\n<div id=\"attachment_678\" style=\"width: 310px\" class=\"wp-caption alignright\"><a href=\"http:\/\/www.mensviventer.com\/wordpress\/wp-content\/uploads\/2015\/03\/stephen-+-muslim-girls.jpg\"><img aria-describedby=\"caption-attachment-678\" decoding=\"async\" loading=\"lazy\" class=\"size-medium wp-image-678 \" alt=\"stephen + muslim girls\" src=\"http:\/\/www.mensviventer.com\/wordpress\/wp-content\/uploads\/2015\/03\/stephen-+-muslim-girls-300x225.jpg\" width=\"300\" height=\"225\" srcset=\"https:\/\/www.mensviventer.com\/wordpress\/wp-content\/uploads\/2015\/03\/stephen-+-muslim-girls-300x225.jpg 300w, https:\/\/www.mensviventer.com\/wordpress\/wp-content\/uploads\/2015\/03\/stephen-+-muslim-girls.jpg 960w\" sizes=\"(max-width: 300px) 100vw, 300px\" \/><\/a><p id=\"caption-attachment-678\" class=\"wp-caption-text\">Stephen Dickie p\u00e5 seminar med muslimer<\/p><\/div>\n<p align=\"center\"><span style=\"font-size: medium;\">Bildet under er fra et av to seminarer for muslimer p\u00e5 Borneo halv\u00f8ya. Mange av deltakerne f\u00f8rste dag kom ikke da forskjellige klaner tilsynelatende startet en feide. Det var en liten skuffelse, men s\u00e5 ringte den provinsielle regjerings lederen for \u00e5 fortelle oss at han var \u00e5 bringe tre biler med masse folk og spurte om vi plass, det passet jo fint. Vi hadde femti nye bibler og vi delte ut og mange hadde aldri hatt en Koran og vi delte ut av dem ogs\u00e5. De muslimske deltakerne tok lengst tid \u00e5 forlate oss da vi var ferdige. De ville snakke og tok bilder en hel time etterp\u00e5. .<\/span><\/p>\n<div id=\"attachment_679\" style=\"width: 310px\" class=\"wp-caption alignleft\"><a href=\"http:\/\/www.mensviventer.com\/wordpress\/wp-content\/uploads\/2015\/03\/mann-som-ikke-ville-ta-i-en-bibel.jpg\"><img aria-describedby=\"caption-attachment-679\" decoding=\"async\" loading=\"lazy\" class=\"size-medium wp-image-679 \" alt=\"mann som ikke ville ta i en bibel\" src=\"http:\/\/www.mensviventer.com\/wordpress\/wp-content\/uploads\/2015\/03\/mann-som-ikke-ville-ta-i-en-bibel-300x168.jpg\" width=\"300\" height=\"168\" srcset=\"https:\/\/www.mensviventer.com\/wordpress\/wp-content\/uploads\/2015\/03\/mann-som-ikke-ville-ta-i-en-bibel-300x168.jpg 300w, https:\/\/www.mensviventer.com\/wordpress\/wp-content\/uploads\/2015\/03\/mann-som-ikke-ville-ta-i-en-bibel.jpg 960w\" sizes=\"(max-width: 300px) 100vw, 300px\" \/><\/a><p id=\"caption-attachment-679\" class=\"wp-caption-text\">Damen med r\u00f8dt skjerf er niesen til en adventist (til venstre) og gift med en muslim (p\u00e5 hennes h\u00f8yre side). Hennes mann har tidligere v\u00e6rt veldig i mot Bibelen. Han ville ikke engang ta i en. Etter seminaret som Asif og Stephen holdt her, ville han gjerne ha en bibel. Det fikk han. Det er den han st\u00e5r med i h\u00e5nden.<\/p><\/div>\n<div id=\"attachment_681\" style=\"width: 178px\" class=\"wp-caption alignright\"><a href=\"http:\/\/www.mensviventer.com\/wordpress\/wp-content\/uploads\/2015\/03\/medlem-i-det-lolake-statsstyret-+-hans-kone.jpg\"><img aria-describedby=\"caption-attachment-681\" decoding=\"async\" loading=\"lazy\" class=\"size-medium wp-image-681 \" alt=\"Asif sammen med en representant for det lokale folkevalgte regionsstyret og hans kone.\" src=\"http:\/\/www.mensviventer.com\/wordpress\/wp-content\/uploads\/2015\/03\/medlem-i-det-lolake-statsstyret-+-hans-kone-168x300.jpg\" width=\"168\" height=\"300\" srcset=\"https:\/\/www.mensviventer.com\/wordpress\/wp-content\/uploads\/2015\/03\/medlem-i-det-lolake-statsstyret-+-hans-kone-168x300.jpg 168w, https:\/\/www.mensviventer.com\/wordpress\/wp-content\/uploads\/2015\/03\/medlem-i-det-lolake-statsstyret-+-hans-kone.jpg 540w\" sizes=\"(max-width: 168px) 100vw, 168px\" \/><\/a><p id=\"caption-attachment-681\" class=\"wp-caption-text\">Asif sammen med en representant for det lokale folkevalgte regionsstyret og hans kone.<\/p><\/div>\n<p lang=\"en-US\" style=\"text-align: center;\" align=\"center\"><a href=\"http:\/\/www.mensviventer.com\/wordpress\/wp-content\/uploads\/2015\/03\/muslim-semniar.jpg\"><img decoding=\"async\" loading=\"lazy\" class=\"wp-image-680 aligncenter\" alt=\"muslim semniar\" src=\"http:\/\/www.mensviventer.com\/wordpress\/wp-content\/uploads\/2015\/03\/muslim-semniar-300x168.jpg\" width=\"351\" height=\"196\" srcset=\"https:\/\/www.mensviventer.com\/wordpress\/wp-content\/uploads\/2015\/03\/muslim-semniar-300x168.jpg 300w, https:\/\/www.mensviventer.com\/wordpress\/wp-content\/uploads\/2015\/03\/muslim-semniar.jpg 960w\" sizes=\"(max-width: 351px) 100vw, 351px\" \/><\/a><\/p>\n<p lang=\"en-US\" style=\"text-align: center;\" align=\"center\">\n<div id=\"attachment_683\" style=\"width: 310px\" class=\"wp-caption aligncenter\"><a href=\"http:\/\/www.mensviventer.com\/wordpress\/wp-content\/uploads\/2015\/03\/with-muslims-and-the-Quran.jpg\"><img aria-describedby=\"caption-attachment-683\" decoding=\"async\" loading=\"lazy\" class=\"size-medium wp-image-683\" alt=\"with muslims and the Quran\" src=\"http:\/\/www.mensviventer.com\/wordpress\/wp-content\/uploads\/2015\/03\/with-muslims-and-the-Quran-300x225.jpg\" width=\"300\" height=\"225\" srcset=\"https:\/\/www.mensviventer.com\/wordpress\/wp-content\/uploads\/2015\/03\/with-muslims-and-the-Quran-300x225.jpg 300w, https:\/\/www.mensviventer.com\/wordpress\/wp-content\/uploads\/2015\/03\/with-muslims-and-the-Quran.jpg 960w\" sizes=\"(max-width: 300px) 100vw, 300px\" \/><\/a><p id=\"caption-attachment-683\" class=\"wp-caption-text\">Koranen er en viktig bok for muslimer. Mange viktige sitater fra boka kan lede til Guds ord og frelse. .<\/p><\/div>\n<p lang=\"en-US\" align=\"center\"><span style=\"font-family: Verdana,serif;\"><span style=\"font-size: small;\"><b>Videre planer i Harika Haber.<\/b><\/span><\/span><\/p>\n<p lang=\"en-US\" align=\"left\"><span style=\"font-family: Verdana,serif;\"><span style=\"font-size: small;\">Asif er i gang med oversettelsesarbeid for avisen i Tyrkia. Her vil adventbudskapet bli forkynt kanskje for f\u00f8rste gang I offisielle organer. Takk Gud for en slik stor anledning! <\/span><\/span><\/p>\n<p lang=\"en-US\" align=\"left\"><span style=\"font-family: Verdana,serif;\"><span style=\"font-size: small;\">Asif sluttf\u00f8rer arbeidet med boka si rettet mot b\u00e5de muslimer og adventister. <\/span><\/span><\/p>\n<p lang=\"en-US\" align=\"left\"><span style=\"font-family: Verdana,serif;\"><span style=\"font-size: small;\">Internettsiden <a href=\"http:\/\/www.harikahaber.org\/\">www.harikahaber.org<\/a> m\u00e5 stadig \u201cmates\u201d med nytt stoff. Nye reiser er ikke planlagt, men skulle det komme noen vil det komme nye rapporter om dette. Vi vil ogs\u00e5 fortsatt st\u00f8tte menigheten i Istanbul med det de skulle trenge tillegg til de faste bel\u00f8p de f\u00e5r tilsendt hvert kvartal. Husk arbeidet blant muslimer i b\u00f8nn og takk for alle gaver som sendes til v\u00e5re kontoer.<\/span><\/span><\/p>\n<p lang=\"en-US\" align=\"left\">\n<p lang=\"en-US\" align=\"left\"><span style=\"font-family: Verdana,serif;\"><span style=\"font-size: small;\"><b>\u00c5rsrapport og \u00e5rsregnskap for 2014 vil bli sendt snart til alle givere og st\u00f8ttespillere!<\/b><\/span><\/span><\/p>\n<div id=\"attachment_686\" style=\"width: 310px\" class=\"wp-caption alignright\"><a href=\"http:\/\/www.mensviventer.com\/wordpress\/wp-content\/uploads\/2015\/03\/first-sabbat-in-kapagan.jpg\"><img aria-describedby=\"caption-attachment-686\" decoding=\"async\" loading=\"lazy\" class=\"size-medium wp-image-686\" alt=\"Fra den f\u00f8rste sabbaten i Kapagan\" src=\"http:\/\/www.mensviventer.com\/wordpress\/wp-content\/uploads\/2015\/03\/first-sabbat-in-kapagan-300x225.jpg\" width=\"300\" height=\"225\" srcset=\"https:\/\/www.mensviventer.com\/wordpress\/wp-content\/uploads\/2015\/03\/first-sabbat-in-kapagan-300x225.jpg 300w, https:\/\/www.mensviventer.com\/wordpress\/wp-content\/uploads\/2015\/03\/first-sabbat-in-kapagan.jpg 800w\" sizes=\"(max-width: 300px) 100vw, 300px\" \/><\/a><p id=\"caption-attachment-686\" class=\"wp-caption-text\">Fra den f\u00f8rste sabbaten i Kapagan<\/p><\/div>\n<p lang=\"en-US\" align=\"left\">\n<p align=\"left\">Medlemsavgift pr. \u00e5r : Kr. 500,-<\/p>\n<p align=\"left\">Konto: Harika Haber WNI<\/p>\n<p align=\"left\"><b>1503 29 36137<\/b><\/p>\n<p lang=\"en-US\" align=\"left\"><span style=\"font-family: Verdana,serif;\"><span style=\"font-size: small;\">\u00d8vrige Gaver Kan Sendes P\u00e5 Konto: Harika Haber WNI <b> <\/b><\/span><\/span><\/p>\n<p lang=\"en-US\" align=\"left\"><span style=\"font-family: Verdana,serif;\"><span style=\"font-size: small;\"><b>1503 29 36218<\/b><\/span><\/span><\/p>\n<div id=\"attachment_694\" style=\"width: 310px\" class=\"wp-caption alignleft\"><a href=\"http:\/\/www.mensviventer.com\/wordpress\/wp-content\/uploads\/2015\/03\/Stephen-Dickie-i-action-Davao.jpg\"><img aria-describedby=\"caption-attachment-694\" decoding=\"async\" loading=\"lazy\" class=\"size-medium wp-image-694\" alt=\"Stephen i aksjon i Davao\" src=\"http:\/\/www.mensviventer.com\/wordpress\/wp-content\/uploads\/2015\/03\/Stephen-Dickie-i-action-Davao-300x168.jpg\" width=\"300\" height=\"168\" srcset=\"https:\/\/www.mensviventer.com\/wordpress\/wp-content\/uploads\/2015\/03\/Stephen-Dickie-i-action-Davao-300x168.jpg 300w, https:\/\/www.mensviventer.com\/wordpress\/wp-content\/uploads\/2015\/03\/Stephen-Dickie-i-action-Davao.jpg 960w\" sizes=\"(max-width: 300px) 100vw, 300px\" \/><\/a><p id=\"caption-attachment-694\" class=\"wp-caption-text\">Stephen i aksjon i Davao<\/p><\/div>\n<div id=\"attachment_696\" style=\"width: 235px\" class=\"wp-caption alignleft\"><a href=\"http:\/\/www.mensviventer.com\/wordpress\/wp-content\/uploads\/2015\/03\/asif-taler-general-santos.jpg\"><img aria-describedby=\"caption-attachment-696\" decoding=\"async\" loading=\"lazy\" class=\"size-medium wp-image-696\" alt=\"Asif taler i general Santos\" src=\"http:\/\/www.mensviventer.com\/wordpress\/wp-content\/uploads\/2015\/03\/asif-taler-general-santos-225x300.jpg\" width=\"225\" height=\"300\" srcset=\"https:\/\/www.mensviventer.com\/wordpress\/wp-content\/uploads\/2015\/03\/asif-taler-general-santos-225x300.jpg 225w, https:\/\/www.mensviventer.com\/wordpress\/wp-content\/uploads\/2015\/03\/asif-taler-general-santos.jpg 720w\" sizes=\"(max-width: 225px) 100vw, 225px\" \/><\/a><p id=\"caption-attachment-696\" class=\"wp-caption-text\">Asif taler i general Santos<\/p><\/div>\n<div id=\"attachment_690\" style=\"width: 317px\" class=\"wp-caption alignleft\"><a href=\"http:\/\/www.mensviventer.com\/wordpress\/wp-content\/uploads\/2015\/03\/Asif-is-giving-a-strong-sermon-this-Sabbath-packed-house.-Well-even-have-Muslims-attending-from-the-weeks-classes..jpg\"><img aria-describedby=\"caption-attachment-690\" decoding=\"async\" loading=\"lazy\" class=\" wp-image-690\" alt=\"Asif is giving a strong sermon this Sabbath, packed house. Well even have Muslims attending from the weeks classes.\" src=\"http:\/\/www.mensviventer.com\/wordpress\/wp-content\/uploads\/2015\/03\/Asif-is-giving-a-strong-sermon-this-Sabbath-packed-house.-Well-even-have-Muslims-attending-from-the-weeks-classes.-225x300.jpg\" width=\"307\" height=\"409\" srcset=\"https:\/\/www.mensviventer.com\/wordpress\/wp-content\/uploads\/2015\/03\/Asif-is-giving-a-strong-sermon-this-Sabbath-packed-house.-Well-even-have-Muslims-attending-from-the-weeks-classes.-225x300.jpg 225w, https:\/\/www.mensviventer.com\/wordpress\/wp-content\/uploads\/2015\/03\/Asif-is-giving-a-strong-sermon-this-Sabbath-packed-house.-Well-even-have-Muslims-attending-from-the-weeks-classes..jpg 720w\" sizes=\"(max-width: 307px) 100vw, 307px\" \/><\/a><p id=\"caption-attachment-690\" class=\"wp-caption-text\">2 sabbater ble delt med venner p\u00e5 Filippinene. Den ene sabbaten ble Asif og Stephen kj\u00f8rt for \u00e5 holde gudstjeneste i hver sin menighet. Her holder Asif en kraftfull gudstjeneste i f\u00f8lge de som fikk lytte til den.<\/p><\/div>\n<div id=\"attachment_693\" style=\"width: 310px\" class=\"wp-caption alignleft\"><a href=\"http:\/\/www.mensviventer.com\/wordpress\/wp-content\/uploads\/2015\/03\/Davao-Mission-sda-hvor-muslimer-ikke-dukket-opp.jpg\"><img aria-describedby=\"caption-attachment-693\" decoding=\"async\" loading=\"lazy\" class=\"size-medium wp-image-693\" alt=\"Fra seminar i Davao. Alle adventister ble bedt om \u00e5 ta med en muslim venn. Men ingen muslimer kom desverre. Kanskje fordi det var fredag? I stedet ble det en grundig oppl\u00e6ring direkte til deltakerne fra de lokale adventister som kom. \" src=\"http:\/\/www.mensviventer.com\/wordpress\/wp-content\/uploads\/2015\/03\/Davao-Mission-sda-hvor-muslimer-ikke-dukket-opp-300x168.jpg\" width=\"300\" height=\"168\" srcset=\"https:\/\/www.mensviventer.com\/wordpress\/wp-content\/uploads\/2015\/03\/Davao-Mission-sda-hvor-muslimer-ikke-dukket-opp-300x168.jpg 300w, https:\/\/www.mensviventer.com\/wordpress\/wp-content\/uploads\/2015\/03\/Davao-Mission-sda-hvor-muslimer-ikke-dukket-opp.jpg 960w\" sizes=\"(max-width: 300px) 100vw, 300px\" \/><\/a><p id=\"caption-attachment-693\" class=\"wp-caption-text\">Fra seminar i Davao. Alle adventister ble bedt om \u00e5 ta med en muslim venn. Men ingen muslimer kom desverre. Kanskje fordi det var fredag? I stedet ble det en grundig oppl\u00e6ring direkte til deltakerne fra de lokale adventister som kom.<\/p><\/div>\n<div id=\"attachment_692\" style=\"width: 498px\" class=\"wp-caption alignleft\"><a href=\"http:\/\/www.mensviventer.com\/wordpress\/wp-content\/uploads\/2015\/03\/davao-gudstjeste-Stephen-Asif-at-chinese.jpg\"><img aria-describedby=\"caption-attachment-692\" decoding=\"async\" loading=\"lazy\" class=\" wp-image-692\" alt=\"davao gudstjeste Stephen Asif at chinese\" src=\"http:\/\/www.mensviventer.com\/wordpress\/wp-content\/uploads\/2015\/03\/davao-gudstjeste-Stephen-Asif-at-chinese-300x225.jpg\" width=\"488\" height=\"365\" srcset=\"https:\/\/www.mensviventer.com\/wordpress\/wp-content\/uploads\/2015\/03\/davao-gudstjeste-Stephen-Asif-at-chinese-300x225.jpg 300w, https:\/\/www.mensviventer.com\/wordpress\/wp-content\/uploads\/2015\/03\/davao-gudstjeste-Stephen-Asif-at-chinese.jpg 960w\" sizes=\"(max-width: 488px) 100vw, 488px\" \/><\/a><p id=\"caption-attachment-692\" class=\"wp-caption-text\">Gudstjeneste i Davao<\/p><\/div>\n<div id=\"attachment_689\" style=\"width: 310px\" class=\"wp-caption alignleft\"><a href=\"http:\/\/www.mensviventer.com\/wordpress\/wp-content\/uploads\/2015\/03\/95-studenters-seminar-arr-komite.jpg\"><img aria-describedby=\"caption-attachment-689\" decoding=\"async\" loading=\"lazy\" class=\"size-medium wp-image-689\" alt=\"95 studenters seminar arr komite\" src=\"http:\/\/www.mensviventer.com\/wordpress\/wp-content\/uploads\/2015\/03\/95-studenters-seminar-arr-komite-300x168.jpg\" width=\"300\" height=\"168\" srcset=\"https:\/\/www.mensviventer.com\/wordpress\/wp-content\/uploads\/2015\/03\/95-studenters-seminar-arr-komite-300x168.jpg 300w, https:\/\/www.mensviventer.com\/wordpress\/wp-content\/uploads\/2015\/03\/95-studenters-seminar-arr-komite.jpg 960w\" sizes=\"(max-width: 300px) 100vw, 300px\" \/><\/a><p id=\"caption-attachment-689\" class=\"wp-caption-text\">Arrangementskomiteen for et av seminarene<\/p><\/div>\n<div id=\"attachment_695\" style=\"width: 310px\" class=\"wp-caption alignleft\"><a href=\"http:\/\/www.mensviventer.com\/wordpress\/wp-content\/uploads\/2015\/03\/stephen-last-presentation.jpg\"><img aria-describedby=\"caption-attachment-695\" decoding=\"async\" loading=\"lazy\" class=\"size-medium wp-image-695\" alt=\"Stephen Dickie p\u00e5 en av sine siste presentasjoner.\" src=\"http:\/\/www.mensviventer.com\/wordpress\/wp-content\/uploads\/2015\/03\/stephen-last-presentation-300x168.jpg\" width=\"300\" height=\"168\" srcset=\"https:\/\/www.mensviventer.com\/wordpress\/wp-content\/uploads\/2015\/03\/stephen-last-presentation-300x168.jpg 300w, https:\/\/www.mensviventer.com\/wordpress\/wp-content\/uploads\/2015\/03\/stephen-last-presentation.jpg 960w\" sizes=\"(max-width: 300px) 100vw, 300px\" \/><\/a><p id=\"caption-attachment-695\" class=\"wp-caption-text\">Stephen Dickie p\u00e5 en av sine siste presentasjoner.<\/p><\/div>\n<div id=\"attachment_688\" style=\"width: 310px\" class=\"wp-caption alignleft\"><a href=\"http:\/\/www.mensviventer.com\/wordpress\/wp-content\/uploads\/2015\/03\/Pastor-and-other-lady-SDA.jpg\"><img aria-describedby=\"caption-attachment-688\" decoding=\"async\" loading=\"lazy\" class=\"size-medium wp-image-688 \" alt=\"Sammen med bl.a. likal pastor\" src=\"http:\/\/www.mensviventer.com\/wordpress\/wp-content\/uploads\/2015\/03\/Pastor-and-other-lady-SDA-300x168.jpg\" width=\"300\" height=\"168\" srcset=\"https:\/\/www.mensviventer.com\/wordpress\/wp-content\/uploads\/2015\/03\/Pastor-and-other-lady-SDA-300x168.jpg 300w, https:\/\/www.mensviventer.com\/wordpress\/wp-content\/uploads\/2015\/03\/Pastor-and-other-lady-SDA.jpg 960w\" sizes=\"(max-width: 300px) 100vw, 300px\" \/><\/a><p id=\"caption-attachment-688\" class=\"wp-caption-text\">Sammen med bl.a. lokal pastor<\/p><\/div>\n<div id=\"attachment_684\" style=\"width: 419px\" class=\"wp-caption alignleft\"><a href=\"http:\/\/www.mensviventer.com\/wordpress\/wp-content\/uploads\/2015\/03\/f\u00f8rste-klassen-95-stud.jpg\"><img aria-describedby=\"caption-attachment-684\" decoding=\"async\" loading=\"lazy\" class=\" wp-image-684\" alt=\"f\u00f8rste klassen 95 stud\" src=\"http:\/\/www.mensviventer.com\/wordpress\/wp-content\/uploads\/2015\/03\/f\u00f8rste-klassen-95-stud-300x168.jpg\" width=\"409\" height=\"229\" srcset=\"https:\/\/www.mensviventer.com\/wordpress\/wp-content\/uploads\/2015\/03\/f\u00f8rste-klassen-95-stud-300x168.jpg 300w, https:\/\/www.mensviventer.com\/wordpress\/wp-content\/uploads\/2015\/03\/f\u00f8rste-klassen-95-stud.jpg 960w\" sizes=\"(max-width: 409px) 100vw, 409px\" \/><\/a><p id=\"caption-attachment-684\" class=\"wp-caption-text\">Det f\u00f8rste oppl\u00e6rings seminaret om Islam for adventister. 95 studenter deltok.<\/p><\/div>\n<div id=\"attachment_685\" style=\"width: 452px\" class=\"wp-caption alignright\"><a href=\"http:\/\/www.mensviventer.com\/wordpress\/wp-content\/uploads\/2015\/03\/general-seminar-65-stud-3-dagers-seminar.jpg\"><img aria-describedby=\"caption-attachment-685\" decoding=\"async\" loading=\"lazy\" class=\" wp-image-685\" alt=\"Noen av de 65 studentene ved 3 dagers seminaret som ble holdt mot slutten av oppholdet. Asif og Stephen i midten.\" src=\"http:\/\/www.mensviventer.com\/wordpress\/wp-content\/uploads\/2015\/03\/general-seminar-65-stud-3-dagers-seminar-300x168.jpg\" width=\"442\" height=\"246\" \/><\/a><p id=\"caption-attachment-685\" class=\"wp-caption-text\">Noen av de 65 studentene ved 3 dagers seminaret som ble holdt mot slutten av oppholdet. Asif og Stephen i midten.<\/p><\/div>\n","protected":false},"excerpt":{"rendered":"<p>H\u00f8ydepunkt p\u00e5 bes\u00f8k i Istanbul Asif G\u00f6kaslan og Stephen Dickie bes\u00f8kte igjen redakt\u00f8ren for en stor avis i Tyrkia. M\u00f8tet var sv\u00e6rt positivt. Asif oversetter n\u00e5 til tyrkisk flere artikler som Stephen D har skrevet for avisens lesere. Disse vil bli trykket fortl\u00f8pende. Ellers var det fint \u00e5 treffe igjen v\u00e5r menighet med medlemmer med [&hellip;]<\/p>\n","protected":false},"author":1,"featured_media":0,"comment_status":"open","ping_status":"open","sticky":false,"template":"","format":"standard","meta":[],"categories":[3],"tags":[],"_links":{"self":[{"href":"https:\/\/www.mensviventer.com\/index.php?rest_route=\/wp\/v2\/posts\/676"}],"collection":[{"href":"https:\/\/www.mensviventer.com\/index.php?rest_route=\/wp\/v2\/posts"}],"about":[{"href":"https:\/\/www.mensviventer.com\/index.php?rest_route=\/wp\/v2\/types\/post"}],"author":[{"embeddable":true,"href":"https:\/\/www.mensviventer.com\/index.php?rest_route=\/wp\/v2\/users\/1"}],"replies":[{"embeddable":true,"href":"https:\/\/www.mensviventer.com\/index.php?rest_route=%2Fwp%2Fv2%2Fcomments&post=676"}],"version-history":[{"count":4,"href":"https:\/\/www.mensviventer.com\/index.php?rest_route=\/wp\/v2\/posts\/676\/revisions"}],"predecessor-version":[{"id":698,"href":"https:\/\/www.mensviventer.com\/index.php?rest_route=\/wp\/v2\/posts\/676\/revisions\/698"}],"wp:attachment":[{"href":"https:\/\/www.mensviventer.com\/index.php?rest_route=%2Fwp%2Fv2%2Fmedia&parent=676"}],"wp:term":[{"taxonomy":"category","embeddable":true,"href":"https:\/\/www.mensviventer.com\/index.php?rest_route=%2Fwp%2Fv2%2Fcategories&post=676"},{"taxonomy":"post_tag","embeddable":true,"href":"https:\/\/www.mensviventer.com\/index.php?rest_route=%2Fwp%2Fv2%2Ftags&post=676"}],"curies":[{"name":"wp","href":"https:\/\/api.w.org\/{rel}","templated":true}]}}