{"id":625,"date":"2014-12-08T23:29:13","date_gmt":"2014-12-08T22:29:13","guid":{"rendered":"http:\/\/www.mensviventer.com\/?p=625"},"modified":"2014-12-08T23:29:13","modified_gmt":"2014-12-08T22:29:13","slug":"elsket-og-hatet","status":"publish","type":"post","link":"https:\/\/www.mensviventer.com\/?p=625","title":{"rendered":"Elsket og hatet"},"content":{"rendered":"<p>&nbsp;<\/p>\n<p><strong><span style=\"font-family: Times New Roman,serif;\"><span style=\"font-size: large;\">Jesuittpave Francis, til tross for sin popularitet i visse kretser, vekker ikke bare beundring blant sine egne. Framst\u00e5ende biskoper har stemplet han som b\u00e5de \u00ab<\/span><\/span><span style=\"font-family: Times New Roman,serif;\"><span style=\"font-size: large;\"><i>en djevel i Vatikanet<\/i><\/span><\/span><span style=\"font-family: Times New Roman,serif;\"><span style=\"font-size: large;\">\u00bb og \u00ab<\/span><\/span><span style=\"font-family: Times New Roman,serif;\"><span style=\"font-size: large;\"><i>den f\u00f8rste protestantiske paven<\/i><\/span><\/span><\/strong><span style=\"font-family: Times New Roman,serif;\"><span style=\"font-size: large;\"><strong>\u00bb.<\/strong> <\/span><\/span><\/p>\n<div id=\"attachment_626\" style=\"width: 310px\" class=\"wp-caption alignleft\"><a href=\"http:\/\/www.mensviventer.com\/wordpress\/wp-content\/uploads\/2014\/12\/Francis-Pope-from-the-New-World-2.jpg\"><img aria-describedby=\"caption-attachment-626\" decoding=\"async\" loading=\"lazy\" class=\"size-medium wp-image-626 \" alt=\"Francis-Pope-from-the-New-World-2\" src=\"http:\/\/www.mensviventer.com\/wordpress\/wp-content\/uploads\/2014\/12\/Francis-Pope-from-the-New-World-2-300x168.jpg\" width=\"300\" height=\"168\" srcset=\"https:\/\/www.mensviventer.com\/wordpress\/wp-content\/uploads\/2014\/12\/Francis-Pope-from-the-New-World-2-300x168.jpg 300w, https:\/\/www.mensviventer.com\/wordpress\/wp-content\/uploads\/2014\/12\/Francis-Pope-from-the-New-World-2.jpg 795w\" sizes=\"(max-width: 300px) 100vw, 300px\" \/><\/a><p id=\"caption-attachment-626\" class=\"wp-caption-text\">Pave fra den nye verden? Han er nok mer fra den gamle verden enn man aner.<\/p><\/div>\n<p><span style=\"font-family: Times New Roman,serif;\"><span style=\"font-size: large;\">Da han nedsatte et utvalg som inkluderte b\u00e5de vanlige prester og noen legfolk, som skulle dr\u00f8fte kirkens tro og l\u00e6re, mente noen at han gikk for langt. Hvor blir det av pavens erkl\u00e6rte ufeilbarlighet og guddommelige s\u00e6rstilling som \u00ab<\/span><\/span><span style=\"font-family: Times New Roman,serif;\"><span style=\"font-size: large;\"><i>Jesu vikar<\/i><\/span><\/span><span style=\"font-family: Times New Roman,serif;\"><span style=\"font-size: large;\">\u00bb og \u00ab<\/span><\/span><span style=\"font-family: Times New Roman,serif;\"><span style=\"font-size: large;\"><i>Gud p\u00e5 jorden<\/i><\/span><\/span><span style=\"font-family: Times New Roman,serif;\"><span style=\"font-size: large;\">\u00bb, hvis en demokratisk flertallsavstemming skal vedta sannhet, mente mange. <\/span><\/span><\/p>\n<p><span style=\"font-family: Times New Roman,serif;\"><span style=\"font-size: large;\">En annen snublestein for kirkens konservative geistlighet, er pavens liberale holdning til sp\u00f8rsm\u00e5l hvor kirken lenge har hatt en ganske steil holdning. Francis har favnet de homofile, selv om han ikke aksepterer deres legning. Han har ogs\u00e5 etterlyst st\u00f8tte til de skilte, uten \u00e5 godkjenne skilsmisser. For enkelte n\u00f8kkelpersonen i kirkens maktsystem, blir dette holdningskombinasjoner som bryter for mye med tradisjonelle standpunkter.<\/span><\/span><\/p>\n<p><span style=\"font-family: Times New Roman,serif;\"><span style=\"font-size: large;\">Sannsynligvis har ikke alle enn\u00e5 forst\u00e5tt pavens meget spesielle \u00f8kumeniske agenda, hvor hans metoder bryter kraftig med noen av kirkens tidligere prioriteringer. <\/span><\/span><\/p>\n<div id=\"attachment_627\" style=\"width: 175px\" class=\"wp-caption alignright\"><a href=\"http:\/\/www.mensviventer.com\/wordpress\/wp-content\/uploads\/2014\/12\/235px-Ihs-logo.svg_.png\"><img aria-describedby=\"caption-attachment-627\" decoding=\"async\" loading=\"lazy\" class=\" wp-image-627  \" alt=\"235px-Ihs-logo.svg\" src=\"http:\/\/www.mensviventer.com\/wordpress\/wp-content\/uploads\/2014\/12\/235px-Ihs-logo.svg_.png\" width=\"165\" height=\"165\" srcset=\"https:\/\/www.mensviventer.com\/wordpress\/wp-content\/uploads\/2014\/12\/235px-Ihs-logo.svg_.png 235w, https:\/\/www.mensviventer.com\/wordpress\/wp-content\/uploads\/2014\/12\/235px-Ihs-logo.svg_-150x150.png 150w\" sizes=\"(max-width: 165px) 100vw, 165px\" \/><\/a><p id=\"caption-attachment-627\" class=\"wp-caption-text\">Jesuitordenens emblem med symbolet for den gamle soldyrkelsen<\/p><\/div>\n<p><span style=\"font-family: Times New Roman,serif;\"><span style=\"font-size: large;\">Hans studier som prest og senere biskop Jorge Bergoglio, gikk ut p\u00e5 \u00e5 identifisere den beste fremgangsm\u00e5ten \u00e5 benytte for \u00e5 n\u00e5 annerledes troende. Med formuleringen \u00ab<\/span><\/span><span style=\"font-family: Times New Roman,serif;\"><span style=\"font-size: large;\"><i>annerledes troende<\/i><\/span><\/span><span style=\"font-family: Times New Roman,serif;\"><span style=\"font-size: large;\">\u00bb er det rimelig \u00e5 tenke protestanter. Hans ide var at kirken ikke burde fokusere p\u00e5 sine noe spesielle og litt s\u00e6re teologiske oppfatninger i m\u00f8te med mennesker som ikke har en katolsk bakgrunn. Det viktigste er \u00e5 finne s\u00e5 mange ideologiske fellesnevnere som mulig, og etablere vennskap og n\u00e6rhet p\u00e5 grunn av disse teologiske parallellene. <\/span><\/span><\/p>\n<p><span style=\"font-family: Times New Roman,serif;\"><span style=\"font-size: large;\">N\u00e5r relasjonen opplevdes trygg og solid p\u00e5 grunn av et samarbeid om felles prioritering, kunne andre aspekter av kirkens tro og l\u00e6re introduseres over tid. Hans ide var at den allerede etablerte tryggheten og tilliten, som var etablert p\u00e5 grunn av likhet og felles forst\u00e5else, ville gj\u00f8re aksept av andre trosideer lettere.<\/span><\/span><\/p>\n<p><span style=\"font-family: Times New Roman,serif;\"><span style=\"font-size: large;\">Det er vel nettopp denne m\u00e5ten \u00e5 \u00ab<\/span><\/span><span style=\"font-family: Times New Roman,serif;\"><span style=\"font-size: large;\"><i>evangelisere<\/i><\/span><\/span><span style=\"font-family: Times New Roman,serif;\"><span style=\"font-size: large;\">\u00bb p\u00e5, som n\u00e5 for\u00e5rsaker at paven gj\u00f8r terskelen lav i m\u00f8te med mennesker som enn\u00e5 ikke er under kirkens innflytelse. Jesuittenes uttalte parole om b\u00e5de \u00e5 v\u00e6re og mene hva som helst, bare det p\u00e5 sikt kan lede til kirkens vekst og makt, passer godt med den metoden Francis benytter i kontakt med andre.<\/span><\/span><\/p>\n<p><span style=\"font-family: Times New Roman,serif;\"><span style=\"font-size: large;\">Det samme form\u00e5let kan v\u00e6re drivkraften til hans meget \u00e5pne relasjon til protestantiske kirkeledere. Etter hans n\u00e6re samarbeid med n\u00e5 avd\u00f8de Tony Palmer og pinsevennleder Kenneth Copeland, fortsatte paven \u00e5 ha samtaler med en h\u00e5ndfull pinsevennledere, inkludert Copeland, en dag hver m\u00e5ned. Pinsevennlederne fl\u00f8y til Roma for disse samtalene hver fjerde uke, og vi vet enn\u00e5 ikke hvor langt de er kommet p\u00e5 veien mot enhet.<\/span><\/span><\/p>\n<p><span style=\"font-family: Times New Roman,serif;\"><span style=\"font-size: large;\">Disse samtalene begynte med erkl\u00e6ringen om at \u00e5ndsd\u00e5p og tungetale, som forekommer i begge trosgrupper, beviser at \u00abGuds \u00c5nd\u00bb er til stede og leder b\u00e5de pinsevenner og katolikker. Deres konklusjon er at da er andre doktrin\u00e6re ulikheter uten betydning for frelse, og d\u00f8ren til sammensl\u00e5ing og enhet er \u00e5pen. JB<br \/>\n<\/span><\/span><\/p>\n<p>&nbsp;<\/p>\n<p>&nbsp;<\/p>\n<p>&nbsp;<\/p>\n","protected":false},"excerpt":{"rendered":"<p>&nbsp; Jesuittpave Francis, til tross for sin popularitet i visse kretser, vekker ikke bare beundring blant sine egne. Framst\u00e5ende biskoper har stemplet han som b\u00e5de \u00aben djevel i Vatikanet\u00bb og \u00abden f\u00f8rste protestantiske paven\u00bb. Da han nedsatte et utvalg som inkluderte b\u00e5de vanlige prester og noen legfolk, som skulle dr\u00f8fte kirkens tro og l\u00e6re, mente [&hellip;]<\/p>\n","protected":false},"author":1,"featured_media":0,"comment_status":"open","ping_status":"open","sticky":false,"template":"","format":"standard","meta":[],"categories":[2],"tags":[135,202,158,26,29,28],"_links":{"self":[{"href":"https:\/\/www.mensviventer.com\/index.php?rest_route=\/wp\/v2\/posts\/625"}],"collection":[{"href":"https:\/\/www.mensviventer.com\/index.php?rest_route=\/wp\/v2\/posts"}],"about":[{"href":"https:\/\/www.mensviventer.com\/index.php?rest_route=\/wp\/v2\/types\/post"}],"author":[{"embeddable":true,"href":"https:\/\/www.mensviventer.com\/index.php?rest_route=\/wp\/v2\/users\/1"}],"replies":[{"embeddable":true,"href":"https:\/\/www.mensviventer.com\/index.php?rest_route=%2Fwp%2Fv2%2Fcomments&post=625"}],"version-history":[{"count":2,"href":"https:\/\/www.mensviventer.com\/index.php?rest_route=\/wp\/v2\/posts\/625\/revisions"}],"predecessor-version":[{"id":632,"href":"https:\/\/www.mensviventer.com\/index.php?rest_route=\/wp\/v2\/posts\/625\/revisions\/632"}],"wp:attachment":[{"href":"https:\/\/www.mensviventer.com\/index.php?rest_route=%2Fwp%2Fv2%2Fmedia&parent=625"}],"wp:term":[{"taxonomy":"category","embeddable":true,"href":"https:\/\/www.mensviventer.com\/index.php?rest_route=%2Fwp%2Fv2%2Fcategories&post=625"},{"taxonomy":"post_tag","embeddable":true,"href":"https:\/\/www.mensviventer.com\/index.php?rest_route=%2Fwp%2Fv2%2Ftags&post=625"}],"curies":[{"name":"wp","href":"https:\/\/api.w.org\/{rel}","templated":true}]}}