{"id":599,"date":"2014-11-08T12:58:10","date_gmt":"2014-11-08T11:58:10","guid":{"rendered":"http:\/\/www.mensviventer.com\/?p=599"},"modified":"2014-11-08T12:58:10","modified_gmt":"2014-11-08T11:58:10","slug":"nodvendigheten-av-anger-og-omvendelse","status":"publish","type":"post","link":"https:\/\/www.mensviventer.com\/?p=599","title":{"rendered":"N\u00f8dvendigheten av anger og omvendelse"},"content":{"rendered":"<p><span style=\"font-family: Verdana,sans-serif;\"><span style=\"font-size: large;\"><b>Synd og anger<\/b><\/span><\/span><\/p>\n<p><span style=\"font-family: Verdana,sans-serif;\"><b>Hvem er kalt til \u00e5 oppvende seg? <\/b><\/span><span style=\"color: #000000;\"><span style=\"font-family: Verdana,sans-serif;\"><span style=\"font-size: medium;\"><i>Jeg er ikke kommet for \u00e5 kalle rettferdige, men syndere til omvendelse. <\/i><\/span><\/span><\/span><span style=\"font-family: Verdana,sans-serif;\">Luk 5:32<\/span><\/p>\n<p><span style=\"font-family: Verdana,sans-serif;\"><b>Hva f\u00f8lger med <\/b><\/span><span style=\"font-family: Verdana,sans-serif;\"><b>omvendelsen<\/b><\/span><span style=\"font-family: Verdana,sans-serif;\"><b>?<\/b><\/span><span style=\"color: #000000;\"><span style=\"font-family: Verdana,sans-serif;\"><span style=\"font-size: medium;\"><i>at omvendelse og syndenes tilgivelse skulle forkynnes i Hans navn for alle folkeslag. Dere skal begynne i Jerusalem. <\/i><\/span><\/span><\/span><span style=\"font-family: Verdana,sans-serif;\">Luk 24:47<\/span><\/p>\n<p><span style=\"font-family: Verdana,sans-serif;\"><b>Hvordan blir man klar over synd?<\/b><\/span><span style=\"font-family: Verdana,sans-serif;\"> &#8230;..<\/span><span style=\"color: #000000;\"><span style=\"font-family: Verdana,sans-serif;\"><span style=\"font-size: medium;\"><i> for ved loven kommer erkjennelse av synd. <\/i><\/span><\/span><\/span><span style=\"font-family: Verdana,sans-serif;\">Rom.3:20<\/span><\/p>\n<p><span style=\"font-family: Verdana,sans-serif;\"><b>Hvem synder?<\/b><\/span><span style=\"color: #000000;\"><span style=\"font-family: Verdana,Arial,Helvetica,sans-serif;\"><span style=\"font-size: medium;\"><i>Hva da? Har vi noen fordel? Nei, slett ikke! Vi har jo ovenfor anklaget b\u00e5de j\u00f8der og grekere for at de alle er under synd.<\/i><\/span><\/span><\/span><span style=\"font-family: Verdana,sans-serif;\"><span style=\"font-size: medium;\"><i>Vers 9 <\/i><\/span><\/span><\/p>\n<p><span style=\"font-family: Verdana,sans-serif;\"><b>Hva bringer overtrederne over seg selv?<\/b><\/span><span style=\"color: #000000;\"><span style=\"font-family: Verdana,sans-serif;\"><span style=\"font-size: medium;\"><i>La ingen forf\u00f8re dere med tomme ord, for p\u00e5 grunn av disse ting kommer Guds vrede over ulydighetens barn. <\/i><\/span><\/span><\/span><span style=\"font-family: Verdana,sans-serif;\">Efeserne 5:6<\/span><\/p>\n<p><a href=\"http:\/\/www.mensviventer.com\/wordpress\/wp-content\/uploads\/2014\/11\/10.-036177181-man-relaxing-mountains-sitting.jpeg\"><img decoding=\"async\" loading=\"lazy\" class=\"size-medium wp-image-600 alignleft\" alt=\"Man relaxing in mountains sitting on grass valley Traveling hiking summer recreation\" src=\"http:\/\/www.mensviventer.com\/wordpress\/wp-content\/uploads\/2014\/11\/10.-036177181-man-relaxing-mountains-sitting-300x199.jpeg\" width=\"300\" height=\"199\" srcset=\"https:\/\/www.mensviventer.com\/wordpress\/wp-content\/uploads\/2014\/11\/10.-036177181-man-relaxing-mountains-sitting-300x199.jpeg 300w, https:\/\/www.mensviventer.com\/wordpress\/wp-content\/uploads\/2014\/11\/10.-036177181-man-relaxing-mountains-sitting-1024x681.jpeg 1024w, https:\/\/www.mensviventer.com\/wordpress\/wp-content\/uploads\/2014\/11\/10.-036177181-man-relaxing-mountains-sitting.jpeg 1836w\" sizes=\"(max-width: 300px) 100vw, 300px\" \/><\/a><\/p>\n<p><span style=\"font-family: Verdana,sans-serif;\"><span style=\"font-size: large;\"><b>Erkjennelse av synd og \u00e5 oppleve frelse<\/b><\/span><\/span><\/p>\n<p><span style=\"font-family: Verdana,sans-serif;\"><span style=\"font-size: medium;\"><b>Hvem er det som vekker en sjel til \u00e5 inse sin synd? <\/b><\/span><\/span><span style=\"color: #000000;\"><span style=\"font-family: Verdana,sans-serif;\"><span style=\"font-size: medium;\"><i>N\u00e5r Han kommer, skal Han overbevise verden om synd og om rettferdighet og om dom<\/i><\/span><\/span><\/span> <span style=\"font-family: Verdana,sans-serif;\"><span style=\"font-size: medium;\">Joh. 16:<\/span><\/span><span style=\"font-family: Verdana,sans-serif;\"><span style=\"font-size: medium;\">8<\/span><\/span><\/p>\n<p><span style=\"font-family: Verdana,sans-serif;\"><span style=\"font-size: medium;\"><b>Hva er den riktige reaksjonen til den som blir klar over sin synd? <\/b><\/span><\/span><span style=\"font-family: Verdana,sans-serif;\"><i>Da de h\u00f8rte dette, skar det dem i hjertet, og de sa til Peter og de andre apostlene: \u00abMenn og br\u00f8dre, hva skal vi gj\u00f8re?\u00bb<\/i><\/span> <span style=\"font-family: Verdana,sans-serif;\"><span style=\"font-size: medium;\">Ap.Gj.2:37,<\/span><\/span><span style=\"font-family: Verdana,sans-serif;\"><i>Og han tok dem med ut og sa: \u00abHerrer, hva m\u00e5 jeg gj\u00f8re for \u00e5 bli frelst?\u00bb<\/i><\/span> <span style=\"font-family: Verdana,sans-serif;\"><span style=\"font-size: medium;\">16:30<\/span><\/span><\/p>\n<p><span style=\"font-family: Verdana,sans-serif;\"><span style=\"font-size: medium;\"><b>Hva er svaret fra en inspirert apostel til en slik reaksjon?<\/b><\/span><\/span><\/p>\n<p><span style=\"font-family: Verdana,sans-serif;\"><span style=\"font-size: medium;\"><i>Da sa Peter til dem: \u00abOmvend dere, og enhver av dere la seg d\u00f8pe p\u00e5 Jesu Kristi navn til syndenes tilgivelse, og dere skal f\u00e5 Den Hellige \u00c5nds gave. <\/i>Ap.gj. 2:38,\u00a0 <\/span><\/span><span style=\"font-family: Verdana,sans-serif;\"><i>De svarte: \u00abTro p\u00e5 Herren Jesus Kristus, og du skal bli frelst, du og ditt husfolk.<\/i><\/span>\u00bb <span style=\"font-family: Verdana,sans-serif;\"><span style=\"font-size: medium;\">16:31<\/span><\/span><\/p>\n<p><span style=\"font-family: Verdana,sans-serif;\"><span style=\"font-size: large;\"><b>Fruktene av en sann omvendelse?<\/b><\/span><\/span><\/p>\n<p><span style=\"font-family: Verdana,sans-serif;\"><span style=\"font-size: medium;\"><b>Hva vil en angrende synder anstrenge seg for <\/b><\/span><\/span><span style=\"font-family: Verdana,sans-serif;\"><span style=\"font-size: medium;\"><b>\u00e5<\/b><\/span><\/span><span style=\"font-family: Verdana,sans-serif;\"><span style=\"font-size: medium;\"><b> gj\u00f8re? <\/b><\/span><\/span><span style=\"font-family: Verdana,sans-serif;\"><i>For min misgjerning vil jeg bekjenne. Jeg skremmes av min synd.<\/i><\/span> <span style=\"font-family: Verdana,sans-serif;\"><span style=\"font-size: medium;\">Salm 38:18 <\/span><\/span><\/p>\n<p><span style=\"font-family: Verdana,sans-serif;\"><span style=\"font-size: medium;\"><b>Hva er resultatet av en Gudsinspirert <\/b><\/span><\/span><span style=\"font-family: Verdana,sans-serif;\"><span style=\"font-size: medium;\"><b>anger<\/b><\/span><\/span><span style=\"font-family: Verdana,sans-serif;\"><span style=\"font-size: medium;\"><b>? <\/b><\/span><\/span><span style=\"font-family: Verdana,sans-serif;\"><i>For den sorg som er etter<\/i><\/span> <span style=\"font-family: Verdana,sans-serif;\"><i>Guds vilje, virker omvendelse til frelse, og det vil en ikke angre p\u00e5.. <\/i><\/span><span style=\"font-family: Verdana,sans-serif;\"><span style=\"font-size: medium;\">2 <\/span><\/span><span style=\"font-family: Verdana,sans-serif;\"><span style=\"font-size: medium;\">Kor 7:10<\/span><\/span><\/p>\n<p><span style=\"font-family: Verdana,sans-serif;\"><span style=\"font-size: medium;\"><b>Hva er resultatet av en verdslig p\u00e5virket anger? <\/b><span style=\"font-family: Verdana,sans-serif;\"><i>Men verdens sorg virker d\u00f8d<\/i><\/span><b><\/b>Vers 10<\/span><\/span><\/p>\n<p><span style=\"font-family: Verdana,sans-serif;\"><span style=\"font-size: medium;\"><b>Hvordan uttrykker en Gudsp\u00e5virket anger seg?<\/b><\/span><\/span><span style=\"font-family: Verdana,sans-serif;\"><i>For se hva nettopp dette f\u00f8rte til, at dere ble sorgfulle etter Guds vilje. Det ble skapt et stort alvor hos dere, ja forsvar, ja harme, ja frykt, ja lengsel, ja iver, ja straff! I alle ting beviste dere at dere selv var rene i denne saken.<\/i><\/span> <span style=\"font-family: Verdana,sans-serif;\"><span style=\"font-size: medium;\">Vers 11<\/span><\/span><\/p>\n<p><span style=\"font-family: Verdana,sans-serif;\"><span style=\"font-size: medium;\"><b>Hva sa Johannes D\u00f8peren til fariseerne og Sadukeerne da de kom for \u00e5 d\u00f8pe seg? <\/b><\/span><\/span><span style=\"font-family: Verdana,sans-serif;\"><i>Men da han s\u00e5 at mange av fariseerne og saddukeerne kom til hans d\u00e5p, sa han til dem: \u00abDere giftslangers avkom! Hvem l\u00e6rte dere \u00e5 flykte fra den kommende vreden? <\/i><\/span><span style=\"font-family: Verdana,sans-serif;\"><span style=\"font-size: medium;\">Matt.3:7<\/span><\/span><\/p>\n<p><span style=\"font-family: Verdana,sans-serif;\"><span style=\"font-size: medium;\"><b>Hva ba han dem om \u00e5 gj\u00f8re? <\/b><\/span><\/span><span style=\"font-family: Verdana,sans-serif;\"><i>B\u00e6r derfor frukt som er omvendelsen verdig<\/i><\/span>\u00a0 <span style=\"font-family: Verdana,sans-serif;\"><span style=\"font-size: medium;\">Vers 8<\/span><\/span><\/p>\n<p><span style=\"font-family: Verdana,sans-serif;\"><span style=\"font-size: medium;\"><b>Det er ikke en sann anger uten reformasjon. Sann anger er en endring av sinnet. Reformasjon er en tilsvarende endring av livet. <\/b><\/span><\/span><\/p>\n<p><span style=\"font-family: Verdana,sans-serif;\"><span style=\"font-size: medium;\"><b>Da Gud sendte innbyggerne i Ninive et advarselsbudskap, hvordan viste de sin anger, og hva ble resultatet? <\/b><\/span><\/span><\/p>\n<p><span style=\"color: #000000;\"><span style=\"font-family: Verdana,Arial,Helvetica,sans-serif;\"><span style=\"font-size: medium;\"><i>B\u00e5de menneske og dyr skal dekkes med sekkestrie. De skal rope til Gud av all kraft. De skal vende om, hver av dem fra sin onde ferd og fra volden som henger ved deres hender.<\/i><\/span><\/span><\/span> <span style=\"font-family: Verdana,sans-serif;\"><span style=\"font-size: medium;\">Jona 3:16<\/span><\/span><\/p>\n<p><span style=\"font-family: Verdana,sans-serif;\"><span style=\"font-size: medium;\"><b>Hva leder syndere til anger? <\/b><\/span><\/span><span style=\"color: #000000;\"><span style=\"font-family: Verdana,sans-serif;\"><span style=\"font-size: medium;\"><i>Eller forakter du Hans rikdom p\u00e5 godhet, overb\u00e6renhet og t\u00e5lmodighet? Skj\u00f8nner du ikke at Guds godhet leder deg til omvendelse?<\/i><\/span><\/span><\/span>\u00a0 <span style=\"font-family: Verdana,sans-serif;\"><span style=\"font-size: medium;\">Roman 2:4<\/span><\/span><\/p>\n<p>&nbsp;<\/p>\n<p><span style=\"font-family: Verdana,sans-serif;\"><span style=\"font-size: medium;\">Fra Bible readings for the home. Utgitt av <i>Review and Herald<\/i> (Oversatt og tilrettelagt av ETHB)<\/span><\/span><\/p>\n<p>&nbsp;<\/p>\n","protected":false},"excerpt":{"rendered":"<p>Synd og anger Hvem er kalt til \u00e5 oppvende seg? Jeg er ikke kommet for \u00e5 kalle rettferdige, men syndere til omvendelse. Luk 5:32 Hva f\u00f8lger med omvendelsen?at omvendelse og syndenes tilgivelse skulle forkynnes i Hans navn for alle folkeslag. Dere skal begynne i Jerusalem. Luk 24:47 Hvordan blir man klar over synd? &#8230;.. for [&hellip;]<\/p>\n","protected":false},"author":1,"featured_media":0,"comment_status":"open","ping_status":"open","sticky":false,"template":"","format":"standard","meta":[],"categories":[4],"tags":[189,191,65,94,45,190],"_links":{"self":[{"href":"https:\/\/www.mensviventer.com\/index.php?rest_route=\/wp\/v2\/posts\/599"}],"collection":[{"href":"https:\/\/www.mensviventer.com\/index.php?rest_route=\/wp\/v2\/posts"}],"about":[{"href":"https:\/\/www.mensviventer.com\/index.php?rest_route=\/wp\/v2\/types\/post"}],"author":[{"embeddable":true,"href":"https:\/\/www.mensviventer.com\/index.php?rest_route=\/wp\/v2\/users\/1"}],"replies":[{"embeddable":true,"href":"https:\/\/www.mensviventer.com\/index.php?rest_route=%2Fwp%2Fv2%2Fcomments&post=599"}],"version-history":[{"count":3,"href":"https:\/\/www.mensviventer.com\/index.php?rest_route=\/wp\/v2\/posts\/599\/revisions"}],"predecessor-version":[{"id":603,"href":"https:\/\/www.mensviventer.com\/index.php?rest_route=\/wp\/v2\/posts\/599\/revisions\/603"}],"wp:attachment":[{"href":"https:\/\/www.mensviventer.com\/index.php?rest_route=%2Fwp%2Fv2%2Fmedia&parent=599"}],"wp:term":[{"taxonomy":"category","embeddable":true,"href":"https:\/\/www.mensviventer.com\/index.php?rest_route=%2Fwp%2Fv2%2Fcategories&post=599"},{"taxonomy":"post_tag","embeddable":true,"href":"https:\/\/www.mensviventer.com\/index.php?rest_route=%2Fwp%2Fv2%2Ftags&post=599"}],"curies":[{"name":"wp","href":"https:\/\/api.w.org\/{rel}","templated":true}]}}