{"id":277,"date":"2014-03-10T18:08:32","date_gmt":"2014-03-10T17:08:32","guid":{"rendered":"http:\/\/www.mensviventer.com\/?p=277"},"modified":"2014-03-10T18:08:32","modified_gmt":"2014-03-10T17:08:32","slug":"global-fokus-pa-sondagslover","status":"publish","type":"post","link":"https:\/\/www.mensviventer.com\/?p=277","title":{"rendered":"Global fokus p\u00e5 s\u00f8ndagslover"},"content":{"rendered":"<p><strong>For 2-3 \u00e5r siden begynte en uforst\u00e5elig fokusering p\u00e5 n\u00f8dvendigheten av \u00e5 vedta s\u00f8ndagslover. P\u00e5 overraskende kort tid synes denne aksjonen \u00e5 ha tatt helt av b\u00e5de i USA og i en rekke Europeiske land. Noen observat\u00f8rer skriver at noe m\u00e5 ha skjedd bak kulissene, for det som n\u00e5 finner sted, kan umulig tilskrives tilfeldigheter.<\/strong><\/p>\n<p><strong>\u00a0<\/strong><strong>I denne rapporten skal vi kort se p\u00e5 litt over 40 av de mange ferske appellene om \u00e5 lovfeste s\u00f8ndag som hvile og helligdag. Merk deg datoene for tiltakene og ha i tanke at i flere \u00e5r var det omtrent ingenting som ble skrevet om dette emnet.<\/strong><\/p>\n<p><a href=\"http:\/\/www.mensviventer.com\/wordpress\/wp-content\/uploads\/2014\/03\/ten_commandments_magnet_small.jpg\"><img decoding=\"async\" loading=\"lazy\" class=\"size-full wp-image-278 alignleft\" alt=\"ten_commandments_magnet_small\" src=\"http:\/\/www.mensviventer.com\/wordpress\/wp-content\/uploads\/2014\/03\/ten_commandments_magnet_small.jpg\" width=\"150\" height=\"207\" \/><\/a>\u00a0Kristne som kjenner profetiene i Johannes \u00c5penbaring kapittel 13, har forventet at den amerikanske grunnloven m\u00e5 bli endret, f\u00f8r vesentlige aspekter av denne profetien kan finne sted. Lover som har sitt nedslagsfelt p\u00e5 omr\u00e5dene religi\u00f8s tro og l\u00e6re, kan if\u00f8lge grunnloven ikke vedtas i USA. Mange har antatt at den eneste mulighet for \u00ab<i>s\u00f8ndagslover<\/i>\u00bb, er \u00e5 forandre grunnlovens \u00ab<i>First Amendment<\/i>\u00bb.<\/p>\n<p>En hendelse som mange ikke har f\u00e5tt med seg, er imidlertid at USA\u2019s h\u00f8yesterett, i to separate toneangivende dommer i 1961 (McGowan v. Maryland, 1961, and Braunfeld v. Brown, 1961), allerede har bestemt at s\u00f8ndagslover ikke er i konflikt med \u00ab<i>First Amendment<\/i>\u00bb i landets grunnlov. Selv om grunnloven krever et skille mellom stat og kirke, har h\u00f8yesterett frikjent s\u00f8ndagslover, og hevdet at slike lover vil v\u00e6re til folkets beste b\u00e5de fysisk og sosialt, og derfor ikke er i opposisjon til grunnloven. Samtidig vet vi at absolutt all delstater i USA har vedtatte \u00ab<i>latente eller hvilende<\/i>\u00bb blue-laws (s\u00f8ndagslover), som bare venter p\u00e5 hendelser som kan gj\u00f8re aktivisering aktuell.<\/p>\n<p>En pekepinn om hva som skal til for at mennesker i USA forenes i en religi\u00f8s kollektiv bevissthet, er det som skjedde etter 9\/11 katastrofen i New York. Aldri f\u00f8r i Amerikas historie har en st\u00f8rre prosent av befolkningen opps\u00f8kt en kirke, som s\u00f8ndagen etter terrorangrepet. Hele nasjonen samlet seg med en religi\u00f8s respons p\u00e5 grunn av en fryktelig katastrofe. Det skal ikke mange katastrofer og nasjonale kriser til, enten det dreier seg om store tornadoer, jordskjelv, vedvarende uv\u00e6r, flom, \u00f8konomisk kollaps eller terror, f\u00f8r de allerede vedtatte s\u00f8ndagslovene blir h\u00e5ndhevet. Alt ligger til rette for det Bibelen har profetert.<\/p>\n<p>I materialet til den amerikanske mega-menigheten \u00ab<i>The Eternal Gospel Church<\/i>\u00bb, kan vi lese om en synkronisert global anstrengelse for \u00e5 gjenskape s\u00f8ndag som helligdag ved hjelp av juridiske tiltak, (noe som betyr lover som p\u00e5tvinger religi\u00f8s atferd.) De hevder rett ut at m\u00e5let er \u00e5 tvinge mennesker til \u00e5 helligholde s\u00f8ndag, (compel people to observe Sunday by refraining from work.)<\/p>\n<div id=\"attachment_280\" style=\"width: 310px\" class=\"wp-caption alignright\"><a href=\"http:\/\/www.mensviventer.com\/wordpress\/wp-content\/uploads\/2014\/03\/Reverence-or-Ruin-How-the-Fourth-Commandment-is-Necessary-for-Civilization.jpg\"><img aria-describedby=\"caption-attachment-280\" decoding=\"async\" loading=\"lazy\" class=\"size-full wp-image-280 \" alt=\"Reverence or Ruin How the Fourth Commandment is Necessary for Civilization\" src=\"http:\/\/www.mensviventer.com\/wordpress\/wp-content\/uploads\/2014\/03\/Reverence-or-Ruin-How-the-Fourth-Commandment-is-Necessary-for-Civilization.jpg\" width=\"300\" height=\"202\" \/><\/a><p id=\"caption-attachment-280\" class=\"wp-caption-text\">S\u00f8ndagslovene vil til slutt bli globale og vil gjelde alle. Men ved \u00e5 kommunisere budskapet p\u00e5 en slik m\u00e5te, at lovfestet s\u00f8ndagsfri: Er en fordel for samspill og enhet i familien<\/p><\/div>\n<p>Som vi skal se, er behovet for s\u00f8ndagslover ofte begrunnet p\u00e5 en slik m\u00e5te at budskapet framst\u00e5r like aktuelt for b\u00e5de verdslige og kristne mennesker. S\u00f8ndagslovene vil til slutt bli globale og vil gjelde alle. Men ved \u00e5 kommunisere budskapet p\u00e5 en slik m\u00e5te, at lovfestet s\u00f8ndagsfri: (1) Er en fordel for samspill og enhet i familien. (2) Redusere arbeidstid. (3) Leder til mindre mas og stress og (4) Gir mer tid for interesser og hobbyer, regnes det med at alle til slutt vil st\u00f8tte lovene. Den rent religi\u00f8se begrunnelsen blir synliggjort av noen, men de fleste er forsiktige med \u00e5 vektlegge denne siden av<\/p>\n<p>Med denne innsikten som bakgrunn, er det selvf\u00f8lgelig \u00e5 forvente at alle som vet hva den bibelske profetien forutsier, f\u00f8lger n\u00f8ye med i det som skjer vedr\u00f8rende legalisering av s\u00f8ndagshelligholdelse.<\/p>\n<p><strong>2014. Tyskland. 3. mars.<\/strong><\/p>\n<p>Bevegelsen \u00ab<i>S\u00f8ndagsfri<\/i>\u00bb feirer sin f\u00f8dselsdag. De skriver at for 1690 \u00e5r siden, den 3. mars i \u00e5r 321, erkl\u00e6rte den romerske keiser Konstantin at s\u00f8ndag skulle v\u00e6re alles helligdag. Dette markerer begynnelsen til statens (de politiske myndigheters) tiltak for \u00e5 beskytte s\u00f8ndagen (Sunday protection laws). 1690 \u00e5r senere er denne helligdagen truet. Det skrives videre at myndighetene n\u00e5 m\u00e5 v\u00e6re seg sitt ansvar bevisst og gjenskape og ta vare p\u00e5 de viktige s\u00f8ndagslovene.<\/p>\n<p>Kilde: (http:\/\/www.bergstrasse-evangelisch.de\/aktuell\/Aktuell%2011\/aktuell11-032.html)<\/p>\n<p><strong>2014. Januar. Europa.<\/strong><\/p>\n<p>Kommisjonen for Europeiske biskoper fra alle EU land, forlanger respekt for s\u00f8ndag som hviledag.<\/p>\n<p>Link: (it.radiovaticana.va\/news\/2014\/01\/21)<\/p>\n<h4>2014. Januar. Europa.<\/h4>\n<h4><strong>En Europeisk konferanse ble arrangert for \u00e5 synliggj\u00f8re behovet for at alle Europeiske land vedtar en lov som gj\u00f8r s\u00f8ndag til alles fridag.<\/strong><\/h4>\n<h4><strong>Link: (www.europeansundayalliance.eu\/site\/sundayconference2014\/article\u00a0<a href=\"http:\/\/www.mensviventer.com\/wordpress\/wp-content\/uploads\/2014\/03\/sunday-law.jpg\"><img decoding=\"async\" loading=\"lazy\" class=\"size-full wp-image-294 alignright\" alt=\"sunday-law\" src=\"http:\/\/www.mensviventer.com\/wordpress\/wp-content\/uploads\/2014\/03\/sunday-law.jpg\" width=\"194\" height=\"140\" \/><\/a><\/strong><\/h4>\n<p><strong>2013. Juni 15. USA. <\/strong><\/p>\n<p>Wall Street Journal.<\/p>\n<p>\u00abSabbatens (her menes s\u00f8ndagen) m\u00e5 gjenskapes ved hjelp av nasjonale s\u00f8ndagslover hvis vi skal redde v\u00e5r kultur\u00bb.<\/p>\n<p><strong>2012. Vatikanet. 3. juni. AFP News.<\/strong><\/p>\n<p>Paven sa i en tale denne dagen at tradisjonelle familieverdier m\u00e5 inkludere s\u00f8ndagshvile som en n\u00f8kkel til \u00e5 slippe unna det moderne samfunnets problemer. Paven sa videre at \u00ab<i>spesielt i en tid med \u00f8konomiske kriser og sosial ustabilitet, m\u00e5 familier feiere s\u00f8ndagen med de verdier det gir<\/i>\u00bb.<\/p>\n<p><strong>2013. Januar 28. Italia.\u00a0\u00a0\u00a0\u00a0\u00a0<\/strong>\u00a0 \u00a0 \u00a0 \u00a0 \u00a0 \u00a0 \u00a0 \u00a0 \u00a0 \u00a0 \u00a0 \u00a0 \u00a0 \u00a0 \u00a0 \u00a0 \u00a0 \u00a0 \u00a0 \u00a0 \u00a0 \u00a0 \u00a0 \u00a0 \u00a0 \u00a0 \u00a0 \u00a0 \u00a0 \u00a0 \u00a0 \u00a0 \u00a0 \u00a0 \u00a0 \u00a0 \u00a0 \u00a0 \u00a0 \u00a0 \u00a0 \u00a0 \u00a0 \u00a0 \u00a0 \u00a0 \u00a0 \u00a0 \u00a0 \u00a0 \u00a0 \u00a0 \u00a0 \u00a0 \u00a0 \u00a0 \u00a0 \u00a0 \u00a0 \u00a0 \u00a0 \u00a0 \u00a0 \u00a0 \u00a0 \u00a0 \u00a0 \u00a0 \u00a0 \u00a0 \u00a0 \u00a0 \u00a0 \u00a0 \u00a0 \u00a0 \u00a0 \u00a0 \u00a0 \u00a0 \u00a0 \u00a0 \u00a0 \u00a0 \u00a0 \u00a0 \u00a0 \u00a0 \u00a0 \u00a0 \u00a0 \u00a0 \u00a0 \u00a0 \u00a0 \u00a0 \u00a0 Paven ber de trofaste om \u00e5 sette s\u00f8ndag til side for Herren. I sin s\u00f8ndagsappell (Angelus address) denne dagen, ba paven de trofaste som var samlet p\u00e5 Petersplassen, om at de m\u00e5tte gj\u00f8re s\u00f8ndagen spesiell og hellige den til Herren.<\/p>\n<p><strong>2013. Desember. Nederland.<\/strong><\/p>\n<p>Sinte kirkegjengere demonstrerer utenfor et supermarked som har begynt \u00e5 holde \u00e5pent p\u00e5 s\u00f8ndager. Link: (www.nltimes.n\/2013\/12\/26\/ah-plastered-sunday-rest)<\/p>\n<p><strong>2013. Desember. England.<\/strong><\/p>\n<p>Rettsak opprettholder en lov om at s\u00f8ndag er alle kristnes hviledag.<\/p>\n<p>Link: (www.christianconcern.com\/our-concerns\/religious-freedom\/court-of-appeal-recognises-in-law-sunday-as-christian-rest-day)<\/p>\n<p><strong>2013. Oktober. Argentina.<a href=\"http:\/\/www.mensviventer.com\/wordpress\/wp-content\/uploads\/2014\/03\/brooklyn.jpg\"><img decoding=\"async\" loading=\"lazy\" class=\" wp-image-281 alignright\" alt=\"brooklyn\" src=\"http:\/\/www.mensviventer.com\/wordpress\/wp-content\/uploads\/2014\/03\/brooklyn.jpg\" width=\"381\" height=\"253\" srcset=\"https:\/\/www.mensviventer.com\/wordpress\/wp-content\/uploads\/2014\/03\/brooklyn.jpg 635w, https:\/\/www.mensviventer.com\/wordpress\/wp-content\/uploads\/2014\/03\/brooklyn-300x199.jpg 300w\" sizes=\"(max-width: 381px) 100vw, 381px\" \/><\/a><\/strong><\/p>\n<p>Lokale myndigheter i Santa Fe (Argentina) samles for \u00e5 debattere en lov som presiserer at s\u00f8ndag er religi\u00f8s hviledag og som p\u00e5tvinger flere slags forretninger \u00e5 holde stengt.<\/p>\n<p>Link (www.datasantafeonline.com\/ultimas-noticias\/destacadas\/19410-deputados-dio-media-sancion-at-descanso-dominical-html&amp;act=url)<\/p>\n<p>&nbsp;<\/p>\n<p><strong>2013. Oktober. Polen.<\/strong><\/p>\n<p>Den katolske kirke presser for s\u00f8ndagslover i det polske parlamentet.<\/p>\n<p>News article:\u00a0<a href=\"http:\/\/translate.google.com\/translate?sl=auto&amp;tl=en&amp;js=n&amp;prev=_t&amp;hl=en&amp;ie=UTF-8&amp;u=http%3A%2F%2Fwww.pch24.pl%2Fkonferencja-w-sejmie-o-potrzebie-wolnej-niedzieli%2C18708%2Ci.html&amp;act=url\" target=\"_blank\">Link<\/a>: (sl=auto&amp;tl=en&amp;js=n&amp;prev=_t&amp;hl=en&amp;ie=utf-8&amp;u=http:\/\/www.pch24.pl\/konferencja-w-sejmie-o-potrzebie-wolnej-niedzieli,18708,i.html&amp;act=url)<\/p>\n<p><strong>2013. Oktober. Belgia.<\/strong><\/p>\n<h4>Den belgiske byen Kortrijk vedtar at en bot p\u00e5 250 euro for alle som klipper gresset p\u00e5 s\u00f8ndager.<\/h4>\n<p>.<\/p>\n<h4>2013. Oktober. Frankrike.<\/h4>\n<h4>Landet vurderer strikte s\u00f8ndagslover som vil kreve at en rekke butikker m\u00e5 holdes stengt p\u00e5 s\u00f8ndag.<\/h4>\n<p>News article:\u00a0<a href=\"http:\/\/www.thejournal.ie\/france-sunday-shopping-laws-1107689-Sep2013\/?com_ord=date\" target=\"_blank\">Link<\/a>: (http:\/\/www.thejournal.ie\/france-sunday-shopping-laws-1107689-sep2013\/?com_ord=date)<\/p>\n<h4>2013. September. USA.<a href=\"http:\/\/www.mensviventer.com\/wordpress\/wp-content\/uploads\/2014\/03\/1213_jt_btc-back-to-church-2014.jpg\"><img decoding=\"async\" loading=\"lazy\" class=\" wp-image-282 alignright\" alt=\"1213_jt_btc back to church 2014\" src=\"http:\/\/www.mensviventer.com\/wordpress\/wp-content\/uploads\/2014\/03\/1213_jt_btc-back-to-church-2014.jpg\" width=\"480\" height=\"182\" srcset=\"https:\/\/www.mensviventer.com\/wordpress\/wp-content\/uploads\/2014\/03\/1213_jt_btc-back-to-church-2014.jpg 1000w, https:\/\/www.mensviventer.com\/wordpress\/wp-content\/uploads\/2014\/03\/1213_jt_btc-back-to-church-2014-300x114.jpg 300w\" sizes=\"(max-width: 480px) 100vw, 480px\" \/><\/a><\/h4>\n<h4>En nasjonal \u00abtilbake til kirken p\u00e5 s\u00f8ndager\u00bb aksjon (Back to Church Sunday) samlet 3 millioner kristne fra tusener av menigheter og mange kirkesamfunn..<\/h4>\n<p>News item:\u00a0Link: (http:\/\/www.christianpost.com\/news\/3-million-people-came-back-to-church-on-sunday-sets-new-record-105044\/)<\/p>\n<h4>2013. Juni. Italia.<\/h4>\n<h4>Den katolske kirke sammen med fagforeningen presser for at butikker skal holdes stengt s\u00f8ndager.<\/h4>\n<p>(http:\/\/www.ksl.com\/index.php?nid=968&amp;sid=25460743&amp;fm-most_popular)<\/p>\n<p><strong>2013. April. Italia.<\/strong><\/p>\n<p>Pave Frans etterlyser nasjonal samling for s\u00f8ndagshvile. Han hevder at s\u00f8ndag som hviledag vil samle folket og virke til det beste for hele landet.<\/p>\n<p>News article:\u00a0<a href=\"http:\/\/www.nytimes.com\/2013\/04\/27\/us\/pope-francis-has-a-few-words-in-support-of-leisure.html?pagewanted=all&amp;_r=2&amp;\" target=\"_blank\">Link<\/a>: (http:\/\/www.nytimes.com\/2013\/04\/27\/us\/pope-francis-has-a-few-words-in-support-of-leisure.html?pagewanted=all&amp;_r=2&amp;)<\/p>\n<h4>2013. Mars. India.<a href=\"http:\/\/www.mensviventer.com\/wordpress\/wp-content\/uploads\/2014\/03\/hyderabad.jpg\"><img decoding=\"async\" loading=\"lazy\" class=\" wp-image-283 alignright\" alt=\"hyderabad\" src=\"http:\/\/www.mensviventer.com\/wordpress\/wp-content\/uploads\/2014\/03\/hyderabad.jpg\" width=\"249\" height=\"199\" srcset=\"https:\/\/www.mensviventer.com\/wordpress\/wp-content\/uploads\/2014\/03\/hyderabad.jpg 415w, https:\/\/www.mensviventer.com\/wordpress\/wp-content\/uploads\/2014\/03\/hyderabad-300x240.jpg 300w\" sizes=\"(max-width: 249px) 100vw, 249px\" \/><\/a><\/h4>\n<h4>Den store indiske byen Hyderabad h\u00e5ndhever plutselig strikte s\u00f8ndagslover som ble vedtatt i 1988, men har v\u00e6rt latente til n\u00e5<\/h4>\n<p>News:\u00a0Link: (http:\/\/www.deccanchronicle.com\/130320\/news-current-affairs\/article\/shops-be-closed-sundays)<\/p>\n<p>.<\/p>\n<p><strong>2012. Desember. Vatikanet.<\/strong><\/p>\n<p>Kirkens hovedkvarter bekjentgj\u00f8r et tett samarbeid med fagforeningene for \u00e5 stanse all s\u00f8ndagsarbeid og s\u00f8ndagshandel i Italia.<\/p>\n<p>News:\u00a0<a href=\"http:\/\/www.washingtonpost.com\/national\/on-faith\/vatican-works-to-stop-sunday-shopping-in-italy\/2012\/12\/19\/5ca8cc38-4a0e-11e2-8af9-9b50cb4605a7_story.html\" target=\"_blank\">Link<\/a>: (http:\/\/www.washingtonpost.com\/national\/on-faith\/vatican-works-to-stop-sunday-shopping-in-italy\/2012\/12\/19\/5ca8cc38-4a0e-11e2-8af9-9b50cb4605a7_story.html)<\/p>\n<p>.<\/p>\n<p><strong>2012. November. USA. Nord Carolina.<\/strong><\/p>\n<p>Milj\u00f8organisasjoner i flere byer i delstaten g\u00e5r sammen om \u00e5 feire \u00abjordas sabbat\u00bb, (s\u00f8ndag) for \u00e5 generere mer \u00e5ndelighet i befolkningen.<\/p>\n<p>Article:\u00a0<a href=\"http:\/\/www.huffingtonpost.com\/2012\/11\/07\/earth-sabbath-spiritual-activism-environmentalism_n_2084290.html?utm_hp_ref=religion\" target=\"_blank\">Link<\/a>: (http:\/\/www.huffingtonpost.com\/2012\/11\/07\/earth-sabbath-spiritual-activism-environmentalism_n_2084290.html?utm_hp_ref=religion)<\/p>\n<p>&nbsp;<\/p>\n<h4>2012. November. Sveits.<\/h4>\n<h4>Den 13. juni ble \u00abSunday Alliance Switzerland\u00bb etablert. Initiativet var tatt av fagforeningene.<\/h4>\n<p>Article:\u00a0<a href=\"http:\/\/www.europeansundayalliance.eu\/site\/newsevents\/breakingnews?SWS=7aaeee33864f1cb654a20e4bf1d6237d\" target=\"_blank\">Link<\/a>: http:\/\/www.europeansundayalliance.eu\/site\/newsevents\/breakingnews?sws=7aaeee33864f1cb654a20e4bf1d6237d)<\/p>\n<p>&nbsp;<\/p>\n<p><strong>2012. September. Nederland.<\/strong><\/p>\n<h4>Reformpartiet presser for at alle butikker skal v\u00e6re stengt p\u00e5 s\u00f8ndag. Begrunnelsen som gis er at denne dagen skal benyttes til kristne aktiviteter.<\/h4>\n<p>News:\u00a0<a href=\"http:\/\/www.mysinchew.com\/node\/77358\" target=\"_blank\">Link<\/a>: (http:\/\/www.mysinchew.com\/node\/77358)<\/p>\n<h4>2012. September. Hellas\u00a0<a href=\"http:\/\/www.mensviventer.com\/wordpress\/wp-content\/uploads\/2014\/03\/greece.jpg\"><img decoding=\"async\" loading=\"lazy\" class=\"size-full wp-image-286 alignright\" alt=\"greece\" src=\"http:\/\/www.mensviventer.com\/wordpress\/wp-content\/uploads\/2014\/03\/greece.jpg\" width=\"283\" height=\"178\" \/><\/a><\/h4>\n<h4>Eurozone landene forlanger 6-dagers arbeidsuke for Hellas. Landene som Hellas har l\u00e5nt penger av for \u00e5 overleve finansielt, presser for at Hellas m\u00e5 vedta en lov som p\u00e5tvinger arbeid p\u00e5 l\u00f8rdag. S\u00f8ndag er allerede lovbestemt helligdag. Denne ordningen er vedtatt i m\u00f8ter mellom religi\u00f8se ledere og EU\u2019s president.<\/h4>\n<p>News item:\u00a0<a href=\"http:\/\/www.guardian.co.uk\/business\/2012\/sep\/04\/eurozone-six-day-week-greece\" target=\"_blank\">Link<\/a>: (http:\/\/www.guardian.co.uk\/business\/2012\/Sep\/04\/eurozone-six-day-week-greece)<\/p>\n<h4><\/h4>\n<h4>2012. Juli. \u00d8sterrike.<\/h4>\n<h4>I en oppsiktsvekkende rettsak vedtar landets h\u00f8yesterett at et forbud mot \u00e5 holde butikker \u00e5pne p\u00e5 s\u00f8ndager, ikke strider mot grunnloven, siden loven rettferdiggj\u00f8res ved at den er til gagn for folket.<\/h4>\n<p><strong>2012. Mai. Lagos.<\/strong><\/p>\n<h4>Landets sentrale myndigheter gj\u00f8r innstramninger for s\u00f8ndagslover som p\u00e5tvinger butikker \u00e5 holde stengt p\u00e5 hviledagen.<\/h4>\n<p>(News article: http:\/\/www.punchng.com\/news\/lasg-to-enforce-ban-on-sunday-markets\/)<\/p>\n<p><strong>2012. Mai. USA.<a href=\"http:\/\/www.mensviventer.com\/wordpress\/wp-content\/uploads\/2014\/03\/harveyville.jpg\"><img decoding=\"async\" loading=\"lazy\" class=\"size-full wp-image-285 alignright\" alt=\"harveyville\" src=\"http:\/\/www.mensviventer.com\/wordpress\/wp-content\/uploads\/2014\/03\/harveyville.jpg\" width=\"275\" height=\"183\" \/><\/a><\/strong><\/p>\n<h4>Byen Harveyville hadde nettopp opplevd en grusom tornado og vedtok like etterp\u00e5 at s\u00f8ndag fra n\u00e5 av skulle v\u00e6re alles hviledag.<\/h4>\n<p>Newsarticle: (http:\/\/www.kctv5.com\/story\/17074775\/sunday-designated-as-day-of-rest)<\/p>\n<p><strong>2012. Mai. USA. Brooklyn.<\/strong><\/p>\n<h4>\u00abDepartment of Consumer Affairs\u00bb sl\u00e5r uventet hardt ned p\u00e5 spisesteder i bydelen som holder \u00e5pent p\u00e5 s\u00f8ndager.<\/h4>\n<p>News: (http:\/\/www.brooklynpaper.com\/stories\/35\/18\/dtg_waronbrunchrecruits_2012_05_11_bk.html)<\/p>\n<p><strong>2012. April. England.<\/strong><\/p>\n<h4>Organisasjonen \u00abThe Lord\u2019s Day Observance Sociery\u00bb (Foreningen for helligholdelse av Herrens dag) lager kampanje for \u00e5 fremme s\u00f8ndag som tilbedelsesdag.<\/h4>\n<p>(Website: http:\/\/www.lordsday.co.uk\/)<\/p>\n<div id=\"attachment_295\" style=\"width: 394px\" class=\"wp-caption alignright\"><a href=\"http:\/\/www.mensviventer.com\/wordpress\/wp-content\/uploads\/2014\/03\/0_JoshGraves.jpg\"><img aria-describedby=\"caption-attachment-295\" decoding=\"async\" loading=\"lazy\" class=\" wp-image-295  \" alt=\"0_JoshGraves\" src=\"http:\/\/www.mensviventer.com\/wordpress\/wp-content\/uploads\/2014\/03\/0_JoshGraves.jpg\" width=\"384\" height=\"256\" srcset=\"https:\/\/www.mensviventer.com\/wordpress\/wp-content\/uploads\/2014\/03\/0_JoshGraves.jpg 640w, https:\/\/www.mensviventer.com\/wordpress\/wp-content\/uploads\/2014\/03\/0_JoshGraves-300x200.jpg 300w\" sizes=\"(max-width: 384px) 100vw, 384px\" \/><\/a><p id=\"caption-attachment-295\" class=\"wp-caption-text\">Dr. Josh Graves Initiativtaker for \u00e5 holde s\u00f8ndagen hellig<\/p><\/div>\n<h4>En fellesreligi\u00f8s appell ble publisert med tittelen: \u00abA Call to Americans &#8211; Let\u2019s Make Sundag a Day of Rest. For God\u2019s Sake\u00bb. (La oss gj\u00f8re s\u00f8ndag til hviledag, for Guds skyld.) Appellen ble rettet til: J\u00f8der, Hinduer, Muslimer, Ateister, Agnostikere, Buddhister og Kristne.<\/h4>\n<p>(News article: http:\/\/www.foxnews.com\/opinion\/2012\/04\/22\/let-make-sunday-day-rest-for-gods-sake\/?intcmp=features)<\/p>\n<p><strong>2012. April. Singapore.<\/strong><\/p>\n<h4>Pastorer fra en rekke kirkesamfunn sender en anmodning til myndighetene for \u00e5 f\u00e5 lovfestet en kristen sabbathvile for hele landet, (De mener s\u00f8ndag.)<\/h4>\n<p>(News: http:\/\/sg.christianpost.com\/dbase.php?cat=society&amp;id=1870)<\/p>\n<p><strong>2012. April. USA. Honolulu.<\/strong><\/p>\n<h4>En lov ble vedtatt som tr\u00e5dte i effekt i juli samme \u00e5r. All kommersiell handel p\u00e5 s\u00f8ndager er forbudt p\u00e5 alle badestrender.<\/h4>\n<div id=\"attachment_287\" style=\"width: 171px\" class=\"wp-caption alignright\"><a href=\"http:\/\/www.mensviventer.com\/wordpress\/wp-content\/uploads\/2014\/03\/230px-Thomas_Mann_MEP_cropped.jpg\"><img aria-describedby=\"caption-attachment-287\" decoding=\"async\" loading=\"lazy\" class=\" wp-image-287  \" alt=\"230px-Thomas_Mann_MEP_(cropped)\" src=\"http:\/\/www.mensviventer.com\/wordpress\/wp-content\/uploads\/2014\/03\/230px-Thomas_Mann_MEP_cropped.jpg\" width=\"161\" height=\"214\" srcset=\"https:\/\/www.mensviventer.com\/wordpress\/wp-content\/uploads\/2014\/03\/230px-Thomas_Mann_MEP_cropped.jpg 230w, https:\/\/www.mensviventer.com\/wordpress\/wp-content\/uploads\/2014\/03\/230px-Thomas_Mann_MEP_cropped-225x300.jpg 225w\" sizes=\"(max-width: 161px) 100vw, 161px\" \/><\/a><p id=\"caption-attachment-287\" class=\"wp-caption-text\">Thomas Mann perlamentsmedlem i EU og med \u00f8nske om \u00e5 ta plass ogs\u00e5 etter valget i 2014, lover at han vil arbeide for en lov om s\u00f8ndagshelligholdelse til det beste for alle familier og folks helse.<\/p><\/div>\n<p>(News: http:\/\/www.msnbc.msn.com\/id\/46916045)<\/p>\n<p><strong>2012. Mars. Europa.<\/strong><\/p>\n<p>Aktivister fra 12 europeiske land var samlet den 4. mars og presset for at s\u00f8ndag m\u00e5 bli offisiell helligdag for alle europeiske land. News: (http:\/\/www.catholicculture.org\/news\/headlines\/index.cfm?storyid=13557)<\/p>\n<p><strong>2012. Februar. USA.<\/strong><\/p>\n<p>En ny lov som forbyr all jakt p\u00e5 s\u00f8ndag ble vedtatt i Virginia.<\/p>\n<p>(News: http:\/\/www.foxnews.com\/politics\/2012\/02\/17\/virginia-lawmakers-preserve-ban-on-sunday-hunting\/?test=latestnews)<\/p>\n<p><strong>2012. Januar USA.<\/strong><\/p>\n<h4>Kristne ledere samler seg for hva de kaller \u00abThe Sabbath Comeback\u00bb. Erkl\u00e6ringen de annonserte var at en ny bevegelse sprer seg i landet. De kaller det 24\/6, hvor 6 st\u00e5r for fri s\u00f8ndag for familie og tilbedelse. Blant slagordene er: \u00abSabbath becomes trendy\u00bb og \u00abFourth Commandment makes a comeback\u00bb.<\/h4>\n<p>Se kildens punkt 9. (<a href=\"http:\/\/religion.blogs.cnn.com\/2012\/01\/01\/12-faith-based-predictions-for-2012\/\">http:\/\/religion.blogs.cnn.com\/2012\/01\/01\/12-faith-based-predictions-for-2012\/<\/a>)<\/p>\n<p><strong>2011. November. Tyskland.\u00a0\u00a0\u00a0<\/strong>\u00a0 \u00a0 \u00a0 \u00a0 \u00a0 \u00a0 \u00a0 \u00a0 \u00a0 \u00a0 \u00a0 \u00a0 \u00a0 \u00a0 \u00a0 \u00a0 \u00a0 \u00a0 \u00a0 \u00a0 \u00a0 \u00a0 \u00a0 \u00a0 \u00a0 \u00a0 \u00a0 \u00a0 \u00a0 \u00a0 \u00a0 \u00a0 \u00a0 \u00a0 \u00a0 \u00a0 \u00a0 \u00a0 \u00a0 \u00a0 \u00a0 \u00a0 \u00a0 \u00a0 \u00a0 \u00a0 \u00a0 \u00a0 \u00a0 \u00a0 \u00a0 \u00a0 \u00a0 \u00a0 \u00a0 \u00a0 \u00a0 \u00a0 \u00a0 \u00a0 \u00a0 \u00a0 \u00a0 \u00a0 \u00a0 \u00a0 \u00a0 \u00a0 \u00a0 \u00a0 \u00a0 \u00a0 \u00a0 \u00a0 \u00a0 \u00a0 \u00a0 \u00a0 \u00a0 \u00a0 \u00a0 \u00a0 \u00a0 \u00a0 \u00a0 \u00a0 \u00a0 \u00a0 \u00a0 \u00a0 \u00a0 \u00a0 \u00a0 \u00a0 \u00a0 \u00a0 \u00a0 \u00a0 \u00a0 En rekke forskjellige kirkesamfunn sammen med fagforeningen appellerer for s\u00f8ndagsbeskyttelse. (Better protection of Sundays.) (Article: http:\/\/nrw.dgb.de\/presse\/++co++ef94b0ae-1745-11e1-7749-00188b4dc422)<\/p>\n<p><strong>2011. Oktober. USA.<a href=\"http:\/\/www.mensviventer.com\/wordpress\/wp-content\/uploads\/2014\/03\/The-Sunday-allianse.docx\"><br \/>\n<\/a><\/strong><\/p>\n<h4>\u00abThe Lord\u2019s Day Alliance of the U.S.\u00bb, bekjentgj\u00f8r at de i sitt arbeid st\u00e5r ved begynnelsen til en nye era. De vil v\u00e6re aktive for \u00e5 fremme the Sabbath (S\u00f8ndag) som en dag for \u00e5ndelige fornyelse. (Website: http:\/\/www.ldausa.org\/index.html)<\/h4>\n<p><strong>2011. September USA. Alabama. \u00a0\u00a0\u00a0\u00a0\u00a0\u00a0\u00a0\u00a0\u00a0\u00a0<\/strong><\/p>\n<h4>56 menigheter samarbeider med politiet, slik at personer d\u00f8mt for mindre lovbrudd, blir tvunget til \u00e5 g\u00e5 regelmessig i kirken hver s\u00f8ndag i stedet for \u00e5 bli fengslet.<\/h4>\n<p>(http:\/\/www.huffingtonpost.com\/2011\/09\/23\/bay-minette-alabama-jail-church_n_977687.html)<\/p>\n<p><strong>Oktober 24. 2007. Tidsskriftet USA Today.<a href=\"http:\/\/www.mensviventer.com\/wordpress\/wp-content\/uploads\/2014\/03\/usatoday.png\"><img decoding=\"async\" loading=\"lazy\" class=\" wp-image-289 alignright\" alt=\"usatoday\" src=\"http:\/\/www.mensviventer.com\/wordpress\/wp-content\/uploads\/2014\/03\/usatoday.png\" width=\"315\" height=\"96\" srcset=\"https:\/\/www.mensviventer.com\/wordpress\/wp-content\/uploads\/2014\/03\/usatoday.png 525w, https:\/\/www.mensviventer.com\/wordpress\/wp-content\/uploads\/2014\/03\/usatoday-300x91.png 300w\" sizes=\"(max-width: 315px) 100vw, 315px\" \/><\/a><\/strong><\/p>\n<p>\u00abSnart vil alle m\u00e5tte akseptere at sabbaten (s\u00f8ndag) er bindende for alle mennesker\u00bb.<\/p>\n<p><strong>2011. August USA.<\/strong><\/p>\n<p>Arrang\u00f8rene for den nasjonale \u00abBack to Sunday\u00bb kampanjen bekjentgj\u00f8r at de regner med at 10.000 menigheter over hele landet deltar p\u00e5 arrangementet den 18. September.\u00a0\u00a0\u00a0\u00a0\u00a0\u00a0\u00a0\u00a0\u00a0\u00a0\u00a0\u00a0\u00a0\u00a0\u00a0\u00a0\u00a0\u00a0\u00a0\u00a0 \u00a0(http:\/\/backtochurch.com\/http:\/\/www.backtochurch.co.uk\/)<\/p>\n<p>&nbsp;<\/p>\n<p><strong>2011. USA. Juli. Nord Dakota.<\/strong><\/p>\n<h4>Arrang\u00f8rene for en katolsk konferanse hevder at s\u00f8ndagslover vil v\u00e6re til fordel for alle. (Sunday laws benefits all people.) I PR materialet for konferansen, skrives det at s\u00f8ndagslover ikke bare m\u00e5 betraktes som en religi\u00f8s lov, men er et tiltak som s\u00f8rger for at samfunnet ikke blir styrt av arbeid, slit og profitt.<\/h4>\n<p>(News: http:\/\/www.ewtnnews.com\/catholic-news\/US.php?id=3598)<\/p>\n<p><strong>2011. Juni. USA.<\/strong><\/p>\n<p><a href=\"http:\/\/www.mensviventer.com\/wordpress\/wp-content\/uploads\/2014\/03\/JohnMacArthur-300x300.jpg\"><img decoding=\"async\" loading=\"lazy\" class=\" wp-image-291 alignright\" alt=\"JohnMacArthur-300x300\" src=\"http:\/\/www.mensviventer.com\/wordpress\/wp-content\/uploads\/2014\/03\/JohnMacArthur-300x300.jpg\" width=\"180\" height=\"180\" srcset=\"https:\/\/www.mensviventer.com\/wordpress\/wp-content\/uploads\/2014\/03\/JohnMacArthur-300x300.jpg 300w, https:\/\/www.mensviventer.com\/wordpress\/wp-content\/uploads\/2014\/03\/JohnMacArthur-300x300-150x150.jpg 150w\" sizes=\"(max-width: 180px) 100vw, 180px\" \/><\/a>Den kjente evangelisten John Macarthur, forfatter av over 150 b\u00f8ker, skriver og forkynner at \u00e5rsaken til Amerikas mange problemer, er at landet er under Guds dom fordi Guds lov blir ignorert i landet. V\u00e5r kommentar: Alle vet at denne pastoren og hans kirke definerer det fjerde bud \u00e5 v\u00e6re den hedenske soldagen s\u00f8ndag, ikke Guds sabbat. Det eneste budet i Guds lov som kan skjerpes av myndighetene (for at landet skal oppleve Guds beskyttelse) er hviledagsbudet.<\/p>\n<p>(Kilde: http:\/\/www.christianpost.com\/news\/john-macarthur-says-america-is-under-divine-judgment-51584\/)<\/p>\n<p><strong>2011. Juni. Europa.<\/strong><\/p>\n<h4>Ny konferanse for \u00e5 finne m\u00e5ter \u00e5 beskytte s\u00f8ndagen p\u00e5 (Sunday protection) arrangert av den europeiske sundayalliance.<\/h4>\n<p>(Kilde: <a href=\"http:\/\/www.europeansundayalliance.eu\/\">http:\/\/www.europeansundayalliance.eu\/<\/a>) og (http:\/\/www.comece.org\/site\/en\/press\/pressreleases\/newsletter.content\/1359.html)<\/p>\n<p><strong>2011. April. Belfast.\u00a0<\/strong><\/p>\n<p>73% av befolkningen stemte imot at butikker skulle v\u00e6re \u00e5pne p\u00e5 s\u00f8ndag. Helligdagsaktiviteter og familieliv var begrunnelsen et flertall av innbyggerne ga som personlig motiv.<\/p>\n<p>(http:\/\/www.christian.org.uk\/news\/belfast-refuses-to-endorse-sunday-trading-deregulation\/)<\/p>\n<div id=\"attachment_292\" style=\"width: 356px\" class=\"wp-caption alignright\"><a href=\"http:\/\/www.mensviventer.com\/wordpress\/wp-content\/uploads\/2014\/03\/sean-P-O-malley2-st\u00f8rre.jpg\"><img aria-describedby=\"caption-attachment-292\" decoding=\"async\" loading=\"lazy\" class=\" wp-image-292 \" alt=\"sean P O malley2 st\u00f8rre\" src=\"http:\/\/www.mensviventer.com\/wordpress\/wp-content\/uploads\/2014\/03\/sean-P-O-malley2-st\u00f8rre.jpg\" width=\"346\" height=\"274\" srcset=\"https:\/\/www.mensviventer.com\/wordpress\/wp-content\/uploads\/2014\/03\/sean-P-O-malley2-st\u00f8rre.jpg 960w, https:\/\/www.mensviventer.com\/wordpress\/wp-content\/uploads\/2014\/03\/sean-P-O-malley2-st\u00f8rre-300x237.jpg 300w\" sizes=\"(max-width: 346px) 100vw, 346px\" \/><\/a><p id=\"caption-attachment-292\" class=\"wp-caption-text\">President Obama og Kardinal Sean Patrick O`Malley<\/p><\/div>\n<h4>Katolske arbeidere kjemper for \u00e5 f\u00e5 innf\u00f8rt lovbestemt arbeidsfri<\/h4>\n<h4>s\u00f8ndag. (http:\/\/allianz-fuer-den-freien-sonntag.de\/)<\/h4>\n<p>&nbsp;<\/p>\n<p>\u00abS\u00f8ndag er merket (the mark) p\u00e5 kristen identitet\u00bb.<\/p>\n<p>(Cardinal Sean Patrick O&#8217;Malley.)<\/p>\n<p>&nbsp;<\/p>\n","protected":false},"excerpt":{"rendered":"<p>For 2-3 \u00e5r siden begynte en uforst\u00e5elig fokusering p\u00e5 n\u00f8dvendigheten av \u00e5 vedta s\u00f8ndagslover. P\u00e5 overraskende kort tid synes denne aksjonen \u00e5 ha tatt helt av b\u00e5de i USA og i en rekke Europeiske land. Noen observat\u00f8rer skriver at noe m\u00e5 ha skjedd bak kulissene, for det som n\u00e5 finner sted, kan umulig tilskrives tilfeldigheter. [&hellip;]<\/p>\n","protected":false},"author":1,"featured_media":0,"comment_status":"open","ping_status":"open","sticky":false,"template":"","format":"standard","meta":[],"categories":[2],"tags":[],"_links":{"self":[{"href":"https:\/\/www.mensviventer.com\/index.php?rest_route=\/wp\/v2\/posts\/277"}],"collection":[{"href":"https:\/\/www.mensviventer.com\/index.php?rest_route=\/wp\/v2\/posts"}],"about":[{"href":"https:\/\/www.mensviventer.com\/index.php?rest_route=\/wp\/v2\/types\/post"}],"author":[{"embeddable":true,"href":"https:\/\/www.mensviventer.com\/index.php?rest_route=\/wp\/v2\/users\/1"}],"replies":[{"embeddable":true,"href":"https:\/\/www.mensviventer.com\/index.php?rest_route=%2Fwp%2Fv2%2Fcomments&post=277"}],"version-history":[{"count":2,"href":"https:\/\/www.mensviventer.com\/index.php?rest_route=\/wp\/v2\/posts\/277\/revisions"}],"predecessor-version":[{"id":297,"href":"https:\/\/www.mensviventer.com\/index.php?rest_route=\/wp\/v2\/posts\/277\/revisions\/297"}],"wp:attachment":[{"href":"https:\/\/www.mensviventer.com\/index.php?rest_route=%2Fwp%2Fv2%2Fmedia&parent=277"}],"wp:term":[{"taxonomy":"category","embeddable":true,"href":"https:\/\/www.mensviventer.com\/index.php?rest_route=%2Fwp%2Fv2%2Fcategories&post=277"},{"taxonomy":"post_tag","embeddable":true,"href":"https:\/\/www.mensviventer.com\/index.php?rest_route=%2Fwp%2Fv2%2Ftags&post=277"}],"curies":[{"name":"wp","href":"https:\/\/api.w.org\/{rel}","templated":true}]}}