{"id":271,"date":"2014-03-10T16:47:04","date_gmt":"2014-03-10T15:47:04","guid":{"rendered":"http:\/\/www.mensviventer.com\/?p=271"},"modified":"2014-03-10T16:47:04","modified_gmt":"2014-03-10T15:47:04","slug":"ulf-ekman-blir-katolikk","status":"publish","type":"post","link":"https:\/\/www.mensviventer.com\/?p=271","title":{"rendered":"Ulf Ekman blir katolikk"},"content":{"rendered":"<p><a href=\"http:\/\/www.mensviventer.com\/wordpress\/wp-content\/uploads\/2014\/03\/livets-ord.jpg\"><img decoding=\"async\" loading=\"lazy\" class=\"size-full wp-image-272 alignleft\" alt=\"livets ord\" src=\"http:\/\/www.mensviventer.com\/wordpress\/wp-content\/uploads\/2014\/03\/livets-ord.jpg\" width=\"329\" height=\"153\" srcset=\"https:\/\/www.mensviventer.com\/wordpress\/wp-content\/uploads\/2014\/03\/livets-ord.jpg 329w, https:\/\/www.mensviventer.com\/wordpress\/wp-content\/uploads\/2014\/03\/livets-ord-300x139.jpg 300w\" sizes=\"(max-width: 329px) 100vw, 329px\" \/><\/a>I artikkelen \u00ab<i>Pinsevennenes katolisering<\/i>\u00bb, kommenterte vi at stifteren av det karismatiske kirkesamfunnet \u00ab<i>Livets Ord<\/i>\u00bb i Uppsala, Ulf Ekman, formidlet holdninger som var gjennomsyret av katolsk teologi. Det var s\u00e6rlig innholdet i noen av Ulfs artikler i det teologiske tidsskriftet \u00ab<em>Keryx\u00bb<\/em>, som synliggjorde hans katolske tenkesett. Vi skrev at det nok bare var snakk om tid for Ulf Ekman konverterte.<\/p>\n<p>Weekenden 8-9 mars i \u00e5r ble mistanken offisielt bekreftet, og nyheten ga naturlig nok overskrifter i kristenmedia i b\u00e5de Sverige og Norge. B\u00e5de Ulf og hans kone Birgitta, g\u00e5r sammen i s\u00f8nnen Benjamins fotspor, og vil i l\u00f8pet av v\u00e5ren konvertere til den romersk-katolske kirke.<\/p>\n<p>Dagen etter bekjentgj\u00f8relsen ble det arrangert et krisem\u00f8te for sjokkerte menighetsmedlemmer.<\/p>\n<p>B\u00e5de p\u00e5 sin nettside og gjennom menighetens talsperson, Dahlberg, informerer Ulf Ekman det f\u00f8lgende: \u00ab<i>For Birgitta og meg har det v\u00e6rt en langsom utvikling der vi har beveget oss fra \u00e5 oppdage nye saker til \u00e5 l\u00e6re \u00e5 sette pris p\u00e5 det vi har oppdaget til \u00e5 n\u00e6rme oss og endatil la oss l\u00e6re av v\u00e5re tross\u00f8sken. N\u00e5 opplever vi at vi skal ta f\u00f8lgene av det vi har oppdaget. Troen p\u00e5 enhet f\u00e5r praktiske konsekvenser for oss<\/i>\u00bb.<\/p>\n<p>Tidligere har Ulf Ekman skrevet at gjennombruddet kom da han fikk kontakt med karismatiske katolikker, som talte i det pinsevennene kaller \u00ab<i>tunger<\/i>\u00bb.<a href=\"http:\/\/www.mensviventer.com\/wordpress\/wp-content\/uploads\/2014\/03\/1_ipad-art-wide-hillsong-420x0.jpg\"><img decoding=\"async\" loading=\"lazy\" class=\"size-full wp-image-273 alignright\" alt=\"1_ipad-art-wide-hillsong-420x0\" src=\"http:\/\/www.mensviventer.com\/wordpress\/wp-content\/uploads\/2014\/03\/1_ipad-art-wide-hillsong-420x0.jpg\" width=\"420\" height=\"304\" srcset=\"https:\/\/www.mensviventer.com\/wordpress\/wp-content\/uploads\/2014\/03\/1_ipad-art-wide-hillsong-420x0.jpg 420w, https:\/\/www.mensviventer.com\/wordpress\/wp-content\/uploads\/2014\/03\/1_ipad-art-wide-hillsong-420x0-300x217.jpg 300w\" sizes=\"(max-width: 420px) 100vw, 420px\" \/><\/a><\/p>\n<p>Pinsevennenes \u00ab<i>tungetale<\/i>\u00bb blir tolket som \u00ab<i>d\u00e5p i den Hellige \u00c5nd<\/i>\u00bb, og Ulf har en rekke ganger skrevet at siden katolikker mottar \u00e5ndsd\u00e5p, og f\u00e5r denne \u00ab<i>tungegaven<\/i>\u00bb, mener han at det er bevis p\u00e5 at Gud ikke bryr seg noe om hva slags teologi vi har eller hva vi tror og l\u00e6rer. Alle som \u00f8nsker \u00e5 motta kraften, kan f\u00e5 den, hvis de ber om den. Han hevder at liv, l\u00e6re og dogmer er uvesentlige for Gud.<\/p>\n<p>(Som informasjon for v\u00e5re lesere, kan det opplyses at \u00ab<i>tungegaven<\/i>\u00bb Ulf henviser til, ikke er det samme som n\u00e5degaven Bibelen omtaler fra pinsefestens dag, da mennesker h\u00f8rte sitt eget spr\u00e5k, selv om taleren hadde et annet tungem\u00e5l. Det er heller ikke den samme n\u00e5degaven som n\u00e5r en person gis den mirakul\u00f8se gaven \u00e5 kunne snakke et fremmed spr\u00e5k vedkommende ikke har l\u00e6rt, n\u00e5r nettopp det er n\u00f8dvendig for \u00e5 kunne forkynne og vitne. Det er godt kjent at begge disse omtalte tungem\u00e5lsgavene gis ogs\u00e5 i dag, n\u00e5r Gud ser det hensiktsmessige for det sanne evangeliets forkynnelse.)<\/p>\n<p>Ulf skriver om tungetalen hos katolikker, at \u00ab<i>disse erfaringene har utfordret v\u00e5re medf\u00f8dte protestantiske fordommer<\/i>\u00bb, og han legger til at han \u00ab<i>etterhvert inns\u00e5 at han derfor ikke hadde belegg for noe av den kritikken han tidligere hadde f\u00f8rt mot katolsk tro og l\u00e6re<\/i>\u00bb.<\/p>\n<p><b>Ulf forlater Livets Ord. \u00a0 \u00a0 \u00a0 \u00a0 \u00a0 \u00a0 \u00a0 \u00a0 \u00a0 \u00a0 \u00a0 \u00a0 \u00a0 \u00a0 \u00a0 \u00a0 \u00a0 \u00a0 \u00a0 \u00a0 \u00a0 \u00a0 \u00a0 \u00a0 \u00a0 \u00a0 \u00a0 \u00a0 \u00a0 \u00a0 \u00a0 \u00a0 \u00a0 \u00a0 \u00a0 \u00a0 \u00a0 \u00a0 \u00a0 \u00a0 \u00a0 \u00a0 \u00a0 \u00a0 \u00a0 \u00a0 \u00a0 \u00a0 \u00a0 \u00a0 \u00a0 \u00a0 \u00a0 \u00a0 \u00a0 \u00a0 \u00a0 \u00a0 \u00a0 \u00a0 \u00a0 \u00a0 \u00a0 \u00a0 \u00a0 \u00a0 \u00a0 \u00a0 \u00a0 \u00a0 \u00a0 \u00a0 \u00a0 \u00a0 \u00a0 \u00a0 \u00a0 <\/b>Etter \u00e5 ha ledet menigheten i over 30 \u00e5r, forlater Ekman n\u00e5 \u00ab<i>Livets Ord<\/i>\u00bb. Pastor Joakim Lundqvist tar over roret og bekjentgj\u00f8r at menigheten ikke kommer til \u00e5 g\u00e5 samme veg som sin grunnlegger.<\/p>\n<p>En god venn av Ulf Ekman, medieprofilen Siewert \u00d6holm, uttaler til svenske aviser at han er meget skuffet, og ikke kan forst\u00e5 at Ulf ikke ser problemer i katolske teolgi. Han sier at dette vil for\u00e5rsake mye forvirring i menigheten, men at det positive er at b\u00e5de menigheten og hvert medlem n\u00e5 m\u00e5 bli bevisst hva de selv st\u00e5r for p\u00e5 det ideologiske omr\u00e5det.<\/p>\n<p>P\u00e5 sp\u00f8rsm\u00e5l om hvordan menighetens medlemmer kommer til \u00e5 takle Ulfs beslutning, svarer han at det nok vil bli et sjokk for de fleste, men at noen uten tvil allerede har sett dette komme.<\/p>\n<p>JB<a href=\"http:\/\/www.mensviventer.com\/wordpress\/wp-content\/uploads\/2014\/03\/forsideB.jpg\"><img decoding=\"async\" loading=\"lazy\" class=\" wp-image-274 alignright\" alt=\"forsideB\" src=\"http:\/\/www.mensviventer.com\/wordpress\/wp-content\/uploads\/2014\/03\/forsideB.jpg\" width=\"281\" height=\"336\" srcset=\"https:\/\/www.mensviventer.com\/wordpress\/wp-content\/uploads\/2014\/03\/forsideB.jpg 781w, https:\/\/www.mensviventer.com\/wordpress\/wp-content\/uploads\/2014\/03\/forsideB-251x300.jpg 251w\" sizes=\"(max-width: 281px) 100vw, 281px\" \/><\/a><\/p>\n<p><b>&#8220;Den tredje b\u00f8lgen&#8221; innen den karismatiske\u00a0 bevegelsen, ble plantet av jesuittstrateger, for \u00e5 svekke dogme barrierer hos &#8220;adskilte br\u00f8dre.&#8221;<\/b><b>\u00a0<\/b>Indre opplevelser, atmosf\u00e6re, \u00e5ndsmanifestasjoner og somatisk (kroppslig) respons skulle ta over sannhetsdokumentasjonen i stedet for Guds Ords fundament. Les mer fra <a href=\"http:\/\/www.mensviventer.no\/\">www.mensviventer.no<\/a>\u00a0 1993: <a href=\"http:\/\/www.mensviventer.no\/mvv6\/karismatikk.htm\">http:\/\/www.mensviventer.no\/mvv6\/karismatikk.htm<\/a><\/p>\n<p>Les ogs\u00e5 denne gjesteartikkelen skrevet av Anders Olav Lande (n\u00e5 Bj\u00f8rkav\u00e5g) i 1999: <a href=\"http:\/\/www.mensviventer.no\/mvv23\/vekkelsen.htm\">http:\/\/www.mensviventer.no\/mvv23\/vekkelsen.htm<\/a><\/p>\n<p>Og til slutt: alle \u00abd\u00f8trene\u00bb p\u00e5 vei hjem til moderkirken. Artikken fra 2007: http:\/\/www.mensviventer.no\/mvv49\/moderkirken.html<\/p>\n","protected":false},"excerpt":{"rendered":"<p>I artikkelen \u00abPinsevennenes katolisering\u00bb, kommenterte vi at stifteren av det karismatiske kirkesamfunnet \u00abLivets Ord\u00bb i Uppsala, Ulf Ekman, formidlet holdninger som var gjennomsyret av katolsk teologi. Det var s\u00e6rlig innholdet i noen av Ulfs artikler i det teologiske tidsskriftet \u00abKeryx\u00bb, som synliggjorde hans katolske tenkesett. Vi skrev at det nok bare var snakk om tid [&hellip;]<\/p>\n","protected":false},"author":1,"featured_media":0,"comment_status":"open","ping_status":"open","sticky":false,"template":"","format":"standard","meta":[],"categories":[2],"tags":[],"_links":{"self":[{"href":"https:\/\/www.mensviventer.com\/index.php?rest_route=\/wp\/v2\/posts\/271"}],"collection":[{"href":"https:\/\/www.mensviventer.com\/index.php?rest_route=\/wp\/v2\/posts"}],"about":[{"href":"https:\/\/www.mensviventer.com\/index.php?rest_route=\/wp\/v2\/types\/post"}],"author":[{"embeddable":true,"href":"https:\/\/www.mensviventer.com\/index.php?rest_route=\/wp\/v2\/users\/1"}],"replies":[{"embeddable":true,"href":"https:\/\/www.mensviventer.com\/index.php?rest_route=%2Fwp%2Fv2%2Fcomments&post=271"}],"version-history":[{"count":2,"href":"https:\/\/www.mensviventer.com\/index.php?rest_route=\/wp\/v2\/posts\/271\/revisions"}],"predecessor-version":[{"id":276,"href":"https:\/\/www.mensviventer.com\/index.php?rest_route=\/wp\/v2\/posts\/271\/revisions\/276"}],"wp:attachment":[{"href":"https:\/\/www.mensviventer.com\/index.php?rest_route=%2Fwp%2Fv2%2Fmedia&parent=271"}],"wp:term":[{"taxonomy":"category","embeddable":true,"href":"https:\/\/www.mensviventer.com\/index.php?rest_route=%2Fwp%2Fv2%2Fcategories&post=271"},{"taxonomy":"post_tag","embeddable":true,"href":"https:\/\/www.mensviventer.com\/index.php?rest_route=%2Fwp%2Fv2%2Ftags&post=271"}],"curies":[{"name":"wp","href":"https:\/\/api.w.org\/{rel}","templated":true}]}}