{"id":2119,"date":"2023-11-16T15:18:01","date_gmt":"2023-11-16T14:18:01","guid":{"rendered":"https:\/\/www.mensviventer.com\/?p=2119"},"modified":"2023-11-16T19:02:12","modified_gmt":"2023-11-16T18:02:12","slug":"nar-livet-er-opp-ned","status":"publish","type":"post","link":"https:\/\/www.mensviventer.com\/?p=2119","title":{"rendered":"N\u00e5r livet er opp-ned"},"content":{"rendered":"\n<p><strong>Hvem er der &#8211; hvem er ikke der<\/strong><\/p>\n\n\n\n<p>Jeg s\u00e5 en liten video-snutt av en flokk skilpadder som holdt til p\u00e5 relativt grunt vann. En av dem fikk nok litt for stor fart opp fra bunnen for \u00e5 trekke luft, den gjorde i hvert fall en liten side-flipp og havnet dessverre p\u00e5 ryggen, noe som for skilpadder er ganske alvorlig. \u00c5 bli liggende slik har tatt livet av mange av disse fascinerende dyrene.<\/p>\n\n\n<div class=\"wp-block-image\">\n<figure class=\"alignleft size-large is-resized\"><a href=\"https:\/\/www.mensviventer.com\/wordpress\/wp-content\/uploads\/2023\/11\/Turtle1.png\"><img decoding=\"async\" loading=\"lazy\" src=\"https:\/\/www.mensviventer.com\/wordpress\/wp-content\/uploads\/2023\/11\/Turtle1-1024x510.png\" alt=\"\" class=\"wp-image-2120\" width=\"286\" height=\"142\" srcset=\"https:\/\/www.mensviventer.com\/wordpress\/wp-content\/uploads\/2023\/11\/Turtle1-1024x510.png 1024w, https:\/\/www.mensviventer.com\/wordpress\/wp-content\/uploads\/2023\/11\/Turtle1-300x149.png 300w, https:\/\/www.mensviventer.com\/wordpress\/wp-content\/uploads\/2023\/11\/Turtle1-768x382.png 768w, https:\/\/www.mensviventer.com\/wordpress\/wp-content\/uploads\/2023\/11\/Turtle1.png 1093w\" sizes=\"(max-width: 286px) 100vw, 286px\" \/><\/a><figcaption class=\"wp-element-caption\"><em>Skilpadde havnet opp-ned<\/em><\/figcaption><\/figure><\/div>\n\n<div class=\"wp-block-image\">\n<figure class=\"alignleft size-large is-resized\"><a href=\"https:\/\/www.mensviventer.com\/wordpress\/wp-content\/uploads\/2023\/11\/Turtle2.png\"><img decoding=\"async\" loading=\"lazy\" src=\"https:\/\/www.mensviventer.com\/wordpress\/wp-content\/uploads\/2023\/11\/Turtle2-1024x508.png\" alt=\"\" class=\"wp-image-2121\" width=\"290\" height=\"143\" srcset=\"https:\/\/www.mensviventer.com\/wordpress\/wp-content\/uploads\/2023\/11\/Turtle2-1024x508.png 1024w, https:\/\/www.mensviventer.com\/wordpress\/wp-content\/uploads\/2023\/11\/Turtle2-300x149.png 300w, https:\/\/www.mensviventer.com\/wordpress\/wp-content\/uploads\/2023\/11\/Turtle2-768x381.png 768w, https:\/\/www.mensviventer.com\/wordpress\/wp-content\/uploads\/2023\/11\/Turtle2.png 1097w\" sizes=\"(max-width: 290px) 100vw, 290px\" \/><\/a><figcaption class=\"wp-element-caption\"><em>Men ble sett av en hjelper<\/em><\/figcaption><\/figure><\/div>\n\n<div class=\"wp-block-image\">\n<figure class=\"alignleft size-large is-resized\"><a href=\"https:\/\/www.mensviventer.com\/wordpress\/wp-content\/uploads\/2023\/11\/Turtle3.png\"><img decoding=\"async\" loading=\"lazy\" src=\"https:\/\/www.mensviventer.com\/wordpress\/wp-content\/uploads\/2023\/11\/Turtle3-1024x491.png\" alt=\"\" class=\"wp-image-2122\" width=\"291\" height=\"139\" srcset=\"https:\/\/www.mensviventer.com\/wordpress\/wp-content\/uploads\/2023\/11\/Turtle3-1024x491.png 1024w, https:\/\/www.mensviventer.com\/wordpress\/wp-content\/uploads\/2023\/11\/Turtle3-300x144.png 300w, https:\/\/www.mensviventer.com\/wordpress\/wp-content\/uploads\/2023\/11\/Turtle3-768x369.png 768w, https:\/\/www.mensviventer.com\/wordpress\/wp-content\/uploads\/2023\/11\/Turtle3.png 1098w\" sizes=\"(max-width: 291px) 100vw, 291px\" \/><\/a><figcaption class=\"wp-element-caption\">&#8230;.<em>ble dyttet p\u00e5 plass<\/em><\/figcaption><\/figure><\/div>\n\n\n<p>Heldigvis ble ikke uhellet oversett av de andre skilpaddene, som tydeligvis holdt \u00f8ye med hverandre, kanskje nettopp fordi det er beskyttelse og trygghet i et fellesskap.<\/p>\n\n\n<div class=\"wp-block-image\">\n<figure class=\"alignright size-full is-resized\"><a href=\"https:\/\/www.mensviventer.com\/wordpress\/wp-content\/uploads\/2023\/11\/Turtle4.png\"><img decoding=\"async\" loading=\"lazy\" src=\"https:\/\/www.mensviventer.com\/wordpress\/wp-content\/uploads\/2023\/11\/Turtle4.png\" alt=\"\" class=\"wp-image-2123\" width=\"290\" height=\"172\" srcset=\"https:\/\/www.mensviventer.com\/wordpress\/wp-content\/uploads\/2023\/11\/Turtle4.png 770w, https:\/\/www.mensviventer.com\/wordpress\/wp-content\/uploads\/2023\/11\/Turtle4-300x178.png 300w, https:\/\/www.mensviventer.com\/wordpress\/wp-content\/uploads\/2023\/11\/Turtle4-768x455.png 768w\" sizes=\"(max-width: 290px) 100vw, 290px\" \/><\/a><figcaption class=\"wp-element-caption\"><em>Til glede for b\u00e5de hjelper og den som ble hjulpet<\/em><\/figcaption><\/figure><\/div>\n\n\n<p>Straks de registrerte tilstanden til sin \u2018opp-ned\u2019 partner, sv\u00f8mte de alle tett p\u00e5 den havarerte og omringet den fra alle sider. En av dem sv\u00f8mte deretter ned og presset den forulykkende opp fra en side, og siden de andre ga motvekt for \u00e5 hindre at \u2018opp-ned\u2019 skilpadden bare ble skj\u00f8vet til siden, klarte de sammen \u00e5 snu den rundt igjen.<\/p>\n\n\n\n<p>Etter bragden fortsatte, de alle \u00e5 dykke ned og spise fra de gr\u00f8nne plantene p\u00e5 bunnen og alt var som f\u00f8r ulykken. Om skilpaddenes samarbeid ble utf\u00f8rt som f\u00f8lge av innebygde reflekser, resultatet av en tankeprosess, emosjonell respons eller erfaring, vet jeg ikke noe om. Det var i hvert fall det rette \u00e5 gj\u00f8re for \u00e5 redde livet til en av deres egne, som fikk livet snudd \u2018opp-ned\u2019.<\/p>\n\n\n\n<p>En parallell og overf\u00f8rsel ligger p\u00e5 lur etter \u00e5 ha sett filmbiten. Fra mange \u00e5r med evangelisk forkynnelse og sjelesorg, har ogs\u00e5 jeg m\u00f8tt en god del mennesker, som lik den nevnte skilpadden, havnet \u2018opp-ned\u2019 i livet. \u00c5rsakene til tilstanden kunne variere voldsomt, men resultatet ble likevel det samme. De opplevde at de ikke klarte \u00e5 komme seg videre og hva de enn gjorde for selvhjelp, synes ikke \u00e5 hjelpe.<\/p>\n\n\n\n<p>Siden flere av disse observasjonene ble gjort i kristne menighetsmilj\u00f8er, burde det h\u00f8rt med i historien, at den samme responsen som skilpaddene utviste, ogs\u00e5 ble resultatet i de kristne subkulturene. I noen av disse troende gruppene, var det heldigvis enkeltmennesker som ga en respons som kunne reflekterte det edle kristennavnet. Andre steder ble \u2018opp-ned\u2019 menneskene, selv om de var medlemmer av fellesskapet, ignorert, avskydd, skj\u00f8vet ut og m\u00f8tt med kulde, avstand og taushet. I enkelte menigheter ble de ikke bare frosset ut, men det ble rett og slett lagt til rette for at de skulle fortsette \u00e5 \u2018ligge p\u00e5 ryggen\u2019, ved at direkte l\u00f8gn og anklager gjorde endringsprosesser veldig vanskelige eller nesten umulige.<\/p>\n\n\n<div class=\"wp-block-image\">\n<figure class=\"alignright size-large is-resized\"><a href=\"https:\/\/www.mensviventer.com\/wordpress\/wp-content\/uploads\/2023\/11\/mobbning-sociala-moraliska-processer.jpg\"><img decoding=\"async\" loading=\"lazy\" src=\"https:\/\/www.mensviventer.com\/wordpress\/wp-content\/uploads\/2023\/11\/mobbning-sociala-moraliska-processer-1024x368.jpg\" alt=\"\" class=\"wp-image-2125\" width=\"371\" height=\"132\" srcset=\"https:\/\/www.mensviventer.com\/wordpress\/wp-content\/uploads\/2023\/11\/mobbning-sociala-moraliska-processer-1024x368.jpg 1024w, https:\/\/www.mensviventer.com\/wordpress\/wp-content\/uploads\/2023\/11\/mobbning-sociala-moraliska-processer-300x108.jpg 300w, https:\/\/www.mensviventer.com\/wordpress\/wp-content\/uploads\/2023\/11\/mobbning-sociala-moraliska-processer-768x276.jpg 768w, https:\/\/www.mensviventer.com\/wordpress\/wp-content\/uploads\/2023\/11\/mobbning-sociala-moraliska-processer.jpg 1440w\" sizes=\"(max-width: 371px) 100vw, 371px\" \/><\/a><figcaption class=\"wp-element-caption\"><em>En stor unders\u00f8kelse om mobbing og det \u00e5 bli holdt utenfor, og dens p\u00e5virkning p\u00e5 barnet som opplevde dette. 6199 barn i alderen 12-18 \u00e5r var med. Resultatet viste bl.a. at mobbeofre hadde en tendens til \u00e5 f\u00f8le seg utrygge p\u00e5 skolen, ha en negativ fremtidig utdanningsorientering og skulke skolen \u2013 og desverre alt dette var positivt forbundet med \u00e5 ta med v\u00e5pen til skolen (USA). Unders\u00f8kelsen ble utf\u00f8rt av Linkj\u00f8ping i samarbeid med amerikanske universiteter.<\/em><\/figcaption><\/figure><\/div>\n\n\n<p>Jeg har mange ganger undret meg over hvorfor og hvordan kristne menigheter, som har en verbal trosbekjennelse og muntlig benytter Bibelens begreper for \u00e5 proklamere sitt ideologiske st\u00e5sted, evner \u00e5 v\u00e6re fullstendig blinde for avstanden mellom egne ord og handlinger. Om jeg har lykkes med \u00e5 finne mulige svar p\u00e5 fenomenet, er jeg ikke helt sikker p\u00e5, men noen observasjoner har jeg tillatt meg \u00e5 gj\u00f8re.<\/p>\n\n\n\n<p>N\u00e5r mennesker st\u00e5r oss n\u00e6r, og v\u00e5r respons p\u00e5 deres tilstand blir personlig nok, fordi vi p\u00e5 grunn av kjennskap og vennskap kan leve oss inn i deres tilstand, ser det ut til at vi evner \u00e5 v\u00e6re langt mer ekte og sanne, enn n\u00e5r vi tilh\u00f8rer en gruppe hvor responsen er antatt \u00e5 v\u00e6re kollektivt.<\/p>\n\n\n\n<p>Grupperespons kan v\u00e6re skumle greier, siden den delen av reaksjonen som skal tilh\u00f8re det enkelte individ, lett blir tynnet ut og fordelt p\u00e5 mange. Det er sannsynligvis helt umulig b\u00e5de \u00e5 si, mene og f\u00f8le at \u2018vi\u2019 elsker deg, \u2018vi\u2019 f\u00f8ler med deg, \u2018vi\u2019 har medf\u00f8lelse eller \u2018vi\u2019 viser barmhjertighet. Kj\u00e6rlighet, medf\u00f8lelse og barmhjertighet, kan bare springe ut fra det ene menneskets tanker og f\u00f8lelser, siden det er subjektive opplevelser.<\/p>\n\n\n<div class=\"wp-block-image\">\n<figure class=\"alignleft size-full is-resized\"><a href=\"https:\/\/www.mensviventer.com\/wordpress\/wp-content\/uploads\/2023\/11\/tile-bullying_tcm7-284515-1.jpg\"><img decoding=\"async\" loading=\"lazy\" src=\"https:\/\/www.mensviventer.com\/wordpress\/wp-content\/uploads\/2023\/11\/tile-bullying_tcm7-284515-1.jpg\" alt=\"\" class=\"wp-image-2126\" width=\"278\" height=\"143\" srcset=\"https:\/\/www.mensviventer.com\/wordpress\/wp-content\/uploads\/2023\/11\/tile-bullying_tcm7-284515-1.jpg 740w, https:\/\/www.mensviventer.com\/wordpress\/wp-content\/uploads\/2023\/11\/tile-bullying_tcm7-284515-1-300x154.jpg 300w\" sizes=\"(max-width: 278px) 100vw, 278px\" \/><\/a><\/figure><\/div>\n\n\n<p>Selvf\u00f8lgelig kan flere enkeltmennesker, fra det samme milj\u00f8et, hver for seg ha en personlig og ekte emosjonell opplevelse og respons, men f\u00f8lelsene og engasjementet er likevel subjektivt. Ved en kollektivisering av det som bare kan v\u00e6re individuelt og derfor personlig, forsvinner kilden eller roten til opplevelsen, mens ordene og begrepene \u2018elske, f\u00f8le og barmhjertighet\u2019 fortsetter, som om de har en egenverdi n\u00e5r de overf\u00f8res til en felles arena.&nbsp;&nbsp;&nbsp;&nbsp;&nbsp;&nbsp;<\/p>\n\n\n\n<p>En illustrasjon kan v\u00e6re nyttig. Hver for seg kan de koselige familiehundene oppf\u00f8re seg b\u00e5de pent, h\u00f8flig og lydig, n\u00e5r hjemmesituasjonen og kjente mennesker inng\u00e5r i milj\u00f8et. Observasjonene er dessverre mange p\u00e5 at noe dramatisk kan skje med de samme snille og veloppdragne hundene, hvis de slippes l\u00f8s og blir del av en flokk, som bare er seg selv, uten innflytelsen av sosiale b\u00e5nd og forventning.&nbsp;&nbsp;&nbsp; &nbsp;&nbsp;&nbsp;<\/p>\n\n\n\n<p>Eksempler viser at de s\u00f8te firbeinte, som individer av en flokk, kan miste alle oppl\u00e6rte hemninger, og bli en mobb som angriper b\u00e5de andre hunder og mennesker. Til og med barn er blitt drept av slike flokker, og eierne forst\u00e5r ingen ting, siden hundene aldri har oppf\u00f8rt seg slik hjemme.<\/p>\n\n\n<div class=\"wp-block-image\">\n<figure class=\"alignright size-full is-resized\"><a href=\"https:\/\/www.mensviventer.com\/wordpress\/wp-content\/uploads\/2023\/11\/funural.jpg\"><img decoding=\"async\" loading=\"lazy\" src=\"https:\/\/www.mensviventer.com\/wordpress\/wp-content\/uploads\/2023\/11\/funural.jpg\" alt=\"\" class=\"wp-image-2127\" width=\"365\" height=\"183\" srcset=\"https:\/\/www.mensviventer.com\/wordpress\/wp-content\/uploads\/2023\/11\/funural.jpg 1024w, https:\/\/www.mensviventer.com\/wordpress\/wp-content\/uploads\/2023\/11\/funural-300x150.jpg 300w, https:\/\/www.mensviventer.com\/wordpress\/wp-content\/uploads\/2023\/11\/funural-768x384.jpg 768w\" sizes=\"(max-width: 365px) 100vw, 365px\" \/><\/a><figcaption class=\"wp-element-caption\"><em>Vi har sett eksempler p\u00e5 fullsatte kirker n\u00e5r et menneske d\u00f8r alt for tidlig. Men hvor var de n\u00e5r det samme mennesket trengte en utstrakt h\u00e5nd? Et vennskap? Hjelp der det var n\u00f8dvendig? <\/em><\/figcaption><\/figure><\/div>\n\n\n<p>Vi mennesker er heldigvis ikke hunder, men politiet kan fortelle om ungdommer som i flokk gj\u00f8r forferdelige ting med andre, men n\u00e5r man f\u00e5r snakket med dem individuelt, er de fortvilet over hva de har v\u00e6rt med p\u00e5, og kjenner seg ikke igjen p\u00e5 hvordan de fungert i gjengen.<\/p>\n\n\n\n<p>Konklusjonen kan beklageligvis ikke oversees, selv n\u00e5r temaet flyttes til hvordan enkelte menighetsmedlemmer disponerer sin respons, n\u00e5r de konfronteres med \u2018opp-ned\u2019 mennesker i et milj\u00f8 hvor de fleste har lite til overs for slike. Siden ingen, absolutt ingen, som har en personlig og n\u00e6r relasjon til Jesus, er i stand til \u00e5 kollektivisere medf\u00f8lelse, havner vel kvaliteten p\u00e5 den kristne erfaringen i vektsk\u00e5len. I visse situasjoner kan ikke den enkelte gj\u00f8re s\u00e5 mye som for\u00e5rsaker endring, men en f\u00f8dt-p\u00e5-ny troende vil aldri kunne bli en del av menighetsmobben, som m\u00f8ter \u2018opp-ned\u2019 medlemmer med kulde, avstand, taushet eller likegladhet. Det er ikke mulig.<\/p>\n\n\n\n<p>Vi kan alle trygt tolke v\u00e5r personlige respons til dem som synliggj\u00f8res i v\u00e5re menigheter, som har havnet p\u00e5 ryggen og ligger nede, som en termostat for hvor Jesus er i v\u00e5re liv, utenfor eller innenfor.<\/p>\n\n\n\n<p>JB<\/p>\n","protected":false},"excerpt":{"rendered":"<p>Hvem er der &#8211; hvem er ikke der Jeg s\u00e5 en liten video-snutt av en flokk skilpadder som holdt til p\u00e5 relativt grunt vann. En av dem fikk nok litt for stor fart opp fra bunnen for \u00e5 trekke luft, den gjorde i hvert fall en liten side-flipp og havnet dessverre p\u00e5 ryggen, noe som [&hellip;]<\/p>\n","protected":false},"author":1,"featured_media":2121,"comment_status":"open","ping_status":"open","sticky":false,"template":"","format":"standard","meta":[],"categories":[1,9],"tags":[198,1171,1168,1175,1176,1174,1169,1170,1173,1166,1164,1167,1165,1172],"_links":{"self":[{"href":"https:\/\/www.mensviventer.com\/index.php?rest_route=\/wp\/v2\/posts\/2119"}],"collection":[{"href":"https:\/\/www.mensviventer.com\/index.php?rest_route=\/wp\/v2\/posts"}],"about":[{"href":"https:\/\/www.mensviventer.com\/index.php?rest_route=\/wp\/v2\/types\/post"}],"author":[{"embeddable":true,"href":"https:\/\/www.mensviventer.com\/index.php?rest_route=\/wp\/v2\/users\/1"}],"replies":[{"embeddable":true,"href":"https:\/\/www.mensviventer.com\/index.php?rest_route=%2Fwp%2Fv2%2Fcomments&post=2119"}],"version-history":[{"count":3,"href":"https:\/\/www.mensviventer.com\/index.php?rest_route=\/wp\/v2\/posts\/2119\/revisions"}],"predecessor-version":[{"id":2131,"href":"https:\/\/www.mensviventer.com\/index.php?rest_route=\/wp\/v2\/posts\/2119\/revisions\/2131"}],"wp:featuredmedia":[{"embeddable":true,"href":"https:\/\/www.mensviventer.com\/index.php?rest_route=\/wp\/v2\/media\/2121"}],"wp:attachment":[{"href":"https:\/\/www.mensviventer.com\/index.php?rest_route=%2Fwp%2Fv2%2Fmedia&parent=2119"}],"wp:term":[{"taxonomy":"category","embeddable":true,"href":"https:\/\/www.mensviventer.com\/index.php?rest_route=%2Fwp%2Fv2%2Fcategories&post=2119"},{"taxonomy":"post_tag","embeddable":true,"href":"https:\/\/www.mensviventer.com\/index.php?rest_route=%2Fwp%2Fv2%2Ftags&post=2119"}],"curies":[{"name":"wp","href":"https:\/\/api.w.org\/{rel}","templated":true}]}}