{"id":1960,"date":"2023-10-16T16:36:23","date_gmt":"2023-10-16T14:36:23","guid":{"rendered":"https:\/\/www.mensviventer.com\/?p=1960"},"modified":"2023-10-16T17:12:45","modified_gmt":"2023-10-16T15:12:45","slug":"hundrevis-av-joder-stormer-tempelplassen-i-lovhyttefesten","status":"publish","type":"post","link":"https:\/\/www.mensviventer.com\/?p=1960","title":{"rendered":"Hundrevis av j\u00f8der stormer                             tempelplassen i L\u00f8vhyttefesten"},"content":{"rendered":"\n<p><strong><em>Tempelplassen i Jerusalem er i dag ledet og kontrollert av en jordansk stiftelse (en \u2018wakf\u2019), som i islamsk rett er en testamentarisk opprettet organisasjon. &nbsp;<\/em><\/strong><\/p>\n\n\n<div class=\"wp-block-image\">\n<figure class=\"alignleft size-full is-resized\"><a href=\"https:\/\/www.mensviventer.com\/wordpress\/wp-content\/uploads\/2023\/10\/tempelplassen2.png\"><img decoding=\"async\" loading=\"lazy\" src=\"https:\/\/www.mensviventer.com\/wordpress\/wp-content\/uploads\/2023\/10\/tempelplassen2.png\" alt=\"\" class=\"wp-image-1961\" width=\"472\" height=\"315\" srcset=\"https:\/\/www.mensviventer.com\/wordpress\/wp-content\/uploads\/2023\/10\/tempelplassen2.png 972w, https:\/\/www.mensviventer.com\/wordpress\/wp-content\/uploads\/2023\/10\/tempelplassen2-300x200.png 300w, https:\/\/www.mensviventer.com\/wordpress\/wp-content\/uploads\/2023\/10\/tempelplassen2-768x512.png 768w\" sizes=\"(max-width: 472px) 100vw, 472px\" \/><\/a><\/figure><\/div>\n\n\n<p>Som kjent st\u00e5r den muslimske klippemoskeen p\u00e5 denne plassen med Al Aqsa moskeen ved siden av, og den regnes innen Islam for \u00e5 v\u00e6re det tredje helligste stedet for denne religionen, nest etter Mekka og Medina og muslimer kommer dit for \u00e5 be. Personer som ikke er muslimer kan ogs\u00e5 bes\u00f8ke omr\u00e5det, men de tillates ikke \u00e5 be der. B\u00e5de j\u00f8der og muslimer ber som kjent p\u00e5 en slik m\u00e5te at denne handlingen kan observeres av andre.<\/p>\n\n\n\n<p>Tidligere sto to j\u00f8diske templer p\u00e5 tempelplassen, det ene ble \u00f8delagt av babylonerne i 587 f.Kr og det andre av romerne i \u00e5r 70. e.Kr. &nbsp;<\/p>\n\n\n\n<p>Tempelplassen er blitt kjernen til mye ideologisk strid. De j\u00f8dene som fremdeles har en gammeltestamentlig religi\u00f8s identitet, ivrer for \u00e5 kunne bygge et nytt tempel der. Det har lenge v\u00e6rt p\u00e5st\u00e5tt at klippemoskeen da m\u00e5 rives, noe som har gjort at en samlet muslimsk verden lover en tredje verdenskrig om noe slikt skulle skje. Nye r\u00f8ster mener imidlertid n\u00e5 at det j\u00f8diske templet kan bygges ved siden av klippemoskeen.<\/p>\n\n\n<div class=\"wp-block-image\">\n<figure class=\"alignright size-large is-resized\"><a href=\"https:\/\/www.mensviventer.com\/wordpress\/wp-content\/uploads\/2023\/10\/tempelplassenNyttTempel.png\"><img decoding=\"async\" loading=\"lazy\" src=\"https:\/\/www.mensviventer.com\/wordpress\/wp-content\/uploads\/2023\/10\/tempelplassenNyttTempel-1024x536.png\" alt=\"\" class=\"wp-image-1962\" width=\"441\" height=\"230\" srcset=\"https:\/\/www.mensviventer.com\/wordpress\/wp-content\/uploads\/2023\/10\/tempelplassenNyttTempel-1024x536.png 1024w, https:\/\/www.mensviventer.com\/wordpress\/wp-content\/uploads\/2023\/10\/tempelplassenNyttTempel-300x157.png 300w, https:\/\/www.mensviventer.com\/wordpress\/wp-content\/uploads\/2023\/10\/tempelplassenNyttTempel-768x402.png 768w, https:\/\/www.mensviventer.com\/wordpress\/wp-content\/uploads\/2023\/10\/tempelplassenNyttTempel-1536x805.png 1536w, https:\/\/www.mensviventer.com\/wordpress\/wp-content\/uploads\/2023\/10\/tempelplassenNyttTempel.png 1911w\" sizes=\"(max-width: 441px) 100vw, 441px\" \/><\/a><figcaption class=\"wp-element-caption\"><em>Ideen om \u00e5 lage et nytt tilbedelse omr\u00e5de p\u00e5 tempelplassen ble akseptert av israelske myndigheter i 2022<\/em><\/figcaption><\/figure><\/div>\n\n\n<p><strong>Bevegelsen for et nytt tempel,<\/strong> har p\u00e5 kort tid vokst og konfrontasjonene mellom j\u00f8der og muslimer har tiltatt. Siden staten Israel, if\u00f8lge avtalen med Jordan, er ansvarlig for tempelplassens sikkerhet, har israelsk politi og milit\u00e6re styrker ofte m\u00e5ttet gripe inn og stanset oppr\u00f8r fra begge leirer. Vi har selv v\u00e6rt der og m\u00e5ttet kaste oss ned for dekning n\u00e5r slike oppt\u00f8yer finner sted, og opplevd at gummikulene smeller i murveggene og steiner kastes ned fra tempelh\u00f8yden.<\/p>\n\n\n\n<p>Israels nyvalgte meget konservative sikkerhetsminister, gikk for kort tid siden opp p\u00e5 tempelplassen, for \u00e5 vise st\u00f8tte til et voksende antall militante j\u00f8der som kommer dit og proklamerer sin interesse for et nytt tempel. Denne handlingen ble av b\u00e5de muslimer og sekul\u00e6re j\u00f8der, tolket som en ekstrem provokasjon, og ga til kjenne den n\u00e5v\u00e6rende regjeringens holdning til den eksisterende ideologiske konflikten.&nbsp;<\/p>\n\n\n<div class=\"wp-block-image\">\n<figure class=\"alignright size-large is-resized\"><a href=\"https:\/\/www.mensviventer.com\/wordpress\/wp-content\/uploads\/2023\/10\/GettyImages-1701310714.jpg\"><img decoding=\"async\" loading=\"lazy\" src=\"https:\/\/www.mensviventer.com\/wordpress\/wp-content\/uploads\/2023\/10\/GettyImages-1701310714-1024x576.jpg\" alt=\"\" class=\"wp-image-1963\" width=\"363\" height=\"203\" srcset=\"https:\/\/www.mensviventer.com\/wordpress\/wp-content\/uploads\/2023\/10\/GettyImages-1701310714-1024x576.jpg 1024w, https:\/\/www.mensviventer.com\/wordpress\/wp-content\/uploads\/2023\/10\/GettyImages-1701310714-300x169.jpg 300w, https:\/\/www.mensviventer.com\/wordpress\/wp-content\/uploads\/2023\/10\/GettyImages-1701310714-768x432.jpg 768w, https:\/\/www.mensviventer.com\/wordpress\/wp-content\/uploads\/2023\/10\/GettyImages-1701310714.jpg 1155w\" sizes=\"(max-width: 363px) 100vw, 363px\" \/><\/a><figcaption class=\"wp-element-caption\"><em>J\u00f8der ber utenfor porten<\/em><\/figcaption><\/figure><\/div>\n\n\n<p><strong>P\u00e5 grunn av det voksende presset for \u00e5 bygge det nye templet<\/strong>, stormer til tider hundrevis av j\u00f8der til plassen for \u00e5 markere sitt behov, og muslimer reagerer ofte med lokalt oppr\u00f8r for \u00e5 signalisere sin opposisjon. 5 dager inn i l\u00f8vhyttefesten i oktober 2023, var j\u00f8dene s\u00e5 mange at politiet m\u00e5tte begrense antall som kunne g\u00e5 hver gang. Muslimer ble ogs\u00e5 begrenset. Mange j\u00f8der ba ved porten til tempelplassen.<\/p>\n\n\n<div class=\"wp-block-image\">\n<figure class=\"alignleft size-full is-resized\"><a href=\"https:\/\/www.mensviventer.com\/wordpress\/wp-content\/uploads\/2023\/10\/ofresau.png\"><img decoding=\"async\" loading=\"lazy\" src=\"https:\/\/www.mensviventer.com\/wordpress\/wp-content\/uploads\/2023\/10\/ofresau.png\" alt=\"\" class=\"wp-image-1964\" width=\"433\" height=\"360\" srcset=\"https:\/\/www.mensviventer.com\/wordpress\/wp-content\/uploads\/2023\/10\/ofresau.png 636w, https:\/\/www.mensviventer.com\/wordpress\/wp-content\/uploads\/2023\/10\/ofresau-300x250.png 300w\" sizes=\"(max-width: 433px) 100vw, 433px\" \/><\/a><figcaption class=\"wp-element-caption\"><em>En J\u00f8de har tatt med en sau for \u00e5 ofre p\u00e5 tempelplassen<\/em><\/figcaption><\/figure><\/div>\n\n\n<p><strong>Fra arabiske nyheter:<\/strong> Israelsk politi har arrestert en j\u00f8disk ekstremist for \u00e5 ha fors\u00f8kt \u00e5 ofre en sau ved Al-Aqsa-moskeen i et religi\u00f8st ritual, da hundrevis av ekstremister stormet stedet s\u00f8ndag og mandag.<\/p>\n\n\n\n<p>Mannen er tilknyttet Chozrim L&#8217;Har-bevegelsen, som kan oversettes som \u00abretur til fjellet\u00bb, en gruppe som sterkt motsetter seg \u00abfors\u00f8mmelse av Tempelh\u00f8yden i fremmede hender\u00bb.<\/p>\n\n\n\n<p>Etter hendelsen ga Chozrim L&#8217;Har-bevegelsen ut en uttalelse som understreker deres holdning til saken. &#8220;<em>Epoken med muslimsk styre p\u00e5 Tempelh\u00f8yden m\u00e5 ta slutt,<\/em>&#8221; erkl\u00e6rte de. Gruppen uttrykte videre sin vilje til \u00e5 se gjenopptakelsen av ofringer og byggingen av det tredje tempelet p\u00e5 stedet.<\/p>\n\n\n\n<p>I en spiss melding til regjeringen og arabiske samfunn, understreket bevegelsen: \u00abDet er p\u00e5 tide for etableringen av et tredje j\u00f8disk tempel og gjenopplivingen av ofringer. Til myndighetene og det arabiske samfunnet: denne generasjonen vil ikke bli herset med.\u00bb<\/p>\n\n\n<div class=\"wp-block-image\">\n<figure class=\"alignleft size-large is-resized\"><a href=\"https:\/\/www.mensviventer.com\/wordpress\/wp-content\/uploads\/2023\/10\/Yehuda_Glick.jpg\"><img decoding=\"async\" loading=\"lazy\" src=\"https:\/\/www.mensviventer.com\/wordpress\/wp-content\/uploads\/2023\/10\/Yehuda_Glick-703x1024.jpg\" alt=\"\" class=\"wp-image-1965\" width=\"156\" height=\"227\" srcset=\"https:\/\/www.mensviventer.com\/wordpress\/wp-content\/uploads\/2023\/10\/Yehuda_Glick-703x1024.jpg 703w, https:\/\/www.mensviventer.com\/wordpress\/wp-content\/uploads\/2023\/10\/Yehuda_Glick-206x300.jpg 206w, https:\/\/www.mensviventer.com\/wordpress\/wp-content\/uploads\/2023\/10\/Yehuda_Glick-768x1119.jpg 768w, https:\/\/www.mensviventer.com\/wordpress\/wp-content\/uploads\/2023\/10\/Yehuda_Glick-1054x1536.jpg 1054w, https:\/\/www.mensviventer.com\/wordpress\/wp-content\/uploads\/2023\/10\/Yehuda_Glick.jpg 1200w\" sizes=\"(max-width: 156px) 100vw, 156px\" \/><\/a><\/figure><\/div>\n\n\n<p><strong>Yehuda Click and Itamar Ben Gvir mest fryktet i den arabiske verden if\u00f8lge Joshua i <em>The Israel Guys<\/em><\/strong><em>. <\/em>Han henviser til mange arabiske artikler som sier dette. Click har v\u00e6rt utsatt for flere attentat. En av dem p\u00e5 kloss hold, men han overlevde. Hvorfor? Hvem er de som \u00f8nsker et nytt tempel?<\/p>\n\n\n\n<p><strong>Hvorfor presser noen israelske j\u00f8der p\u00e5 for st\u00f8rre tilgang til tempelplassen?<\/strong><\/p>\n\n\n\n<p>Arbeidet med \u00e5 sikre j\u00f8diske b\u00f8nnerettigheter ved Tempelh\u00f8yden har f\u00e5tt gjennomslag de siste \u00e5rene, til tross for den ordin\u00e6re rabbinske oppfatningen om at j\u00f8der ikke b\u00f8r sette sin fot der. En rekke rabbinere har gitt motsatte kjennelser og sagt at bes\u00f8k og b\u00f8nn b\u00f8r tillates, og etter noen anslag har antallet j\u00f8diske bes\u00f8kende \u00f8kt kraftig. Blant de mest fremtredende aktivistene er nettopp Yehuda Glick, en amerikanskf\u00f8dt rabbiner og n\u00e5v\u00e6rende medlem av det israelske Knesset. Glick er en ledende skikkelse i arbeidet med \u00e5 sikre j\u00f8diske b\u00f8nnerettigheter p\u00e5 fjellet, og han benytter borgerrettighetsspr\u00e5k for \u00e5 argumentere for sine synspunkter. I 2014 overlevde han et attentatfors\u00f8k av et mistenkt medlem av Islamsk Jihad.<\/p>\n\n\n<div class=\"wp-block-image\">\n<figure class=\"alignright size-full is-resized\"><a href=\"https:\/\/www.mensviventer.com\/wordpress\/wp-content\/uploads\/2023\/10\/TempelplassenIsraeliSettlers.png\"><img decoding=\"async\" loading=\"lazy\" src=\"https:\/\/www.mensviventer.com\/wordpress\/wp-content\/uploads\/2023\/10\/TempelplassenIsraeliSettlers.png\" alt=\"\" class=\"wp-image-1966\" width=\"354\" height=\"257\" srcset=\"https:\/\/www.mensviventer.com\/wordpress\/wp-content\/uploads\/2023\/10\/TempelplassenIsraeliSettlers.png 1004w, https:\/\/www.mensviventer.com\/wordpress\/wp-content\/uploads\/2023\/10\/TempelplassenIsraeliSettlers-300x218.png 300w, https:\/\/www.mensviventer.com\/wordpress\/wp-content\/uploads\/2023\/10\/TempelplassenIsraeliSettlers-768x557.png 768w\" sizes=\"(max-width: 354px) 100vw, 354px\" \/><\/a><\/figure><\/div>\n\n\n<p><strong>Hamas oppr\u00f8ret fra Gaza<\/strong> som kom f\u00e5 dager etter at hundrevis av j\u00f8der dro opp p\u00e5 tempelplassen, kaller seg Al Aqsa flommen eller stormen, for \u00e5 indikere deres lojalitet til muslimers tredje hellige sted. Fredag den 13 oktober i \u00e5r, oppfordret de alle muslimer om \u00e5 dra s\u00e5 n\u00e6r tempelplassen de kunne komme. De fleste ble stoppet ved grenser og overganger og porten inn til tempelplassen.<\/p>\n\n\n\n<p><strong>Bibelske profetier kan indikere en konflikt p\u00e5 dette stedet.<\/strong> \u00a0\u00a0\u00a0\u00a0\u00a0\u00a0\u00a0\u00a0\u00a0\u00a0\u00a0\u00a0\u00a0\u00a0\u00a0\u00a0\u00a0\u00a0\u00a0\u00a0\u00a0\u00a0\u00a0\u00a0\u00a0\u00a0\u00a0\u00a0\u00a0\u00a0\u00a0\u00a0\u00a0\u00a0                                       Daniels bok kap 11 og vers 45 beskriver en makt som vi sette seg p\u00e5 det hellige berget mellom havene (Middelhavet og D\u00f8dehavet). Andre steder dette hellige berg er nevnt hos Daniel, betyr dette Jerusalem. Om det er hele Jerusalem som her er beskrevet eller tempelberget i Jerusalem, er en tolkningssp\u00f8rsm\u00e5l. Gud utvalgte dette stedet for at Guds tempel skulle bygges her hvor Abraham var villig til \u00e5 ofre sin s\u00f8nn Isak. Han ble reddet av en v\u00e6r som ble slaktet i stedet, men senere ble Guds egen s\u00f8nn ofret her. Ved den nordlige kanten av samme berg. Her er ogs\u00e5 Den hellige ark gjemt.<\/p>\n\n\n<div class=\"wp-block-image\">\n<figure class=\"alignleft size-large is-resized\"><a href=\"https:\/\/www.mensviventer.com\/wordpress\/wp-content\/uploads\/2023\/10\/1200px-Le_siege_de_Constantinople_1453_by_Jean_Le_Tavernier_after_1455.jpg\"><img decoding=\"async\" loading=\"lazy\" src=\"https:\/\/www.mensviventer.com\/wordpress\/wp-content\/uploads\/2023\/10\/1200px-Le_siege_de_Constantinople_1453_by_Jean_Le_Tavernier_after_1455-693x1024.jpg\" alt=\"\" class=\"wp-image-1967\" width=\"264\" height=\"390\" srcset=\"https:\/\/www.mensviventer.com\/wordpress\/wp-content\/uploads\/2023\/10\/1200px-Le_siege_de_Constantinople_1453_by_Jean_Le_Tavernier_after_1455-693x1024.jpg 693w, https:\/\/www.mensviventer.com\/wordpress\/wp-content\/uploads\/2023\/10\/1200px-Le_siege_de_Constantinople_1453_by_Jean_Le_Tavernier_after_1455-203x300.jpg 203w, https:\/\/www.mensviventer.com\/wordpress\/wp-content\/uploads\/2023\/10\/1200px-Le_siege_de_Constantinople_1453_by_Jean_Le_Tavernier_after_1455-768x1135.jpg 768w, https:\/\/www.mensviventer.com\/wordpress\/wp-content\/uploads\/2023\/10\/1200px-Le_siege_de_Constantinople_1453_by_Jean_Le_Tavernier_after_1455-1040x1536.jpg 1040w, https:\/\/www.mensviventer.com\/wordpress\/wp-content\/uploads\/2023\/10\/1200px-Le_siege_de_Constantinople_1453_by_Jean_Le_Tavernier_after_1455.jpg 1200w\" sizes=\"(max-width: 264px) 100vw, 264px\" \/><\/a><figcaption class=\"wp-element-caption\"><em>\u00c5 sl\u00e5 opp sine telt &#8211; betyr at de har flyttet sitt hovedkvarter n\u00e6r stedet de skal innta eller har inntatt. Her er ottomanske telt satt opp i mens de inntok Konstantinopel.<\/em><\/figcaption><\/figure><\/div>\n\n\n<p>Hvem skal \u00absl\u00e5 opp sine telt\u00bb her? Profeten Daniel sier ikke det rett ut, men sier at etter dette skal det g\u00e5 til enden med dem og ingen skal hjelpe dem.<\/p>\n\n\n\n<p>I neste vers (12:1) blir vi fortalt at Mikael skal st\u00e5 fram og en trengselstid skal komme som ingen har sett maken til. Og da skal de d\u00f8de st\u00e5 opp, oppstandelsen skjer og vi vet at den skjer ved Jesu gjenkomst.<\/p>\n\n\n\n<p><strong>Noen bibelforskere har ogs\u00e5 kommet fram til at Tempelplassen er det virkelige Harmegedon som Johannes beskriver i den sjette plage som kommer over jorden, like f\u00f8r Jesu gjenkomst<\/strong>. Harmegedon betyr Megiddos fjell. Og Megiddo er ikke et fjell, men en stor slette brer seg ut der og fordi det har v\u00e6rt mange slag der, tolkes dette som stedet for det endelige slag. Johannes sier derimot at det er et hebraisk ord og Megiddo er fra Kanaans tid, s\u00e5 kan HarMegedon bety noe annet? Det er her enkelte forskere peker p\u00e5 spr\u00e5ket. Konsonantene indikerer fjell: Har, men de neste bokstaver M(G)D. G finnes ikke p\u00e5 gresk og det kan derfor v\u00e6re hebraisk Mo`ed. Alts\u00e5 Har Mo`ed som betyr \u00abForsamlingens fjell\u00bb. Mo`ed er ogs\u00e5 betegnelsen p\u00e5 h\u00f8ytider p\u00e5 hebraisk og det var jo nettopp da israelittene samlet seg p\u00e5&nbsp; forsamlingens fjell, der tabernaklet en gang var og senere der templet sto. Da er vi igjen p\u00e5 tempelplassen. Kan det v\u00e6re om dette fjell at Guds siste kamp vil utspille seg? Eller det som tempel h\u00f8yden symboliserer? <\/p>\n\n\n\n<p>Det er ikke usannsynlig slik vi ser det utvikle seg i dag. Vi kan ikke annet enn \u00e5 vente og se med den t\u00e5lmodighet Gud venter av oss i den siste tid.<\/p>\n\n\n\n<p>ETHB &amp; JB<\/p>\n","protected":false},"excerpt":{"rendered":"<p>Tempelplassen i Jerusalem er i dag ledet og kontrollert av en jordansk stiftelse (en \u2018wakf\u2019), som i islamsk rett er en testamentarisk opprettet organisasjon. &nbsp; Som kjent st\u00e5r den muslimske klippemoskeen p\u00e5 denne plassen med Al Aqsa moskeen ved siden av, og den regnes innen Islam for \u00e5 v\u00e6re det tredje helligste stedet for denne [&hellip;]<\/p>\n","protected":false},"author":1,"featured_media":1963,"comment_status":"open","ping_status":"open","sticky":false,"template":"","format":"standard","meta":[],"categories":[2],"tags":[1100,1105,1102,533,530,1099,1103,1101,1098,734,1104],"_links":{"self":[{"href":"https:\/\/www.mensviventer.com\/index.php?rest_route=\/wp\/v2\/posts\/1960"}],"collection":[{"href":"https:\/\/www.mensviventer.com\/index.php?rest_route=\/wp\/v2\/posts"}],"about":[{"href":"https:\/\/www.mensviventer.com\/index.php?rest_route=\/wp\/v2\/types\/post"}],"author":[{"embeddable":true,"href":"https:\/\/www.mensviventer.com\/index.php?rest_route=\/wp\/v2\/users\/1"}],"replies":[{"embeddable":true,"href":"https:\/\/www.mensviventer.com\/index.php?rest_route=%2Fwp%2Fv2%2Fcomments&post=1960"}],"version-history":[{"count":4,"href":"https:\/\/www.mensviventer.com\/index.php?rest_route=\/wp\/v2\/posts\/1960\/revisions"}],"predecessor-version":[{"id":1973,"href":"https:\/\/www.mensviventer.com\/index.php?rest_route=\/wp\/v2\/posts\/1960\/revisions\/1973"}],"wp:featuredmedia":[{"embeddable":true,"href":"https:\/\/www.mensviventer.com\/index.php?rest_route=\/wp\/v2\/media\/1963"}],"wp:attachment":[{"href":"https:\/\/www.mensviventer.com\/index.php?rest_route=%2Fwp%2Fv2%2Fmedia&parent=1960"}],"wp:term":[{"taxonomy":"category","embeddable":true,"href":"https:\/\/www.mensviventer.com\/index.php?rest_route=%2Fwp%2Fv2%2Fcategories&post=1960"},{"taxonomy":"post_tag","embeddable":true,"href":"https:\/\/www.mensviventer.com\/index.php?rest_route=%2Fwp%2Fv2%2Ftags&post=1960"}],"curies":[{"name":"wp","href":"https:\/\/api.w.org\/{rel}","templated":true}]}}