{"id":1940,"date":"2023-09-27T12:19:16","date_gmt":"2023-09-27T10:19:16","guid":{"rendered":"https:\/\/www.mensviventer.com\/?p=1940"},"modified":"2023-09-27T12:44:10","modified_gmt":"2023-09-27T10:44:10","slug":"et-lys-i-verden","status":"publish","type":"post","link":"https:\/\/www.mensviventer.com\/?p=1940","title":{"rendered":"Et lys i verden?"},"content":{"rendered":"\n<p><strong>Et interessant gruppem\u00f8te<\/strong><\/p>\n\n\n\n<p>En gang jeg var i Jerusalem, traff jeg i en bokhandel en ung messiansk j\u00f8de jeg tidligere hadde m\u00f8tt i Eilat. Han kom litt senere p\u00e5 dagen innom hostelet i Jaffagaten hvor jeg bodde. Han fortalte om en interessant gruppe han skulle m\u00f8te og ville at jeg skulle bli med. Jeg tenkte at vi kanskje kunne snakke mer om Jesus i Koranen, som vi gjorde i Eilat, men hadde liten lyst til \u00e5 dra til et fremmed sted. Samtalen skulle foreg\u00e5 i leiligheten der han bodde litt lenger opp i gaten. Jeg var skeptisk og hadde dessuten gnags\u00e5r etter lange vandringer i byen.<\/p>\n\n\n<div class=\"wp-block-image\">\n<figure class=\"alignleft size-full is-resized\"><a href=\"https:\/\/www.mensviventer.com\/wordpress\/wp-content\/uploads\/2023\/09\/jerusalemhostel.png\"><img decoding=\"async\" loading=\"lazy\" src=\"https:\/\/www.mensviventer.com\/wordpress\/wp-content\/uploads\/2023\/09\/jerusalemhostel.png\" alt=\"\" class=\"wp-image-1941\" width=\"502\" height=\"257\" srcset=\"https:\/\/www.mensviventer.com\/wordpress\/wp-content\/uploads\/2023\/09\/jerusalemhostel.png 796w, https:\/\/www.mensviventer.com\/wordpress\/wp-content\/uploads\/2023\/09\/jerusalemhostel-300x153.png 300w, https:\/\/www.mensviventer.com\/wordpress\/wp-content\/uploads\/2023\/09\/jerusalemhostel-768x393.png 768w\" sizes=\"(max-width: 502px) 100vw, 502px\" \/><\/a><figcaption class=\"wp-element-caption\">Utenfor Jerusalem Hostel<\/figcaption><\/figure><\/div>\n\n\n<p>Men han dukket opp med nye (godt brukte) sko fra et marked, og mens vi sto der p\u00e5 gaten hvor jeg pr\u00f8vde skoene, dukket det opp 3 andre som skulle til samme gruppesamling. Den ene var j\u00f8de med det klingende navnet Michael Rothchild, den andre var en russisk munk og den tredje en muslim med langt svart kr\u00f8llete h\u00e5r. Blandingen av deltakere overbeviste meg om at dette kunne bli interessant, og jeg ble med. P\u00e5 veien plukket vi ogs\u00e5 opp en palestinsk kristen jente fra Nasaret p\u00e5 en Pizzakafe, som forresten ble bombet uken etter.<\/p>\n\n\n\n<p>Vel framme i leiligheten traff vi han som eide den, en Zionist j\u00f8de fra California. I stuen satt det fra f\u00f8r en messiansk j\u00f8de (ung kvinne) og en hasidic j\u00f8de med svart stor hatt, svarte kl\u00e6r og lange lokker bak \u00f8rene.<\/p>\n\n\n<div class=\"wp-block-image\">\n<figure class=\"alignright size-full is-resized\"><a href=\"https:\/\/www.mensviventer.com\/wordpress\/wp-content\/uploads\/2023\/09\/LysJewsmuslimEideAlFitrLatvia.jpg\"><img decoding=\"async\" loading=\"lazy\" src=\"https:\/\/www.mensviventer.com\/wordpress\/wp-content\/uploads\/2023\/09\/LysJewsmuslimEideAlFitrLatvia.jpg\" alt=\"\" class=\"wp-image-1942\" width=\"257\" height=\"193\" srcset=\"https:\/\/www.mensviventer.com\/wordpress\/wp-content\/uploads\/2023\/09\/LysJewsmuslimEideAlFitrLatvia.jpg 1024w, https:\/\/www.mensviventer.com\/wordpress\/wp-content\/uploads\/2023\/09\/LysJewsmuslimEideAlFitrLatvia-300x225.jpg 300w, https:\/\/www.mensviventer.com\/wordpress\/wp-content\/uploads\/2023\/09\/LysJewsmuslimEideAlFitrLatvia-768x576.jpg 768w\" sizes=\"(max-width: 257px) 100vw, 257px\" \/><\/a><figcaption class=\"wp-element-caption\">J\u00f8der og muslimer feirer h\u00f8ytid sammen<\/figcaption><\/figure><\/div>\n\n\n<p>Zionist j\u00f8den fortalte f\u00f8rst de nye i gruppa om det arbeidet han og flere var i gang med, som hadde som hensikt \u00e5 skape fred mellom religi\u00f8se j\u00f8der og religi\u00f8se muslimer. De arrangerte gjerne felles h\u00f8ytidsfeiringer med personer fra begge religioner samlet, og s\u00e5 vidt jeg har kunnet konstatere via internett, holder de p\u00e5 med det enn\u00e5. Fred skjer lettere p\u00e5 grasrotplan enn p\u00e5 lederniv\u00e5, mente de. Jeg tenkte p\u00e5 Jesu ord: \u2018Salige er de som skaper fred\u2019.<\/p>\n\n\n\n<p>Gruppa begynte med at alle skulle fortelle kort om seg selv, men ingen fikk snakke utenom den som holdt i en liten stang, som m\u00e5tte gis til neste person som \u00f8nsket \u00e5 si noe. Dette var en fin anledning til \u00e5 vitne om hvilken tilh\u00f8righet man hadde og hvorfor og snart var samtalen i gang. Hasidim j\u00f8den fortalte hvorfor de var imot sionistene i Israel, ja hele staten Israel var de imot. Fordi, som han sa, skulle ikke j\u00f8dene v\u00e6re et lys i verden for alle folkeslag? Skulle ikke de vise hvem Gud var, slik at andre mennesker kunne bli trukket mot lyset og l\u00e6re den sanne Gud \u00e5 kjenne? Slik Staten opererte n\u00e5, sa han, med krig mot palestinerne, og sionister som tok deres land, var de blitt det motsatte. Han argumenterte godt for seg, men det ble en hissig diskusjon med sionistene p\u00e5 samlingen, som mente at de var ledet av Gud til \u00e5 gjenopprette Israel, slik at j\u00f8der kunne f\u00e5 et hjemland.<\/p>\n\n\n<div class=\"wp-block-image\">\n<figure class=\"alignright size-large is-resized\"><a href=\"https:\/\/www.mensviventer.com\/wordpress\/wp-content\/uploads\/2023\/09\/spanskeinkvisisjon.png\"><img decoding=\"async\" loading=\"lazy\" src=\"https:\/\/www.mensviventer.com\/wordpress\/wp-content\/uploads\/2023\/09\/spanskeinkvisisjon-1024x573.png\" alt=\"\" class=\"wp-image-1943\" width=\"421\" height=\"236\" srcset=\"https:\/\/www.mensviventer.com\/wordpress\/wp-content\/uploads\/2023\/09\/spanskeinkvisisjon-1024x573.png 1024w, https:\/\/www.mensviventer.com\/wordpress\/wp-content\/uploads\/2023\/09\/spanskeinkvisisjon-300x168.png 300w, https:\/\/www.mensviventer.com\/wordpress\/wp-content\/uploads\/2023\/09\/spanskeinkvisisjon-768x430.png 768w, https:\/\/www.mensviventer.com\/wordpress\/wp-content\/uploads\/2023\/09\/spanskeinkvisisjon.png 1183w\" sizes=\"(max-width: 421px) 100vw, 421px\" \/><\/a><figcaption class=\"wp-element-caption\">&#8220;[Det finnes] utgiftskontoer [for ting] som hvor mye tauet kostet \u00e5 binde hendene til personen du brente p\u00e5 b\u00e5let,&#8221; sier skribent Cullen Murphy. &#8220;Folkene som foretok avh\u00f8r var n\u00f8ye.&#8221;\u00a0 J\u00f8der blev tvangskristnet, men ved mistanke om at de falt tilbake til j\u00f8diske skikker og tro, ble de forh\u00f8rt og torturert.    Kilde:  <em>God&#8217;s Jury: The Inquisition and the Making of the Modern World<\/em><br><em>Noen j\u00f8der r\u00f8mte, noen ble igjen og offentlig omfavnet kristendommen, men fortsatte \u00e5 praktisere j\u00f8diske ritualer i det skjulte. I et fors\u00f8k p\u00e5 \u00e5 utrydde hemmelige j\u00f8der, etablerte den katolske kirke den spanske inkvisisjonen i 1480, som hadde i oppgave \u00e5 forh\u00f8re, torturere og &#8211; hvis de fastslo at folk praktiserte j\u00f8dedommen i hemmelighet &#8211; brenne j\u00f8der i offentlige massehenrettelser. Til tross for l\u00f8ftet om d\u00f8d ved ufattelig tortur, fortsatte mange j\u00f8der \u00e5 holde fast ved sin j\u00f8diske tradisjon, og holdt j\u00f8diske h\u00f8ytider og spiste koshermat s\u00e5 godt de kunne. De ble kjent som conversos. <\/em><strong>by\u00a0<a href=\"https:\/\/aish.com\/authors\/84110707\">Dr. Yvette Alt Miller<\/a><\/strong><br>Fra og med 1100-tallet og fortsetter i hundrevis av \u00e5r, er inkvisisjonen beryktet for alvorligheten av dens tortur og forf\u00f8lgelse av j\u00f8der og muslimer (kristne kalt kjettere inkludert). Den verste manifestasjonen var i Spania, der den spanske inkvisisjonen var en dominerende styrke i mer enn 200 \u00e5r, noe som resulterte i rundt 32 000 henrettelser. <em>History Channel<\/em>    Bilde: Stefano Bianchetti<\/figcaption><\/figure><\/div>\n\n\n<p>Hasidic j\u00f8den sa ogs\u00e5 at slik det n\u00e5 var blitt, hadde de f\u00e5tt hele araberverden mot seg gjennom terrorisme og attentater, og livet var blitt utrygt f\u00f8r j\u00f8der i alle land. Men gjennom historien hadde muslimer aldri v\u00e6rt noe st\u00f8rre problem for j\u00f8der, p\u00e5sto han. Muslimene hadde stort sett behandlet dem pent i muslimske land hvor det bodde en mengde j\u00f8der. Det store problemet for j\u00f8der var ikke muslimer, men kristne. Det var de kristne som hadde forfulgt og drept dem i korsfarertiden, ved inkvisisjonen i Middelalderen og senest i Holocaust, hvor masseutrydning av j\u00f8der hadde funnet sted.<\/p>\n\n\n\n<p>Jeg ble sittende og lytte til deres diskusjon. <\/p>\n\n\n<div class=\"wp-block-image\">\n<figure class=\"alignright size-full is-resized\"><a href=\"https:\/\/www.mensviventer.com\/wordpress\/wp-content\/uploads\/2023\/09\/hasidicfreeP.jpg\"><img decoding=\"async\" loading=\"lazy\" src=\"https:\/\/www.mensviventer.com\/wordpress\/wp-content\/uploads\/2023\/09\/hasidicfreeP.jpg\" alt=\"\" class=\"wp-image-1945\" width=\"384\" height=\"240\" srcset=\"https:\/\/www.mensviventer.com\/wordpress\/wp-content\/uploads\/2023\/09\/hasidicfreeP.jpg 768w, https:\/\/www.mensviventer.com\/wordpress\/wp-content\/uploads\/2023\/09\/hasidicfreeP-300x188.jpg 300w\" sizes=\"(max-width: 384px) 100vw, 384px\" \/><\/a><figcaption class=\"wp-element-caption\">Hasidic j\u00f8der i Israel<\/figcaption><\/figure><\/div>\n\n\n<p>Da det hele l\u00f8ste seg opp til uformelle samtaler, gikk jeg bort til Hasidic j\u00f8den og sa: \u00abJeg har full forst\u00e5else for det du sier. Som syvendedags-adventist har vi en lignende forst\u00e5else. Vi tror Jesus kom for \u00e5 v\u00e6re et lys i m\u00f8rket, og at vi skulle spre de ord han underviste her i Israel og Jerusalem for snart 2000 \u00e5r siden. Men s\u00e5 utviklet den katolske kirke seg og vi opplever at de har gjort akkurat det samme som du beskylder statsj\u00f8dedommen for. De drepte for fote de som ikke ville tilh\u00f8re deres kirke, gjennom nettopp korsfarerne, inkvisisjonen, forf\u00f8lgelse og masseutryddelse. De drepte ikke bare j\u00f8der under Middelalderen, men muslimer og oppriktige sanne kristne som fulgte Bibelens ord, og de kalte dem kjettere. De ble druknet og de ble brent p\u00e5 b\u00e5let. Den katolske kirke har \u00f8delagt kristendommen og gj\u00f8r det fortsatt, mens de likevel blir kalt \u00abde kristne i verden\u00bb.<\/p>\n\n\n\n<p>Svaret hans glemmer jeg aldri. Forundret spurte han: \u00ab<em>Finnes det andre kristne enn katolikker?<\/em>\u00bb.<\/p>\n\n\n\n<p><strong>Har vi protestanter gjort en d\u00e5rlig jobb? Har de ord Jesus underviste druknet i falske fremstillinger av kristendommen?<\/strong><\/p>\n\n\n\n<p>Jesus underviste bl.a. \u2018Jeg sier dere: Elsk deres fiender, velsign dem som forbanner dere, gj\u00f8r godt mot dem som hater dere, og be for dem som ondskapsfullt utnytter dere og forf\u00f8lger dere\u2019. Matteus evangelium 5:44.<\/p>\n\n\n\n<p>\u2018Og dersom noen ikke vil ta imot dere eller h\u00f8re p\u00e5 dere. N\u00e5r dere drar derfra, rist da av&nbsp;<strong><em>st\u00f8vet<\/em><\/strong>&nbsp;under f\u00f8ttene deres, som et vitnesbyrd mot dem. Sannelig sier Jeg dere, det skal bli lettere for Sodoma og Gomorra p\u00e5 dommens dag enn for den byen!\u00bb Markus evangelium 6:11.<\/p>\n\n\n\n<p>Da disiplene ville at Jesus skulle f\u00e5 ild til \u00e5 falle ned fra himmelen og fort\u00e6re byer hvor de ble avvist, sa han: \u2018<em><strong>Dere vet ikke hva slags \u00e5nd dere er av<\/strong><\/em>\u2019, Lukas 9:55.<\/p>\n\n\n\n<p>\u2018<em><strong>For Menneskes\u00f8nnen er ikke kommet for \u00e5 \u00f8delegge menneskeliv, men for \u00e5 frelse<\/strong><\/em>\u2019. Og de gikk til en annen landsby, Lukas 9:56.<\/p>\n\n\n\n<p><strong>Hvilken \u00e5nd er de da av, de som tar livet av dem som ikke vil f\u00f8lge deres tro, vedtatt p\u00e5 kirkem\u00f8ter?<\/strong><\/p>\n\n\n\n<p>Jesus oppmuntret aldri til oppr\u00f8r mot okkupanten Romerriket, i sin egen tid. Han forkynte i stedet for dem. Han ba aldri kristne om \u00e5 forf\u00f8lge j\u00f8der eller noen i det hele tatt! Han forkynte og ba oss gj\u00f8re det samme til alle folkeslag.<\/p>\n\n\n\n<p>Jesu budskap var radikalt og er det fortsatt. Dette er vi kalt til \u00e5 forkynne i en verden full av hat, oppr\u00f8r, drap og kriger: \u00ab<em><strong>Elsk deres fiender<\/strong><\/em>\u00bb.<\/p>\n\n\n<div class=\"wp-block-image\">\n<figure class=\"alignleft size-large is-resized\"><a href=\"https:\/\/www.mensviventer.com\/wordpress\/wp-content\/uploads\/2023\/09\/lyslightnations.jpg\"><img decoding=\"async\" loading=\"lazy\" src=\"https:\/\/www.mensviventer.com\/wordpress\/wp-content\/uploads\/2023\/09\/lyslightnations-1024x576.jpg\" alt=\"\" class=\"wp-image-1946\" width=\"371\" height=\"208\" srcset=\"https:\/\/www.mensviventer.com\/wordpress\/wp-content\/uploads\/2023\/09\/lyslightnations-1024x576.jpg 1024w, https:\/\/www.mensviventer.com\/wordpress\/wp-content\/uploads\/2023\/09\/lyslightnations-300x169.jpg 300w, https:\/\/www.mensviventer.com\/wordpress\/wp-content\/uploads\/2023\/09\/lyslightnations-768x432.jpg 768w, https:\/\/www.mensviventer.com\/wordpress\/wp-content\/uploads\/2023\/09\/lyslightnations.jpg 1280w\" sizes=\"(max-width: 371px) 100vw, 371px\" \/><\/a><\/figure><\/div>\n\n\n<p>For slik har Herren befalt oss: \u00ab<em><strong>Jeg har satt Deg til lys for folkeslagene, for at Du skal v\u00e6re til frelse like til jordens ende<\/strong><\/em>\u2019, Apostlenes gjerninger 13:47.<\/p>\n\n\n\n<p>Kilder: For forf\u00f8lgelse fra den katolske kirke, b\u00f8kene: \u2018The Truth Triumphant\u2019 eller \u2018Sannheten seirer\u2019 p\u00e5 norsk. Den er full av kildehenvisninger fra tiden det skjedde. Kan leses online her: <a href=\"https:\/\/www.bibelmuseum.no\/wordpress\/kirken-i-odemarken\/\">https:\/\/www.bibelmuseum.no\/wordpress\/kirken-i-odemarken\/<\/a><\/p>\n\n\n\n<p>Mot historiens klimaks, kan leses online her: <a href=\"http:\/\/www.mothistoriensklimaks.no\">www.mothistoriensklimaks.no<\/a><\/p>\n\n\n\n<p>ETHB<\/p>\n","protected":false},"excerpt":{"rendered":"<p>Et interessant gruppem\u00f8te En gang jeg var i Jerusalem, traff jeg i en bokhandel en ung messiansk j\u00f8de jeg tidligere hadde m\u00f8tt i Eilat. Han kom litt senere p\u00e5 dagen innom hostelet i Jaffagaten hvor jeg bodde. Han fortalte om en interessant gruppe han skulle m\u00f8te og ville at jeg skulle bli med. Jeg tenkte [&hellip;]<\/p>\n","protected":false},"author":1,"featured_media":1946,"comment_status":"open","ping_status":"open","sticky":false,"template":"","format":"standard","meta":[],"categories":[1,9],"tags":[47,218,1079,1080,1082,1084,435,1083,332,1085,397,1081],"_links":{"self":[{"href":"https:\/\/www.mensviventer.com\/index.php?rest_route=\/wp\/v2\/posts\/1940"}],"collection":[{"href":"https:\/\/www.mensviventer.com\/index.php?rest_route=\/wp\/v2\/posts"}],"about":[{"href":"https:\/\/www.mensviventer.com\/index.php?rest_route=\/wp\/v2\/types\/post"}],"author":[{"embeddable":true,"href":"https:\/\/www.mensviventer.com\/index.php?rest_route=\/wp\/v2\/users\/1"}],"replies":[{"embeddable":true,"href":"https:\/\/www.mensviventer.com\/index.php?rest_route=%2Fwp%2Fv2%2Fcomments&post=1940"}],"version-history":[{"count":3,"href":"https:\/\/www.mensviventer.com\/index.php?rest_route=\/wp\/v2\/posts\/1940\/revisions"}],"predecessor-version":[{"id":1950,"href":"https:\/\/www.mensviventer.com\/index.php?rest_route=\/wp\/v2\/posts\/1940\/revisions\/1950"}],"wp:featuredmedia":[{"embeddable":true,"href":"https:\/\/www.mensviventer.com\/index.php?rest_route=\/wp\/v2\/media\/1946"}],"wp:attachment":[{"href":"https:\/\/www.mensviventer.com\/index.php?rest_route=%2Fwp%2Fv2%2Fmedia&parent=1940"}],"wp:term":[{"taxonomy":"category","embeddable":true,"href":"https:\/\/www.mensviventer.com\/index.php?rest_route=%2Fwp%2Fv2%2Fcategories&post=1940"},{"taxonomy":"post_tag","embeddable":true,"href":"https:\/\/www.mensviventer.com\/index.php?rest_route=%2Fwp%2Fv2%2Ftags&post=1940"}],"curies":[{"name":"wp","href":"https:\/\/api.w.org\/{rel}","templated":true}]}}