{"id":1676,"date":"2022-11-28T14:41:08","date_gmt":"2022-11-28T13:41:08","guid":{"rendered":"http:\/\/www.mensviventer.com\/?p=1676"},"modified":"2022-11-29T12:23:50","modified_gmt":"2022-11-29T11:23:50","slug":"paven-hyller-ignatius-loyola","status":"publish","type":"post","link":"https:\/\/www.mensviventer.com\/?p=1676","title":{"rendered":"Paven hyller Ignatius Loyola"},"content":{"rendered":"<p><strong><i>Omkring en uke etter at vi selv bes\u00f8kte Roma for et prosjekt, holdt pave Frans, den 7. september 2022, sin sedvanlige onsdagsaudiens for alle som var samlet p\u00e5 Petersplassen. I sin appell hyllet han \u2018Ignatius av Loyola\u2019, og kalte denne katolske \u2018helgenen\u2019 en av de mest betydningsfulle personene i kirkens historie.<\/i><\/strong><\/p>\n<p><a href=\"http:\/\/www.mensviventer.com\/wordpress\/wp-content\/uploads\/2022\/11\/vatikanet.jpg\"><img decoding=\"async\" loading=\"lazy\" class=\"alignleft size-medium wp-image-1677\" alt=\"vatikanet\" src=\"http:\/\/www.mensviventer.com\/wordpress\/wp-content\/uploads\/2022\/11\/vatikanet-225x300.jpg\" width=\"225\" height=\"300\" srcset=\"https:\/\/www.mensviventer.com\/wordpress\/wp-content\/uploads\/2022\/11\/vatikanet-225x300.jpg 225w, https:\/\/www.mensviventer.com\/wordpress\/wp-content\/uploads\/2022\/11\/vatikanet-768x1024.jpg 768w\" sizes=\"(max-width: 225px) 100vw, 225px\" \/><\/a>Han hevdet at Loyolas visdom og innsikt er et eksempel alle burde kopiere. \u2018Hemmeligheten til hans brukbarhet for Gud\u2019, hevdet paven, \u2018var hans enest\u00e5ende evne og vilje til \u00e5 la seg lede av sitt eget hjerte, og der hente intuisjon, visdom og mening. Bare p\u00e5 denne m\u00e5ten\u2019, sa paven, \u2018kan vi ta sunne beslutninger og komme til de rette konklusjoner.<\/p>\n<p>Som en evaluering av pavens hyllest til Loyola, vil vi p\u00e5st\u00e5 at \u00e5 ha blind tillit til v\u00e5rt \u2018eget hjerte\u2019 (intuisjon, tanker, meninger og f\u00f8lelser), ikke p\u00e5 noen m\u00e5te er en garantert vei til verken visdom eller frelse, men representerer en autostrada til forf\u00f8relse. Gjennom profeten Jeremiah sier Gud: \u2018Svikefullt er hjertet, mer enn noe annet\u2019 \u2026 Jer. 17:9. P\u00e5 et tidspunkt m\u00e5tte Herren si til sitt folk: \u2018Dere har gjort mer ondt enn deres fedre \u2026 dere som f\u00f8lger deres onde, h\u00e5rde hjerte, uten \u00e5 h\u00f8re p\u00e5 meg\u2019, Jer. 16:12. Guds budskap til folket var ogs\u00e5: \u2018Men de h\u00f8rte ikke og vendte ikke \u00f8ret til meg \u2026 De fulgte egne tanker \u2026 De vendte ryggen, ikke ansiktet til meg\u2019, Jer. 7:24.<\/p>\n<p><b>Guds anbefaling.\u00a0\u00a0\u00a0\u00a0\u00a0\u00a0\u00a0\u00a0\u00a0\u00a0\u00a0\u00a0\u00a0\u00a0\u00a0\u00a0\u00a0\u00a0\u00a0\u00a0\u00a0\u00a0\u00a0\u00a0\u00a0\u00a0\u00a0\u00a0\u00a0\u00a0\u00a0\u00a0\u00a0\u00a0\u00a0\u00a0\u00a0 \u00a0\u00a0\u00a0\u00a0\u00a0\u00a0\u00a0\u00a0\u00a0\u00a0\u00a0\u00a0\u00a0\u00a0\u00a0\u00a0\u00a0\u00a0\u00a0\u00a0\u00a0\u00a0\u00a0\u00a0\u00a0\u00a0\u00a0\u00a0\u00a0\u00a0\u00a0\u00a0\u00a0\u00a0\u00a0\u00a0\u00a0\u00a0\u00a0\u00a0\u00a0\u00a0\u00a0\u00a0\u00a0\u00a0\u00a0\u00a0\u00a0\u00a0\u00a0\u00a0\u00a0\u00a0\u00a0\u00a0\u00a0\u00a0\u00a0\u00a0\u00a0\u00a0\u00a0\u00a0\u00a0\u00a0\u00a0\u00a0\u00a0\u00a0\u00a0\u00a0\u00a0\u00a0\u00a0\u00a0\u00a0\u00a0\u00a0\u00a0\u00a0\u00a0\u00a0\u00a0\u00a0\u00a0\u00a0\u00a0\u00a0<\/b>Den eneste sikre fremgangsm\u00e5te, er \u00e5 bruke tid med Guds Ord under b\u00f8nn om \u00e5 bli veiledet av Hans \u00c5nd. Salmistens oppskrift er: \u2018Ditt Ord er en lykt for min fot og et lys p\u00e5 min sti\u2019, Salme 119:105. Ogs\u00e5 apostelen Peters anmodning er \u00e5 merke seg: \u2018<i>Og jo fastere har vi det profetiske ord, som dere gj\u00f8r vel i \u00e5 akte p\u00e5. Det er en lampe som lyser p\u00e5 et m\u00f8rkt sted\u2019<\/i> \u2026 2. Peter 1:19.<\/p>\n<p><a href=\"http:\/\/www.mensviventer.com\/wordpress\/wp-content\/uploads\/2022\/11\/ignatiusLoyola.png\"><img decoding=\"async\" loading=\"lazy\" class=\"alignright size-full wp-image-1678\" alt=\"ignatiusLoyola\" src=\"http:\/\/www.mensviventer.com\/wordpress\/wp-content\/uploads\/2022\/11\/ignatiusLoyola.png\" width=\"207\" height=\"244\" \/><\/a>Det er trist \u00e5 observere at mange kristne, ogs\u00e5 protestanter, faktisk f\u00f8lger anbefalingen til pave Frans, selv om de ikke kjenner til hans r\u00e5d. De lever ut sin kristendom ved \u00e5 f\u00f8lge hva som enn f\u00f8les godt og behagelig, lar seg nettopp lede av \u2018sitt eget hjerte og der hente intuisjon, visdom og mening\u2019. Apostelen Paulus advarer kraftig mot denne m\u00e5ten \u00e5 v\u00e6re kristen p\u00e5, og skriver at det er noen som bare vil tro p\u00e5 det \u2018som kl\u00f8r i \u00f8ret\u2019, 2. Tim. 4:3. Salmisten setter ord p\u00e5 alternativet: \u2018<i>\u00c5 gj\u00f8re din vilje, Gud, er min lyst<\/i>\u2019, Sal. 40:9.<\/p>\n<p><b>Jesuittordenen <\/b>\u00a0\u00a0\u00a0\u00a0\u00a0\u00a0\u00a0\u00a0\u00a0\u00a0\u00a0\u00a0\u00a0\u00a0\u00a0\u00a0\u00a0\u00a0\u00a0\u00a0\u00a0\u00a0\u00a0\u00a0\u00a0\u00a0\u00a0\u00a0\u00a0\u00a0\u00a0\u00a0\u00a0\u00a0\u00a0\u00a0\u00a0\u00a0\u00a0\u00a0\u00a0\u00a0\u00a0\u00a0\u00a0\u00a0\u00a0\u00a0\u00a0\u00a0\u00a0\u00a0\u00a0\u00a0\u00a0\u00a0\u00a0\u00a0\u00a0\u00a0\u00a0\u00a0\u00a0\u00a0\u00a0\u00a0\u00a0\u00a0\u00a0\u00a0\u00a0\u00a0\u00a0\u00a0\u00a0\u00a0\u00a0\u00a0\u00a0\u00a0\u00a0\u00a0\u00a0\u00a0\u00a0\u00a0\u00a0\u00a0\u00a0\u00a0\u00a0\u00a0\u00a0\u00a0\u00a0\u00a0\u00a0\u00a0\u00a0\u00a0\u00a0\u00a0\u00a0\u00a0\u00a0\u00a0\u00a0\u00a0\u00a0\u00a0\u00a0\u00a0\u00a0\u00a0\u00a0\u00a0\u00a0\u00a0\u00a0\u00a0\u00a0\u00a0\u00a0\u00a0\u00a0Sammen med tre venner, etablerte Loyola i 1539 den etter hvert s\u00e5 beryktede Jesuittordenen (The Society of Jesus). Han ble selv organisasjonens f\u00f8rste leder, (Superior General). Form\u00e5let var globalt misjonsarbeid og undervisning. En rekke katolske skoler og universiteter er gjennom \u00e5rene blitt etablert i mange land i hans og Jesuittbevegelsens navn.<\/p>\n<p>Et fundament for denne ordenen var da som n\u00e5, blind lojalitet til paven, uten vurdering av hva paven til enhver tid st\u00e5r for. Ved \u00e5 lese gjennom Loyolas ber\u00f8mte \u2018\u00e5ndelige \u00f8velser\u2019, finner i bl.a. p\u00e5standen som er hans 13. trosregel. \u2018For \u00e5 kunne v\u00e6re sikre p\u00e5 \u00e5 ha rett i alle ting, m\u00e5 vi tro at det hvite som vi ser egentlig er svart, hvis den hierarkiske kirken s\u00e5 bestemmer. Det m\u00e5 v\u00e6re slik fordi det var den samme \u00c5nd som ga oss de ti bud som ogs\u00e5 leder kirken, v\u00e5r hellige mor\u2019.<\/p>\n<div id=\"attachment_1680\" style=\"width: 298px\" class=\"wp-caption alignleft\"><a href=\"http:\/\/www.mensviventer.com\/wordpress\/wp-content\/uploads\/2022\/11\/loyolaXavieriGoa1.gif\"><img aria-describedby=\"caption-attachment-1680\" decoding=\"async\" loading=\"lazy\" class=\"size-full wp-image-1680\" alt=\"loyolaXavieriGoa\" src=\"http:\/\/www.mensviventer.com\/wordpress\/wp-content\/uploads\/2022\/11\/loyolaXavieriGoa1.gif\" width=\"288\" height=\"288\" \/><\/a><p id=\"caption-attachment-1680\" class=\"wp-caption-text\">Jesuitten Francis som paven har oppkalt seg etter, ankom Goa i India 6 May 1542. Her ble inkvisisjonen satt opp og myrderiene startet. Hinduer og kristne som var etterkommere av apostelen Thomas sin forkynnelse&#8230;de ble torturert og drept i hopetall.<\/p><\/div>\n<p>Premissene som tydeligvis styrte hva Loyolas \u2018hjerte\u2019 fortale han, var at hva enn kirken hevdet, s\u00e5 var det sannhet. Det rette og sanne i hans teologi, var med andre ord kirkens meninger. Han kunne likes\u00e5 godt ha byttet ut ordet \u2018hjerte\u2019 med \u2018den katolske kirkes tro\u2019. Det var denne oppskriften han anbefalte alle \u00e5 f\u00f8lge.<\/p>\n<p>Jesuittbevegelsen var ogs\u00e5 sentral i motreformasjonen og s\u00f8kte \u00e5 f\u00e5 oppmerksomhet vekk fra reformatorenes p\u00e5stand om at pavekirken representerte den historiske antikristmakten. Kirken lanserte selv de to alternative ideene, at antikrist ikke skulle komme til syne f\u00f8r i den siste tid, som et endetidsfenomen, men ogs\u00e5 teorien at antikrist dukket opp tidlig i historien, og var Antiokes Epifanes. Begge disse teoriene fikk anklagene vekk fra pavekirken og de er i dag blitt godtatt av forskjellige protestantiske kirkesamfunn.<\/p>\n<p><b>Inkvisisjonen.\u00a0\u00a0\u00a0\u00a0\u00a0\u00a0\u00a0\u00a0\u00a0\u00a0\u00a0\u00a0\u00a0\u00a0\u00a0\u00a0\u00a0\u00a0\u00a0\u00a0\u00a0\u00a0\u00a0\u00a0\u00a0\u00a0\u00a0\u00a0\u00a0\u00a0\u00a0\u00a0\u00a0\u00a0\u00a0\u00a0\u00a0\u00a0\u00a0\u00a0\u00a0\u00a0\u00a0\u00a0\u00a0\u00a0\u00a0\u00a0\u00a0\u00a0\u00a0\u00a0\u00a0\u00a0\u00a0\u00a0\u00a0\u00a0\u00a0\u00a0\u00a0\u00a0\u00a0\u00a0\u00a0\u00a0\u00a0\u00a0\u00a0\u00a0\u00a0\u00a0\u00a0\u00a0\u00a0\u00a0\u00a0\u00a0\u00a0\u00a0\u00a0\u00a0\u00a0\u00a0\u00a0\u00a0\u00a0\u00a0\u00a0\u00a0\u00a0\u00a0\u00a0\u00a0\u00a0\u00a0\u00a0\u00a0\u00a0\u00a0\u00a0\u00a0\u00a0\u00a0\u00a0\u00a0\u00a0\u00a0\u00a0\u00a0\u00a0\u00a0\u00a0\u00a0\u00a0\u00a0\u00a0\u00a0\u00a0\u00a0\u00a0\u00a0\u00a0\u00a0 <\/b>Jesuittbevegelsen til Loyola ble beryktet p\u00e5 grunn av inkvisisjonen, som ble en av denne ordenens fremgangsm\u00e5ter i m\u00f8te med dissentere, som stort sett var \u2018annerledes troende\u2019, kristne som ikke aksepterte pavekirken dogmer, men ville holde seg til Jesu og apostlenes l\u00e6re.<\/p>\n<p>Jesuittenes kampmotto for sine medlemmer, var da som n\u00e5: \u2018G\u00e5 og sett verden i brann\u2019. P\u00e5 grunn av dette systemets villighet til \u00e5 d\u00f8mme og brenne \u2018kjettere\u2019 p\u00e5 b\u00e5let, ble dette mottoet til tider omd\u00f8pt av kirkens motstandere til \u2018G\u00e5 og sett kjettere i brann\u2019.<\/p>\n<div id=\"attachment_1681\" style=\"width: 255px\" class=\"wp-caption alignright\"><a href=\"http:\/\/www.mensviventer.com\/wordpress\/wp-content\/uploads\/2022\/11\/GenozideUstasi.png\"><img aria-describedby=\"caption-attachment-1681\" decoding=\"async\" loading=\"lazy\" class=\"size-full wp-image-1681 \" alt=\"GenozideUstasi\" src=\"http:\/\/www.mensviventer.com\/wordpress\/wp-content\/uploads\/2022\/11\/GenozideUstasi.png\" width=\"245\" height=\"176\" \/><\/a><p id=\"caption-attachment-1681\" class=\"wp-caption-text\">Brutaliteten til de katolske Ustase i Kroatia under den annen Verdenskrig er vel dokumentert. Den katolske erkebiskoppen Stepinac og hans ansatte, var kjent med herjingene til Ustase og mange vitner at de var aktive med. N\u00e5 vil paven gj\u00f8re han til helgen. Det har ikke en gang g\u00e5tt 100 \u00e5r f\u00f8r dette n\u00e5 skal glemmes.<\/p><\/div>\n<p>En gjennomgang av internettartikler om Loyolas inkvisisjon, gir mistanke om at den katolske kirke kan ha arbeidet flittig med \u00e5 pynte p\u00e5 den offentlige informasjonen om denne bevegelsens meritter. Bevegelsens forf\u00f8lgelse av annerledes troende, blir godt nedvurdert og skjult, og \u00e5rsakene til at en rekke land forb\u00f8d Jesuittene, hevdes det, var denne ordenens vektlegging av sann kristendom, medmenneskelighet og motstand mot korrupsjon og umoral, n\u00e5r disse landene selv fremmet disse syndene. Jesuittene ble faktisk forbudt i en rekke land, i Norge fra 1814 til s\u00e5 sent som 1956. Etter hvert som deres manipulerende metoder, infiltrasjon og vilje til \u00e5 \u00f8delegge sine fiender ble dokumentert, ble ogs\u00e5 ordenen forbudt i flere katolske land. Pave Frans er faktisk den f\u00f8rste jesuitt som ble valgt til pave og hans hyllest av Loyola kan trolig forst\u00e5s i den sammenheng.<\/p>\n<p>B\u00e5de den spanske, portugisiske og romerske inkvisisjon, inklusivt de massive myrderiene av Valdenserne, er imidlertid godt dokumentert i kilder som kirken ikke har evnet \u00e5 endre til sin egen fordel. Imidlertid er torturmuseet i L\u00fcbeck, som vi selv har bes\u00f8kt, ikke under kirkens kontroll, og der stilles ut en rekke av torturredskapene som ble benyttet for \u00e5 tvinge annerledes troende til \u00e5 innr\u00f8mme at de ikke aksepterte og st\u00f8ttet den katolske kirkes teologi.<\/p>\n<p><b>Fra Middelalderens torturmuseum i L\u00fcbeck.\u00a0\u00a0\u00a0\u00a0\u00a0\u00a0\u00a0\u00a0\u00a0\u00a0\u00a0\u00a0\u00a0\u00a0\u00a0\u00a0\u00a0\u00a0\u00a0\u00a0\u00a0\u00a0\u00a0\u00a0\u00a0\u00a0\u00a0\u00a0\u00a0\u00a0\u00a0\u00a0\u00a0\u00a0\u00a0\u00a0\u00a0\u00a0\u00a0\u00a0\u00a0\u00a0\u00a0\u00a0\u00a0\u00a0\u00a0\u00a0\u00a0\u00a0\u00a0\u00a0\u00a0\u00a0\u00a0\u00a0\u00a0\u00a0\u00a0\u00a0\u00a0\u00a0\u00a0\u00a0\u00a0\u00a0\u00a0\u00a0\u00a0\u00a0\u00a0\u00a0\u00a0\u00a0\u00a0\u00a0\u00a0\u00a0\u00a0\u00a0\u00a0\u00a0\u00a0\u00a0\u00a0\u00a0\u00a0\u00a0\u00a0\u00a0\u00a0\u00a0\u00a0\u00a0\u00a0\u00a0\u00a0\u00a0\u00a0\u00a0\u00a0\u00a0\u00a0\u00a0\u00a0\u00a0\u00a0\u00a0\u00a0\u00a0\u00a0\u00a0\u00a0\u00a0\u00a0\u00a0\u00a0\u00a0\u00a0\u00a0\u00a0\u00a0\u00a0\u00a0 <\/b>En torturmetode var \u00e5 binde offeret p\u00e5 et bord, med redskap som gjorde at armer og bein kunne trekkes hver sin vei. Resultatet var at leddene langsomt ble revet av, og personen kunne helt bokstavelig bli revet i biter. Utspekulerte redskaper er \u00e5 se p\u00e5 museet, laget for \u00e5 rive av neglene eller knuse mannlige kj\u00f8nnsorganer. Andre torturredskaper, var den spanske sko, som kunne knuse fangenes bein og f\u00f8tter.<\/p>\n<p>Jernjomfruen var et hult kammer med vertikale spyd og kniver. Offeret ble plassert inne i kammeret, som i lokket hadde skarpe kniver og n\u00e5ler, og n\u00e5r kisten meget langsomt ble lukket, ville de skarpe gjenstandene gjennombore personen\u00bb.\u00a0\u00a0\u00a0\u00a0\u00a0\u00a0\u00a0\u00a0\u00a0\u00a0\u00a0\u00a0\u00a0\u00a0\u00a0\u00a0\u00a0\u00a0\u00a0\u00a0\u00a0\u00a0\u00a0\u00a0\u00a0\u00a0\u00a0\u00a0\u00a0\u00a0\u00a0\u00a0\u00a0\u00a0\u00a0\u00a0\u00a0\u00a0\u00a0\u00a0\u00a0\u00a0\u00a0\u00a0\u00a0\u00a0\u00a0\u00a0\u00a0\u00a0\u00a0\u00a0\u00a0\u00a0\u00a0\u00a0\u00a0\u00a0\u00a0\u00a0\u00a0\u00a0\u00a0\u00a0\u00a0\u00a0\u00a0\u00a0\u00a0\u00a0\u00a0\u00a0\u00a0\u00a0\u00a0\u00a0\u00a0\u00a0\u00a0\u00a0\u00a0\u00a0\u00a0\u00a0\u00a0\u00a0\u00a0\u00a0\u00a0\u00a0\u00a0\u00a0\u00a0\u00a0\u00a0\u00a0\u00a0\u00a0\u00a0\u00a0\u00a0\u00a0\u00a0\u00a0\u00a0\u00a0\u00a0\u00a0\u00a0\u00a0\u00a0\u00a0\u00a0\u00a0\u00a0\u00a0\u00a0\u00a0\u00a0\u00a0\u00a0\u00a0\u00a0\u00a0\u00a0\u00a0\u00a0\u00a0\u00a0\u00a0\u00a0\u00a0\u00a0\u00a0\u00a0\u00a0\u00a0\u00a0\u00a0\u00a0\u00a0 Det var ogs\u00e5 vanlig \u00e5 la ofrene kveles ved at de ble tvunget til \u00e5 svelge egne avsk\u00e5rne kroppsdeler. Ofrene ble halshugget, brent og kvalt, alt i Guds navn, av et religi\u00f8st system som kalte seg et kristent kirkesamfunn, og ledet av en person som tok tittelen: \u2018Jesu stedfortreder og vikar\u2019. Nonner og prester er med p\u00e5 maleriene.<\/p>\n<p><a href=\"http:\/\/www.mensviventer.com\/wordpress\/wp-content\/uploads\/2022\/11\/TorturemuseumFlandern.png\"><img decoding=\"async\" loading=\"lazy\" class=\"alignleft size-medium wp-image-1682\" alt=\"TorturemuseumFlandern\" src=\"http:\/\/www.mensviventer.com\/wordpress\/wp-content\/uploads\/2022\/11\/TorturemuseumFlandern-300x154.png\" width=\"300\" height=\"154\" srcset=\"https:\/\/www.mensviventer.com\/wordpress\/wp-content\/uploads\/2022\/11\/TorturemuseumFlandern-300x154.png 300w, https:\/\/www.mensviventer.com\/wordpress\/wp-content\/uploads\/2022\/11\/TorturemuseumFlandern.png 976w\" sizes=\"(max-width: 300px) 100vw, 300px\" \/><\/a>I 1211 ble over 100.000 Albigensere myrdet p\u00e5 en dag av kirken. Under massakren i Merindos, ble 500 kvinner stengt inne i en l\u00e5ve som ble satt fyr p\u00e5. 10.000 Hugenotter ble drept i Paris i 1572. Etter drapene gikk prestene til messe og takket Gud for resultatet\u2019.<\/p>\n<p>Inkvisisjonens Loyola ble saligk\u00e5ret i 1609, utpekt til katolsk helgen i 1622 og hyllet som en av kirkehistoriens mest betydningsfulle katolikker av pave Frans i 2022.<\/p>\n<p>Hva har Jesus selv \u00e5 si om denne kirken og utryddelsen av anderledes troende<i>? <\/i><i>\u00abOg dersom noen ikke vil ta imot dere eller h\u00f8re p\u00e5 dere: N\u00e5r dere drar derfra, <b>rist da av st\u00f8vet under f\u00f8ttene deres<\/b> som et vitnesbyrd mot dem. Sannelig sier Jeg dere, det skal bli lettere for Sodoma og Gomorra p\u00e5 dommens dag enn for den byen!\u00bb S\u00e5 gikk de ut og forkynte at folk skulle omvende seg.\u00bb Markus 6:11,12\u00a0 <\/i>Straffen h\u00f8rer Gud til.<\/p>\n<p>\u00c5p. 17:5-6 \u00a0Og p\u00e5 pannen hennes var det skrevet et navn: <i>EN HEMMELIGHET, BABYLON DEN STORE, MOR TIL SKJ\u00d8GENE OG TIL STYGGEDOMMENE P\u00c5 JORDEN. Jeg s\u00e5 at kvinnen<\/i> (kvinne=menighet) <i>var drukken av de helliges blod og av blodet av Jesu vitner. Og da jeg s\u00e5 henne, undret jeg meg meget.<\/i> Babylon blir d\u00f8mt og straffet av Gud i kap 18.<\/p>\n<p>JB<i><\/i><\/p>\n","protected":false},"excerpt":{"rendered":"<p>Omkring en uke etter at vi selv bes\u00f8kte Roma for et prosjekt, holdt pave Frans, den 7. september 2022, sin sedvanlige onsdagsaudiens for alle som var samlet p\u00e5 Petersplassen. I sin appell hyllet han \u2018Ignatius av Loyola\u2019, og kalte denne katolske \u2018helgenen\u2019 en av de mest betydningsfulle personene i kirkens historie. Han hevdet at Loyolas [&hellip;]<\/p>\n","protected":false},"author":1,"featured_media":0,"comment_status":"open","ping_status":"open","sticky":false,"template":"","format":"standard","meta":[],"categories":[2],"tags":[564,915,390,913,918,159,914,391,917,912,911,916],"_links":{"self":[{"href":"https:\/\/www.mensviventer.com\/index.php?rest_route=\/wp\/v2\/posts\/1676"}],"collection":[{"href":"https:\/\/www.mensviventer.com\/index.php?rest_route=\/wp\/v2\/posts"}],"about":[{"href":"https:\/\/www.mensviventer.com\/index.php?rest_route=\/wp\/v2\/types\/post"}],"author":[{"embeddable":true,"href":"https:\/\/www.mensviventer.com\/index.php?rest_route=\/wp\/v2\/users\/1"}],"replies":[{"embeddable":true,"href":"https:\/\/www.mensviventer.com\/index.php?rest_route=%2Fwp%2Fv2%2Fcomments&post=1676"}],"version-history":[{"count":6,"href":"https:\/\/www.mensviventer.com\/index.php?rest_route=\/wp\/v2\/posts\/1676\/revisions"}],"predecessor-version":[{"id":1705,"href":"https:\/\/www.mensviventer.com\/index.php?rest_route=\/wp\/v2\/posts\/1676\/revisions\/1705"}],"wp:attachment":[{"href":"https:\/\/www.mensviventer.com\/index.php?rest_route=%2Fwp%2Fv2%2Fmedia&parent=1676"}],"wp:term":[{"taxonomy":"category","embeddable":true,"href":"https:\/\/www.mensviventer.com\/index.php?rest_route=%2Fwp%2Fv2%2Fcategories&post=1676"},{"taxonomy":"post_tag","embeddable":true,"href":"https:\/\/www.mensviventer.com\/index.php?rest_route=%2Fwp%2Fv2%2Ftags&post=1676"}],"curies":[{"name":"wp","href":"https:\/\/api.w.org\/{rel}","templated":true}]}}