{"id":151,"date":"2014-03-02T22:08:12","date_gmt":"2014-03-02T22:08:12","guid":{"rendered":"http:\/\/www.mensviventer.com\/wordpress\/?p=151"},"modified":"2014-03-02T22:08:12","modified_gmt":"2014-03-02T22:08:12","slug":"harika-haber-wni-vitnesbyrd-fra-2013-2","status":"publish","type":"post","link":"https:\/\/www.mensviventer.com\/?p=151","title":{"rendered":"Harika Haber  WNI  &#8211;   Vitnesbyrd fra 2013 &#8211; 2"},"content":{"rendered":"<p style=\"text-align: left;\"><a href=\"http:\/\/www.mensviventer.com\/wordpress\/wp-content\/uploads\/2014\/03\/logo.jpg\"><img decoding=\"async\" loading=\"lazy\" class=\"size-medium wp-image-146 aligncenter\" alt=\"logo\" src=\"http:\/\/www.mensviventer.com\/wordpress\/wp-content\/uploads\/2014\/03\/logo-300x119.jpg\" width=\"300\" height=\"119\" srcset=\"https:\/\/www.mensviventer.com\/wordpress\/wp-content\/uploads\/2014\/03\/logo-300x119.jpg 300w, https:\/\/www.mensviventer.com\/wordpress\/wp-content\/uploads\/2014\/03\/logo.jpg 378w\" sizes=\"(max-width: 300px) 100vw, 300px\" \/><\/a><strong>Jeg har blitt invitert til \u00e5 delta p\u00e5 en undervisningsserie, og vi gjennomf\u00f8rte i februar-mars 2013 den f\u00f8rste av sitt slag i verden i adventist sammenheng. Det var et to ukers kurs for oppl\u00e6ring av SDA arbeidere i \u00e5 n\u00e5 enkeltmennesker med muslimsk bakgrunn. Seminaret ble arrangert n\u00e6r Cotabato i Mindanao \/ Filippinene med planlagte fire klasser innev\u00e6rende \u00e5r. Klassene er \u00e5pne for alle i verden og det blir undervist p\u00e5 engelsk.<\/strong><a href=\"http:\/\/www.mensviventer.com\/wordpress\/wp-content\/uploads\/2014\/03\/filipinnee.jpg\"><img decoding=\"async\" loading=\"lazy\" class=\"size-medium wp-image-152 alignright\" alt=\"filipinnee\" src=\"http:\/\/www.mensviventer.com\/wordpress\/wp-content\/uploads\/2014\/03\/filipinnee-300x225.jpg\" width=\"300\" height=\"225\" srcset=\"https:\/\/www.mensviventer.com\/wordpress\/wp-content\/uploads\/2014\/03\/filipinnee-300x225.jpg 300w, https:\/\/www.mensviventer.com\/wordpress\/wp-content\/uploads\/2014\/03\/filipinnee.jpg 960w\" sizes=\"(max-width: 300px) 100vw, 300px\" \/><\/a><\/p>\n<p>V\u00e5re to ukers kurs var meget vellykket. Vi holder tallet p\u00e5 studenter need p\u00e5 32 personer, men antallet ble doblet hver kveld p\u00e5 grunn av bes\u00f8kende. P\u00e5 sabbats gudstjenesten kom det rundt 80 mennesker. Blant v\u00e5re studenter var det pastorer, legfolk, og menighetsmedlemmer som har lyst til \u00e5 svare p\u00e5 kallet v\u00e5r Herre Jesus Kristus gir, til \u00e5 g\u00e5 ut i verden og forkynne evangeliet.<\/p>\n<p>All undervisning ble tatt opp p\u00e5 film av HCBN-TV (en del av Gospel ministries international \u2013 David Gates), og det ble ogs\u00e5 laget s\u00e6rskilt intervju med foreleserne p\u00e5 samme TV-kanal.<\/p>\n<p>En av v\u00e5re studenter som arbeidet som kolport\u00f8r (salg av b\u00f8ker), ble stoppet av en bev\u00e6pnet MFNL\u00a0oppr\u00f8rer. Kolport\u00f8ren brukte det vi hadde l\u00e6rt han \u00e5 si i klassen bare noen dager tidligere. Oppr\u00f8rerne lot ha g\u00e5 da han fortalte dem at han var Adventist som ikke spiser svinekj\u00f8tt.<\/p>\n<p>I tillegg \u00a0var han i stand til \u00e5 selge b\u00f8ker til alle oppr\u00f8rerne p\u00e5 sjekkpunktet, om Jesus og endetiden. Han fortalte oss at det vi hadde l\u00e6rt ham sannsynligvis reddet livet hans.<\/p>\n<p><b>Istanbul<\/b><\/p>\n<p>Kort tid etter at vi kom hjem fra Mindanao, fikk vi invitasjon til en islamsk konferanse i Istanbul \/ Tyrkia. Konferansen arrangeres av presidenten for et islamsk universitet. Mange islamske l\u00e6rde og religi\u00f8se ledere var tilstede. Etter konferansen ble vi invitert til noen flere m\u00f8ter, med deltakere fra den samme konferansen. De f\u00f8rste 3 dagene i Istanbul var vi stort sett p\u00e5 diverse m\u00f8ter, og fikk m\u00f8te nye mennesker og skapt nye forbindelser.<\/p>\n<p>P\u00e5 den fjerde dagen var vi invitert til en dagsavis for et intervju. Denne dagsavisen har rundt 60.000 faste lesere rundt om i Tyrkia. I tillegg utgir de ukentlige og m\u00e5nedlige magasiner. Mot slutten av v\u00e5rt m\u00f8te med redakt\u00f8ren for denne avisen, ga han oss et tilbud om en fast spalte i avisen i stedet for et intervju. Og de ville ha artiklene p\u00e5 b\u00e5de engelsk og tyrkisk. Dette fordi de nylig hadde begynt en engelsk utgave av avisen. Vi forbereder artiklene og ved Guds n\u00e5de vil v\u00e5r artikkelserie snart publiseres i denne avisen p\u00e5 b\u00e5de tyrkisk og engelsk.<\/p>\n<p>P\u00e5 den femte dagen av v\u00e5rt bes\u00f8k i Tyrkia, dro vi til Ankara da vi ogs\u00e5 der ble invitert til et TV-intervju. Der laget de et 40 minutters TV program som skulle sendes til hele Midt-\u00d8sten, Europa og \u00d8st-Asia.<\/p>\n<p><strong>Jeg vil gjerne dele detaljene fra v\u00e5r tur til Tyrkia med dere, via\u00a0 min venn Stephens penn. Vi var sammen under hele bes\u00f8ket der. Her er noen utdrag fra hans brev:<\/strong><\/p>\n<p>P\u00e5 vei tilbake fra m\u00f8tet, mens vi satt p\u00e5 trikken, lurte Asif og jeg p\u00e5 hva som egentlig foregikk. Selv han som er tyrker, var ikke forn\u00f8yd med alt det som skjedde p\u00e5 dette m\u00f8tet, og at m\u00f8tet ikke hadde gitt noen mulighet til \u00e5 dele grunnen til at jeg var der. Jeg var skuffet, men ville ikke la motl\u00f8sheten ta over, s\u00e5 jeg pr\u00f8vde \u00e5 oppmuntre Asif ved \u00e5 fortelle han uken enn\u00e5 er ung og at Gud fortsatt kan jobbe p\u00e5 mange m\u00e5ter. Jeg lurte p\u00e5 hvordan, men sa til meg selv at\u00a0 jeg m\u00e5tte\u00a0 v\u00e6re t\u00e5lmodig, da det absolutt s\u00e5 ut til \u00e5 v\u00e6re arrangert av Gud, selv om jeg ikke var i stand til \u00e5 se det da.<\/p>\n<div id=\"attachment_154\" style=\"width: 310px\" class=\"wp-caption alignleft\"><a href=\"http:\/\/www.mensviventer.com\/wordpress\/wp-content\/uploads\/2014\/03\/6853314_l.jpg\"><img aria-describedby=\"caption-attachment-154\" decoding=\"async\" loading=\"lazy\" class=\"size-medium wp-image-154 \" alt=\"6853314_l\" src=\"http:\/\/www.mensviventer.com\/wordpress\/wp-content\/uploads\/2014\/03\/6853314_l-300x199.jpg\" width=\"300\" height=\"199\" srcset=\"https:\/\/www.mensviventer.com\/wordpress\/wp-content\/uploads\/2014\/03\/6853314_l-300x199.jpg 300w, https:\/\/www.mensviventer.com\/wordpress\/wp-content\/uploads\/2014\/03\/6853314_l-1024x681.jpg 1024w\" sizes=\"(max-width: 300px) 100vw, 300px\" \/><\/a><p id=\"caption-attachment-154\" class=\"wp-caption-text\">Istanbul, det gamle Konstantinopel, er en av verdens st\u00f8rste byer med ca 15 millioner innbyggere. I tillegg til millioner av flykninger.<\/p><\/div>\n<p>Neste dag var onsdag og vi fikk igjen en telefon om morgenen fra v\u00e5r muslimske kontakt. Han inviterte oss p\u00e5 lunsj et helt nytt sted men i det gamle Istanbul. Da vi pakket sammen for lunsj m\u00f8tet, ble vi enige om bare \u00e5 ta med oss plansjene siden det ble vanskelig \u00e5 dra med oss en tung koffert over brosteinene.<\/p>\n<p>Vi ankom litt forsent og ble henvist til en spisesal i underetasjen, hvor et bord var gjort i stand for oss. Sumit fortalte meg at den eldre hvith\u00e5rede mannen m\u00e5tte dra kl 15:00, s\u00e5 jeg inns\u00e5 at dette m\u00e5tte g\u00e5 hurtig, og jeg gikk rett p\u00e5 sak. Jeg hadde 50 min. til \u00e5 snakke p\u00e5. Jeg begynte med \u00e5 fortelle historien om Ismael og Hagar og den doble velsignelsen Abrahams etterkommere mottok i 5 Mosebok, kap.21.\u00a0 Og fortsatte med \u00e5 fortelle hvordan deres side av familien fikk hele Midt-\u00d8sten, mens Isaks familie bare fikk Kanaans land. Jeg fortalte historien om den st\u00f8rste profeten i det gamle testamentet, som ble oppl\u00e6rt i 40 \u00e5r av en prest fra deres side av familien\u2026\u2026<\/p>\n<p>Klokka var nesten 15:00 s\u00e5 jeg satte meg ned. Den eldre hvith\u00e5rede mannen reiste seg for \u00e5 g\u00e5, og vi reiste oss alle opp og sto rundt han for \u00e5\u00a0 ta hverandre i hendene og si farvel. Sumit gikk over til den motsatte side av rommet og snakket i mobiltelefonen i minst 10-15 min.Vi satt bare der og snakket med en muslim som hadde ankommet fra Libya dagen f\u00f8r.<\/p>\n<p>Sumit kom tilbake og sa til Asif og meg; \u201d I morgen har jeg arrangert et avisintervju med dere og jeg har et TV-program for dere i Ankara, som er 6-7 timer herfra med buss.\u201d<\/p>\n<p>Adresser og telefonnumre ble utvekslet og m\u00f8tet var over. Da vi kom utenfor priste vi, Asif, Davoud og jeg, Gud for hva han akkurat hadde gjort. P\u00e5 vei hjem til v\u00e5rt rom mottok vi en telefonoppringning fra TV stasjonen\u00a0 i Ankara som ville ha bekreftet timeplanen for opptakene fredag. N\u00e5 begynte jeg alvorlig \u00e5 lure p\u00e5 hvem denne mannen Sumit var, som hadde slik autoritet at han kunne arrangere det slik at en Adventist legmann forkynner i en muslimsk nasjon kunne f\u00e5 en slik mulighet?<\/p>\n<p>Dagen etter reiste Asif og jeg tilbake med drosje til den moderne delen av Istanbul for v\u00e5rt nye m\u00f8te. Vi fant det nye\u00a0 kontorbygnings komplekset, og folk sto klare til \u00e5 m\u00f8te oss da vi kom inn i bygningen. De eskorterte oss til 6. etasje og inn i redakt\u00f8rens kontor. Han var en veldig avslappet ung mann og snakket engelsk meget godt. Jeg har blitt intervjuet f\u00f8r, og vanligvis tar intervjueren notater eller skriver p\u00e5 lapper, men denne gangen hadde redakt\u00f8ren ikke noe papir, og jeg kunne ikke se noen opptaker i bruk. Jeg begynte \u00e5 lure p\u00e5 hvordan denne mannen skulle klare \u00e5 huske alt jeg sa. Redakt\u00f8ren nevnte at han bare var overf\u00f8rt fra Ankara til dette kontoret som sjef for den nye engelske delen av avisen. Han fortsatte med \u00e5 si, i all fortrolighet, hvor bra det var at vi dukket opp den f\u00f8rste dagenda han skulle begynne arbeidet med de nye delen av avisen. Han spurte om jeg kunne skrive en ukentlig spalte om hva vi som syvendedags adventister tror og l\u00e6rer om endetiden, og hvordan Islam passer inn i endetidens begivenheter. Dette gjelder ogs\u00e5 Jesu gjenkomst som muslimer ser veldig fram til. Jeg hadde ikke tid til \u00e5 tenke, eller si at jeg trenger \u00e5 be over det, da dette er v\u00e5rt arbeid og Gud hadde ledet hele denne uken. Jeg sa ja. Selvf\u00f8lgelig kunne jeg ikke vise mine f\u00f8lelser over denne Gudgitte muligheten til \u00e5 spre den tredje engels budskap til \u00a0den muslimske verden, finansiert av deres egne penger. I det samtalen ble mitt sinn ledet til en uttalelse om hvordan Gud vil ta t\u00f8ylene i sine egne hender for \u00e5 fullf\u00f8re arbeidet. Jeg ble minnet p\u00e5 en setning i historien i Jesaja 60, hvordan \u00d8stens barn vil bygge opp v\u00e5re murer og hvordan Ellen G. White sier at arbeidet vil fullf\u00f8res p\u00e5 enkle m\u00e5ter. Dette var et stort \u00f8yeblikk og her hadde jeg muligheten til \u00e5 sitte p\u00e5 et aviskontor, i et muslimsk land, se bibelhistorien blir oppfylt og h\u00f8re en muslimsk redakt\u00f8r sp\u00f8rre hva som skal skje mellom n\u00e5 og slutten av endetiden.<\/p>\n<p>Jeg strevde med \u00e5 holde mine f\u00f8lelser under kontroll, s\u00e5 jeg forklarte hvordan Jesus i Koranen er en mektig Jesus og at den samme \u00a0rettferdighetsgaven som Jesus mottok fra sin Gud, kan bli gitt som gave til hvert menneske p\u00e5 jorden, for \u00e5 forberede hver enkelt av oss for den kommende dommen. Ja, mine SDA venner, Koranen sier at Jesus ble gitt en gave av rettferdighet eller hellighet f\u00f8r unnfangelsen. Hvis Jesus vandret p\u00e5 denne jorden som et menneske av kj\u00f8tt og blod, hvorfor kunne ikke andre mennesker av\u00a0 kj\u00f8tt og blod f\u00e5 samme gave? F\u00f8r du plukker opp steiner for \u00e5 steine \u200b\u200bmeg vil jeg si; Jeg er enig i at ett av navnene gitt til Jesus var Emanuel, Gud med oss\u200b\u200b. Det viktigste \u00e5 l\u00e6re en muslim om Bibelen, Gud og Jesus er \u00e5 holde alt i sin orden og jeg mener ved \u00e5 begynne p\u00e5 f\u00f8rste klassetrinn i Bibelen med historier som kan relateres. Redakt\u00f8ren hadde ingen problem med denne logikken i det hele tatt, og Asif og jeg fortsatte videre ledet av Guds \u00e5nd. Jeg har aldri tidligere fors\u00f8kt \u00e5 snakke om Jesu offer p\u00e5 mitt f\u00f8rste bes\u00f8k med en muslim. Jeg tenkte at hvis jeg blir bedt om \u00e5 skrive for denne avisen, og jeg visste<\/p>\n<p><a href=\"http:\/\/www.mensviventer.com\/wordpress\/wp-content\/uploads\/2014\/03\/abraham.jpg\"><img decoding=\"async\" loading=\"lazy\" class=\"size-medium wp-image-153 alignleft\" alt=\"abraham\" src=\"http:\/\/www.mensviventer.com\/wordpress\/wp-content\/uploads\/2014\/03\/abraham-250x300.jpg\" width=\"250\" height=\"300\" srcset=\"https:\/\/www.mensviventer.com\/wordpress\/wp-content\/uploads\/2014\/03\/abraham-250x300.jpg 250w, https:\/\/www.mensviventer.com\/wordpress\/wp-content\/uploads\/2014\/03\/abraham.jpg 450w\" sizes=\"(max-width: 250px) 100vw, 250px\" \/><\/a>\u00a0\u00a0Gud hadde ordnet det, var det best at jeg fortalte historien om offeret til Abraham og hans s\u00f8nn. Da Abraham skulle til \u00e5 sette kniven i sin s\u00f8nnen, stoppet Gud ham og hadde forberedt en v\u00e6r som offer. Det kalles et &#8220;betydningsfull offer&#8221; i Koranen. Jeg fors\u00f8kte \u00e5 fortelle redakt\u00f8ren om hvorfor dette offeret var betydningsfullt. Jeg begynte \u00e5 forklare for ham at det ikke var en form for bot eller et spesielt dyr, men at det var en skygge av et st\u00f8rre offer. Jeg nevnte det arabiske ordet,, da Asif overtok og forklarte det arabiske ordets betydning bedre.<\/p>\n<p>Redakt\u00f8ren begynte med en gang \u00e5 snakke p\u00e5 arabisk, og han og Asif hadde en lang samtale p\u00e5 arabisk, mens jeg bare satt og tenkte p\u00e5 hvor \u00a0spesielt det var at Gud hadde ordnet alt dette. Redakt\u00f8ren forsto hva vi sa om et offer og m\u00e5ten vi ser p\u00e5 Jesus og at han er kalt Guds lam. Det var et utrolig \u00f8yeblikk. Mens Asif og redakt\u00f8ren snakket spurte de hverandre hvor de hadde l\u00e6rt arabisk? De finner ut at de\u00a0 begge er fra den tyrkiske byen Antiokia, og at de begge er fra samme stamme. Det betyr at vi n\u00e5 hadde noen som var v\u00e5r venn og \u201cslektning\u201d i avisen, Utrolig!<\/p>\n<p>Etter at vi forlot redakt\u00f8rens kontor og tok trikken tilbake til det gamle Istanbul, fikk vi en telefon fra TV-stasjonen i Ankara, som bare ville forsikre seg om at vi ville v\u00e6re der for programmet neste dag. Fredag \u200b\u200bdro vi til Ankara, seks til syv timer unna, og da vi ankom sto venner av Davout der og ventet p\u00e5 \u00e5 ta oss med til TV-stasjonen. Vi ble tatt inn p\u00e5 kontoret til lederen av TV-stasjonen, og han fortalte oss at han nettopp hadde overtatt denne posisjonen da han nylig hadde pensjonert seg fra Det tyrkiske utdanningskontoret. (Office of Education).<\/p>\n<p>Vi snakket om hva vi som SDA tror, \u200b\u200bmed diagrammer som viser hvordan det osmanske tyrkiske imperiet ble profetert om i \u00c5penbaringen kap. 9, og han var lutter \u00f8re. Han tok fram telefonen og ringte tre av sine medarbeidere fra \u201cOffice of Education\u201d (utdanningskontoret), og de kom rett over og lyttet mens jeg fortalte den samme historien en gang til. Disse tre var godt kjent med historien til osmanerne, og de \u200b\u200bfullf\u00f8rte nesten mine setninger. Da jeg endelig stoppet, spurte jeg dem om de var historikere, Den ene smilte og lo og sa at han var professor i matematikk. \u00a0TV-verten var skolel\u00e6rer. Intervjuet gikk bra ettersom \u00a0vi bare svarte p\u00e5 sp\u00f8rsm\u00e5lene deres, men vi var ogs\u00e5 i stand til \u00e5 dele det SDA tror om endetidens begivenheter. Da vi forlot settet og byttet til v\u00e5re reisekl\u00e6r, ventet to professorer fra Department of Education p\u00e5 oss, for \u00e5 stille flere sp\u00f8rsm\u00e5l. Jeg gikk over det samme igjen, og de var opptatt av hvert ord om sin historie fra Bibelen.\u2026&#8221;<\/p>\n<p>Venner, dine b\u00f8nner og st\u00f8tte har gjort alt dette mulig. Jeg ber n\u00e5 om din forb\u00f8nn og st\u00f8tte n\u00e5r denne d\u00e5rlige engelskeleven fors\u00f8ker \u00e5 skrive frelseshistorien for muslimer i Tyrkia og hvor de enn m\u00e5tte finnes.<\/p>\n<p>Dette var en del av Steve`s brev.<\/p>\n<p>Kj\u00e6re venner , v\u00e6r s\u00e5 snill \u00e5 fortsette \u00e5 be for og st\u00f8tte arbeidet idet vi igjen drar til Philippinene i juni, for \u00e5 videref\u00f8re treningskurset for dem som skal arbeide blant muslimer og for 1 ukes opptak av TV programmer, som vil bli sendt til millioner av muslimer over hele Asia.<\/p>\n<p><i>\u201cOg dette evangeliet om riket skal bli forkynt i hele verden, som et vitnesbyrd for alle folkeslag, og s\u00e5 skal enden komme (Mat 24:14).<\/i><\/p>\n<p>Blessings\u2026<\/p>\n<p>Asif<\/p>\n<p><b>\u00a0<\/b><\/p>\n","protected":false},"excerpt":{"rendered":"<p>Jeg har blitt invitert til \u00e5 delta p\u00e5 en undervisningsserie, og vi gjennomf\u00f8rte i februar-mars 2013 den f\u00f8rste av sitt slag i verden i adventist sammenheng. Det var et to ukers kurs for oppl\u00e6ring av SDA arbeidere i \u00e5 n\u00e5 enkeltmennesker med muslimsk bakgrunn. Seminaret ble arrangert n\u00e6r Cotabato i Mindanao \/ Filippinene med planlagte [&hellip;]<\/p>\n","protected":false},"author":1,"featured_media":0,"comment_status":"open","ping_status":"open","sticky":false,"template":"","format":"standard","meta":[],"categories":[3],"tags":[],"_links":{"self":[{"href":"https:\/\/www.mensviventer.com\/index.php?rest_route=\/wp\/v2\/posts\/151"}],"collection":[{"href":"https:\/\/www.mensviventer.com\/index.php?rest_route=\/wp\/v2\/posts"}],"about":[{"href":"https:\/\/www.mensviventer.com\/index.php?rest_route=\/wp\/v2\/types\/post"}],"author":[{"embeddable":true,"href":"https:\/\/www.mensviventer.com\/index.php?rest_route=\/wp\/v2\/users\/1"}],"replies":[{"embeddable":true,"href":"https:\/\/www.mensviventer.com\/index.php?rest_route=%2Fwp%2Fv2%2Fcomments&post=151"}],"version-history":[{"count":4,"href":"https:\/\/www.mensviventer.com\/index.php?rest_route=\/wp\/v2\/posts\/151\/revisions"}],"predecessor-version":[{"id":158,"href":"https:\/\/www.mensviventer.com\/index.php?rest_route=\/wp\/v2\/posts\/151\/revisions\/158"}],"wp:attachment":[{"href":"https:\/\/www.mensviventer.com\/index.php?rest_route=%2Fwp%2Fv2%2Fmedia&parent=151"}],"wp:term":[{"taxonomy":"category","embeddable":true,"href":"https:\/\/www.mensviventer.com\/index.php?rest_route=%2Fwp%2Fv2%2Fcategories&post=151"},{"taxonomy":"post_tag","embeddable":true,"href":"https:\/\/www.mensviventer.com\/index.php?rest_route=%2Fwp%2Fv2%2Ftags&post=151"}],"curies":[{"name":"wp","href":"https:\/\/api.w.org\/{rel}","templated":true}]}}