{"id":1388,"date":"2021-02-03T20:57:09","date_gmt":"2021-02-03T19:57:09","guid":{"rendered":"http:\/\/www.mensviventer.com\/?p=1388"},"modified":"2021-02-03T20:57:09","modified_gmt":"2021-02-03T19:57:09","slug":"guds-varemerke-del-2","status":"publish","type":"post","link":"https:\/\/www.mensviventer.com\/?p=1388","title":{"rendered":"Guds varemerke &#8211; del 2"},"content":{"rendered":"<p><b>Bibelen identifiserer Guds lojalitetstegn.<\/b><\/p>\n<p>Til Israels barn og til alle som ned gjennom historien tror p\u00e5, elsker, tjener, f\u00f8lger og lyder Israels Gud, kommer budskapet: \u00ab<b><i>Mine sabbater skal dere holde, for det er et tegn mellom meg og dere fra slekt til slekt, for at dere skal vite at jeg er Herren som helliger dere. Derfor skal dere holde sabbaten. Den skal v\u00e6re hellig for dere<\/i><\/b>\u00bb, 2. Mos. 31:13.14.<\/p>\n<p>I dette bibelverset kaller Herren valget om \u00e5 holde Bibelens og Guds sabbat, for selve tegnet som dokumenterer menneskets lojalitet til Gud. Gjennom sin profet Esekiel, gjentar Herren appellen: \u00ab<i>Hold mine sabbater hellige! De skal v\u00e6re til et tegn mellom meg og dere, for at dere skal vite at jeg, Herren, er deres Gud<\/i>\u00bb, Esek. 20:20.<\/p>\n<p>Ogs\u00e5 profeten Jesaja videreformidler Guds budskap: \u00ab<i>N\u00e5r du holder din fot tilbake p\u00e5 sabbaten, s\u00e5 du ikke driver ditt yrke p\u00e5 min hellige dag, og du kaller sabbaten en lyst, kaller Herrens hellige dag \u00e6rverdig og du \u00e6rer den, s\u00e5 du ikke g\u00e5r dine egne veier, ikke gj\u00f8r din gjerning eller f\u00f8rer tomt snakk, da skal du glede deg i Herren, og jeg vil la deg fare fram over landets h\u00f8yder og la deg nyte Jakobs, din fars arv. For Herrens munn har talt<\/i>\u00bb. Jes. 58:13.14.<\/p>\n<p><b><a href=\"http:\/\/www.mensviventer.com\/wordpress\/wp-content\/uploads\/2021\/02\/borneo2.jpg\"><img decoding=\"async\" loading=\"lazy\" class=\"alignleft size-medium wp-image-1385\" alt=\"borneo2\" src=\"http:\/\/www.mensviventer.com\/wordpress\/wp-content\/uploads\/2021\/02\/borneo2-300x168.jpg\" width=\"300\" height=\"168\" srcset=\"https:\/\/www.mensviventer.com\/wordpress\/wp-content\/uploads\/2021\/02\/borneo2-300x168.jpg 300w, https:\/\/www.mensviventer.com\/wordpress\/wp-content\/uploads\/2021\/02\/borneo2-1024x576.jpg 1024w, https:\/\/www.mensviventer.com\/wordpress\/wp-content\/uploads\/2021\/02\/borneo2.jpg 1920w\" sizes=\"(max-width: 300px) 100vw, 300px\" \/><\/a>Opprinnelsen til Guds merke<\/b>.<\/p>\n<p>Sabbaten som hviledag ble lansert av Gud i begynnelsen, da han skapte himmelen og jorden, over tusen \u00e5r f\u00f8r Israelfolket ble til. Denne hellige dagen ble derfor gitt til hele menneskeheten, ikke til bare ett bestemt folkeslag, som skulle dukke opp p\u00e5 et senere tidspunkt i historien.<\/p>\n<p>\u00ab<i>Gud fullf\u00f8rte p\u00e5 den sjuende dagen det verk<\/i> (skaperverket) <i>han hadde gjort, og han hvilte p\u00e5 den sjuende dagen fra alt sitt verk som han hadde gjort. Gud velsignet den sjuende dagen og helliget den, for p\u00e5 den hvilte han fra alt sitt verk, det Gud hadde skapt og gjort<\/i>\u00bb, 1. Mos 2:2.3.<\/p>\n<p><b>En alternativ merkedag.<\/b><\/p>\n<p>Alle vet at kristenheten operere med to ulike hviledager, men ikke alle vet hvorfor. Guds store fiende, djevelen, har til alle tider s\u00f8kt \u00e5 motarbeide Gud og hans sannheter. N\u00e5r Herren utpekte, velsignet og helliget den sjuende dagen, l\u00f8rdag, til sin merke- og lojalitetsdag, var det nesten forventet at fienden ville komme opp med en alternativ ukedag som sin symbolske og \u00abhellige\u00bb merkedag. I noen hedenske religioner, som Satan selv lanserte i sin opposisjon mot Herren, gjorde han solen til Gud, og soldagen s\u00f8ndag til dagen som symboliserte denne gudens autoritet.<\/p>\n<p>Han p\u00e5virket senere den katolske kirke til \u00e5 overf\u00f8re til sin teologi, denne hedenske soldagen, sammen med en rekke andre hedenske dogmer, tradisjoner og ritualer. Solgudens hellige dag ble derfor den nye og alternative kristendommens hviledag. At pavekirken har byttet ut Guds merkedag, sabbaten, med solgudens dag, er ikke en beskyldning som noen f\u00e5 og s\u00e6re protestanter retter mot den katolske kirke. Denne kirken bekrefter selv at anklagen er riktig.<\/p>\n<div id=\"attachment_1389\" style=\"width: 310px\" class=\"wp-caption alignleft\"><a href=\"http:\/\/www.mensviventer.com\/wordpress\/wp-content\/uploads\/2021\/02\/800px-laodicea_2.jpg\"><img aria-describedby=\"caption-attachment-1389\" decoding=\"async\" loading=\"lazy\" class=\"size-medium wp-image-1389\" alt=\"P\u00e5 kirkem\u00f8tet i Laodikea i \u00e5r 364 AD, ble det bestemt at alle som fortsatt holdt den &quot;j\u00f8diske&quot; Guds sabbath skulle utestenges av kirken.\" src=\"http:\/\/www.mensviventer.com\/wordpress\/wp-content\/uploads\/2021\/02\/800px-laodicea_2-300x225.jpg\" width=\"300\" height=\"225\" srcset=\"https:\/\/www.mensviventer.com\/wordpress\/wp-content\/uploads\/2021\/02\/800px-laodicea_2-300x225.jpg 300w, https:\/\/www.mensviventer.com\/wordpress\/wp-content\/uploads\/2021\/02\/800px-laodicea_2.jpg 800w\" sizes=\"(max-width: 300px) 100vw, 300px\" \/><\/a><p id=\"caption-attachment-1389\" class=\"wp-caption-text\">P\u00e5 kirkem\u00f8tet i Laodikea i \u00e5r 364 AD, ble det bestemt at alle som fortsatt holdt den &#8220;j\u00f8diske&#8221; Guds sabbath skulle utestenges av kirken.<\/p><\/div>\n<p>Den katolske kirke hevder at forandringen av hviledagen fra Guds sabbat til den alternative hedenske soldagen (s\u00f8ndag), er et bevis p\u00e5 den katolske kirkes \u00abguddommelige\u00bb makt. Ideen at det er Jesu oppstandelsesdag som feires, er et fors\u00f8k p\u00e5 \u00e5 knytte den hedenske soldagen til noe som har en bibelsk referanse. \u00abS\u00f8ndagen er v\u00e5rt autoritetsmerke\u00bb, hevder pavesystemet, \u00ab<i>Kirkens myndighet st\u00e5r over Bibelen og overf\u00f8ringen av sabbatshelligholdelse er et bevis p\u00e5 det<\/i>\u00bb, (Catholic Recorder, Sept. 1, 1923.)<\/p>\n<p>Den profilerte katolske kardinal Gibbon, ble spurt om kirken virkelig p\u00e5st\u00e5r at forandringen av Guds merke og lojalitetsdag fra sabbat til s\u00f8ndag, anses \u00e5 v\u00e6re et bevis p\u00e5 kirkens guddommelige makt, og rett til \u00e5 forandre Guds lov. Hans svar var: \u00ab<i>Naturligvis hevder den katolske kirke at forandringen er dens egen handling<\/i>\u00bb, (\u00abVed Tideverv\u00bb, side 191, T.H.S. Valen.)<\/p>\n<p>Andre kjente katolske p\u00e5stander er: \u00ab<i>At kirken har innsatt s\u00f8ndagen som Herrens dag i stedet for sabbaten \u2026 er et klart bevis p\u00e5 dens store makt som den p\u00e5 h\u00f8yhellig vis fikk av Kristus<\/i>\u00bb. (Manual of the Catholic Religion, side 186.)<\/p>\n<p>\u00ab<i>Kirken har innf\u00f8rt s\u00f8ndag, den f\u00f8rste dag i uken, i stedet for helligholdelsen av l\u00f8rdagen, den syvende dag, en forandring som det ikke finnes noen autoritet for i Skriften<\/i>\u201d. (Doctrinal Catechism, side 174.)<\/p>\n<p>Senere har pavekirken lykkes med \u00e5 p\u00e5virke de fleste protestantiske kirkesamfunn (ikke alle) til \u00e5 adoptere fiendens merkedag som hviledag, i stedet for Guds hellige dag.<\/p>\n<p><b>Endetidens profetier.<\/b><\/p>\n<p>Like f\u00f8r Jesus kommer igjen, forteller profetier i det trettende kapittel i Johannes \u00c5penbaring, (en bok som i sitt f\u00f8rste vers, identifiseres som \u00abJesu Kristi \u00e5penbaring\u00bb som Gud ga til Johanns), at det i endetiden vil finne sted en dramatisk konfrontasjon, hvor Guds lojalitetsdag og djevelens alternative merkedag er temaet. Fienden vil lykkes i \u00e5 forf\u00f8re et flertall av alle kristne kirkesamfunn, i et samarbeid med politiske institusjoner, til \u00e5 vedta en lov som bare tillater helligholdelse av den alternative og hedenske soldagen, s\u00f8ndag.<\/p>\n<p><a href=\"http:\/\/www.mensviventer.com\/wordpress\/wp-content\/uploads\/2021\/02\/iStock-worldcrisis_623516512-500-x-334.jpg\"><img decoding=\"async\" loading=\"lazy\" class=\"alignright size-medium wp-image-1391\" alt=\"iStock-worldcrisis_623516512 (500 x 334)\" src=\"http:\/\/www.mensviventer.com\/wordpress\/wp-content\/uploads\/2021\/02\/iStock-worldcrisis_623516512-500-x-334-300x200.jpg\" width=\"300\" height=\"200\" srcset=\"https:\/\/www.mensviventer.com\/wordpress\/wp-content\/uploads\/2021\/02\/iStock-worldcrisis_623516512-500-x-334-300x200.jpg 300w, https:\/\/www.mensviventer.com\/wordpress\/wp-content\/uploads\/2021\/02\/iStock-worldcrisis_623516512-500-x-334.jpg 500w\" sizes=\"(max-width: 300px) 100vw, 300px\" \/><\/a>Vi m\u00e5 tro at verdenssituasjonen n\u00e5r dette skjer, av grunner vi enn\u00e5 ikke vet nok om, vil v\u00e6re kritisk. Alle religi\u00f8se instanser og politiske myndigheter, i land hvor religion er en faktor, vil s\u00f8ke \u00e5 skape en \u00f8kumenisk enhet, og samle alle i aksept av den falske hviledagen s\u00f8ndag, som den eneste lovlige og godkjente helligdag. Det kan tenkes at globale kriser kan gj\u00f8re at mange faktisk tror og h\u00e5per at en enhetssamling og kollektiv aksept av den popul\u00e6re alternative merkedagen, vil gj\u00f8re det mulig for Gud \u00e5 hjelpe og redde oss fra en truende katastrofe.<\/p>\n<p>Omtrent ingen vil forst\u00e5 at det er Satan selv som er en sentral akt\u00f8r i \u00e5 piske opp og produsere mulige verdensomspennende krisetilstander, for \u00e5 framtvinge sin agenda, som er et oppgj\u00f8r med dem som holder seg til Guds bud og viser lojalitet til Skaperen, ved \u00e5 helligholde Guds sanne merkedag.<\/p>\n<p>Begrepet \u00abdyrets merke\u00bb i Johannes \u00c5penbaring kapittel 13, versene 15-16, er djevelens og pavedyrets merke, som kirkesamfunn, institusjoner og mennesker g\u00e5r sammen om \u00e5 kreve at alle aksepterer og f\u00f8lger.<\/p>\n<h3>Bibelens forutsigelse.<\/h3>\n<p>Profetien sier rett ut at alle som ikke vil tilbe (akseptere, f\u00f8lge og lyde) denne alliansens lojaltetsmerke (s\u00f8ndagshelligholdelse), skal drepes. For \u00e5 kunne sile ut dem som enn\u00e5 holder seg til Guds buds merkedag, den sjuende dags sabbat, blir disse trofaste kristne nektet \u00e5 benytte penger og kort til kj\u00f8p og salg, slik at de kan fungere normalt i samfunnet. Det er bare de som aksepterer djevelens og kirkenes alternative merkedag, dagen som symboliserer den hedenske solguden, \u00abgjort\u00bb kristen av pavekirken, som blir tillat et normalt liv, Joh. \u00c5p. 13:16.17.<\/p>\n<p>Gud beskytter sine trofaste i denne vanskelige tiden, og det er n\u00e5r dette dramaet er p\u00e5 sitt mest intense, og mange pr\u00f8ver \u00e5 finne og drepe dem som har valgt \u00e5 v\u00e6re lydige mot Gud, at Jesus kommer igjen for \u00e5 hente dem som viser tillit til Hans sannheter. Det st\u00e5r om dem i Joh. \u00c5p. 14:6 at de har mottatt guddommelig hjelp til \u00e5 holde seg til Guds bud og eie den samme tro til Ham som han hadde til sin Far, da han var blant oss som menneske.<\/p>\n<div id=\"attachment_1384\" style=\"width: 210px\" class=\"wp-caption alignright\"><a href=\"http:\/\/www.mensviventer.com\/wordpress\/wp-content\/uploads\/2021\/02\/200px-IDF_soldier_put_on_tefillin.jpg\"><img aria-describedby=\"caption-attachment-1384\" decoding=\"async\" loading=\"lazy\" class=\"size-full wp-image-1384\" alt=\"For at Guds folk ikke skulle glemme Hans bud, ble de bedt om \u00e5 binde budene p\u00e5 pannen og p\u00e5 h\u00e5nden. Satans alternativ vil p\u00e5 samme m\u00e5ten knytte sin dag til hode og h\u00e5nd - symbol p\u00e5 tanke og handling.\" src=\"http:\/\/www.mensviventer.com\/wordpress\/wp-content\/uploads\/2021\/02\/200px-IDF_soldier_put_on_tefillin.jpg\" width=\"200\" height=\"300\" \/><\/a><p id=\"caption-attachment-1384\" class=\"wp-caption-text\">For at Guds folk ikke skulle glemme Hans bud, ble de bedt om \u00e5 binde budene p\u00e5 pannen og p\u00e5 h\u00e5nden. Satans alternativ vil p\u00e5 samme m\u00e5ten knytte sin dag til hode og h\u00e5nd &#8211; symbol p\u00e5 tanke og handling.<\/p><\/div>\n<p>Siden d\u00f8dsstraff vil bli konsekvensen av ikke \u00e5 lyde de religi\u00f8se lovene som p\u00e5byr helligholdelse av soldagen s\u00f8ndag, i stedet for Gud merkedag, er det rimelig \u00e5 anta at mange vil tilpasse seg de religi\u00f8se s\u00f8ndagslovene av frykt. Mange er trolig oppmerksomme p\u00e5 at denne lojaliteten mot menneskebud, gj\u00f8r dem illojale mot Herren og hans hellige og evige lov. Vi m\u00e5 anta at de ikke eier en relasjon til Kristus som ville gitt mot og kraft til \u00e5 stole p\u00e5 Gud.<\/p>\n<p>Andre igjen kan ha blitt s\u00e5 grundig bedratt at de tror de religi\u00f8se s\u00f8ndagslovene representerer Guds vilje. Profetien i Bibelen sier at noen tar dette merket p\u00e5 sin panne, mens andre tar det p\u00e5 h\u00e5nden. Det er rimelig \u00e5 tolke disse symbolene slik at de som tar lojalitetsmerket og aksepterer den hedenske soldagen av frykt, selv om de vet at det bryter med Guds Ord, tar merket p\u00e5 sin h\u00e5nd. De gj\u00f8r det de blir p\u00e5budt (handling, gjerning), men de vet egentlig at det er galt.<\/p>\n<p>\u00c5 ta merket i pannen, kan trolig symbolisere mennesker som er mentalt og intellektuelt overbeviste om at det er rett \u00e5 lyde systemet som opponerer mot Guds p\u00e5bud. Vi kan imidlertid registrere at begge responser vil lede til den samme tragiske skjebnen.<\/p>\n<p><b><i>Kanskje en appell som Paulus skriver, kan v\u00e6re en passende avslutning p\u00e5 denne artikkelen. \u00abVet dere ikke at n\u00e5r dere stiller dere fram som tjenere til lydighet mot noen, er dere tjenere under den dere lyder, <\/i><\/b>Rom. 6:16.<\/p>\n<p>JB<\/p>\n","protected":false},"excerpt":{"rendered":"<p>Bibelen identifiserer Guds lojalitetstegn. Til Israels barn og til alle som ned gjennom historien tror p\u00e5, elsker, tjener, f\u00f8lger og lyder Israels Gud, kommer budskapet: \u00abMine sabbater skal dere holde, for det er et tegn mellom meg og dere fra slekt til slekt, for at dere skal vite at jeg er Herren som helliger dere. [&hellip;]<\/p>\n","protected":false},"author":1,"featured_media":0,"comment_status":"open","ping_status":"open","sticky":false,"template":"","format":"standard","meta":[],"categories":[1,9,11],"tags":[127,296,720,724,722,723,717,419,719,725,721,294],"_links":{"self":[{"href":"https:\/\/www.mensviventer.com\/index.php?rest_route=\/wp\/v2\/posts\/1388"}],"collection":[{"href":"https:\/\/www.mensviventer.com\/index.php?rest_route=\/wp\/v2\/posts"}],"about":[{"href":"https:\/\/www.mensviventer.com\/index.php?rest_route=\/wp\/v2\/types\/post"}],"author":[{"embeddable":true,"href":"https:\/\/www.mensviventer.com\/index.php?rest_route=\/wp\/v2\/users\/1"}],"replies":[{"embeddable":true,"href":"https:\/\/www.mensviventer.com\/index.php?rest_route=%2Fwp%2Fv2%2Fcomments&post=1388"}],"version-history":[{"count":4,"href":"https:\/\/www.mensviventer.com\/index.php?rest_route=\/wp\/v2\/posts\/1388\/revisions"}],"predecessor-version":[{"id":1394,"href":"https:\/\/www.mensviventer.com\/index.php?rest_route=\/wp\/v2\/posts\/1388\/revisions\/1394"}],"wp:attachment":[{"href":"https:\/\/www.mensviventer.com\/index.php?rest_route=%2Fwp%2Fv2%2Fmedia&parent=1388"}],"wp:term":[{"taxonomy":"category","embeddable":true,"href":"https:\/\/www.mensviventer.com\/index.php?rest_route=%2Fwp%2Fv2%2Fcategories&post=1388"},{"taxonomy":"post_tag","embeddable":true,"href":"https:\/\/www.mensviventer.com\/index.php?rest_route=%2Fwp%2Fv2%2Ftags&post=1388"}],"curies":[{"name":"wp","href":"https:\/\/api.w.org\/{rel}","templated":true}]}}