{"id":1260,"date":"2020-01-06T12:44:25","date_gmt":"2020-01-06T11:44:25","guid":{"rendered":"http:\/\/www.mensviventer.com\/?p=1260"},"modified":"2020-01-06T14:35:26","modified_gmt":"2020-01-06T13:35:26","slug":"katolske-presters-seksuelle-overgrep-i-mexico","status":"publish","type":"post","link":"https:\/\/www.mensviventer.com\/?p=1260","title":{"rendered":"Katolske presters seksuelle overgrep i Mexico"},"content":{"rendered":"<p><a href=\"http:\/\/www.mensviventer.com\/wordpress\/wp-content\/uploads\/2020\/01\/marcel.jpg\"><img decoding=\"async\" loading=\"lazy\" class=\"alignright size-medium wp-image-1262\" alt=\"marcel\" src=\"http:\/\/www.mensviventer.com\/wordpress\/wp-content\/uploads\/2020\/01\/marcel-278x300.jpg\" width=\"278\" height=\"300\" srcset=\"https:\/\/www.mensviventer.com\/wordpress\/wp-content\/uploads\/2020\/01\/marcel-278x300.jpg 278w, https:\/\/www.mensviventer.com\/wordpress\/wp-content\/uploads\/2020\/01\/marcel-951x1024.jpg 951w, https:\/\/www.mensviventer.com\/wordpress\/wp-content\/uploads\/2020\/01\/marcel.jpg 1300w\" sizes=\"(max-width: 278px) 100vw, 278px\" \/><\/a>Grunnleggeren av den ultrakonservative katolske ordenen \u00abLegionaries of Christ\u00bb, (Kristi legion\u00e6rer), den katolske presten Marcial Maciel, d\u00f8de i 2008, 80 \u00e5r gammel. Det viser seg at Den katolske kirke i mange \u00e5r har v\u00e6rt kjent med at mange av prestene tilsluttet denne p\u00e5st\u00e5tte konservative religi\u00f8se ordenen i Mexico, forgrep seg seksuelt p\u00e5 mindre\u00e5rige gutter. Organisasjonen er etablert i en rekke land, blant annet med flere regionale avdelinger i USA,<\/p>\n<p>Etter grunnleggerens d\u00f8d, la lokale myndigheter i Mexico press p\u00e5 kirken for \u00e5 komme til bunns i alle p\u00e5standene og ryktene som i lengre tid hadde sirkulert om seksuelle overgrep.<\/p>\n<p>Rapporten som ble resultatet av en lang etterforskning, p\u00e5viste at 33 prester, over flere \u00e5r, regelmessig har misbrukt 175 barn. Det ble dokumentert at ordenens leder, personlig hadde misbrukt 60 av barna. Det store flertallet av ofrene var mindre\u00e5rige gutter i alderen 11-16 \u00e5r. Unders\u00f8kelsene synliggjorde ogs\u00e5 at flere av prestene som hadde utf\u00f8rt seksuelle overgrep, selv var ofre for presters overgrep. De ble allerede som korgutter gitt inntrykk av at homoseksuelle pedofile handlinger, var en vanlig og mer eller mindre akseptabel m\u00e5te for katolske prester \u00e5 f\u00e5 tilfredsstilt sine seksuelle behov.<\/p>\n<p>I det sterkt katolskdominerte Mexico, hvor de fleste ansatte i statsadministrasjonen er katolikker, viser det seg i ettertid at ingen av overgrepsprestene er hittil blitt politianmeldt eller trukket for retten. Kirken hevder imidlertid at de er omplasserte til oppgaver \u00abhvor de ikke lenger har prim\u00e6rkontakt med unge gutter\u00bb.<\/p>\n<p>Lederen for komiteen som har st\u00e5tt for unders\u00f8kelsen, Eduardo Robles-Gil, forteller at erfaringen fra teamet som har hatt inng\u00e5ende samtaler med prester knyttet til den aktuelle ordenen, indikerer at det er mange flere ofre enn det som hittil er offentliggjort.<\/p>\n<p>Lederen for ordenen, Marcial Maciel, ble i 2006, to \u00e5r f\u00f8r sin d\u00f8d, anmodet av pave Benedikt om \u00e5 trekke seg tilbake for \u00e5 meditere og be. Han ble ikke politianmeldt og det ble heller ikke arrangert at han kunne m\u00f8te sine mange ofre for \u00e5 be om tilgivelse.<\/p>\n<p><strong><a href=\"http:\/\/www.mensviventer.com\/wordpress\/wp-content\/uploads\/2020\/01\/maciel-y-juan-pablo-ii-en-1979.jpg\"><img decoding=\"async\" loading=\"lazy\" class=\"alignleft size-medium wp-image-1261\" alt=\"Maciel y Juan Pablo II en 1979 cogidos de la mano\" src=\"http:\/\/www.mensviventer.com\/wordpress\/wp-content\/uploads\/2020\/01\/maciel-y-juan-pablo-ii-en-1979-222x300.jpg\" width=\"222\" height=\"300\" srcset=\"https:\/\/www.mensviventer.com\/wordpress\/wp-content\/uploads\/2020\/01\/maciel-y-juan-pablo-ii-en-1979-222x300.jpg 222w, https:\/\/www.mensviventer.com\/wordpress\/wp-content\/uploads\/2020\/01\/maciel-y-juan-pablo-ii-en-1979.jpg 379w\" sizes=\"(max-width: 222px) 100vw, 222px\" \/><\/a>V\u00e5rt motiv for \u00e5 inkludere denne meldingen.<\/strong><\/p>\n<p>Rapporter om katolske prester overgrep har jo dominert i media i mange \u00e5r, og involverer tusenvis av prester og titusener av ofre i mange land. Vi er ogs\u00e5 kjent med at kirken omtrent aldri selv tar initiativ for \u00e5 stanse forbrytelsene, f\u00f8r media tvinger ledelsen til \u00e5 ta aff\u00e6re. Konfrontert med slike observasjoner, er det b\u00e5de naturlig og riktig \u00e5 stille noen sp\u00f8rsm\u00e5l.<\/p>\n<p><strong>Er ikke Bibelen og et studium av Jesu eget liv og l\u00e6re pensum for katolske prester?<\/strong><\/p>\n<p><strong>Hva er \u00e5rsaken til at innholdet i Jesu moraletikk er s\u00e5 frav\u00e6rende i denne kirkens praktiske teologi?\u00a0\u00a0\u00a0\u00a0\u00a0\u00a0\u00a0\u00a0\u00a0\u00a0\u00a0\u00a0\u00a0\u00a0\u00a0\u00a0\u00a0\u00a0\u00a0\u00a0\u00a0\u00a0\u00a0\u00a0\u00a0\u00a0\u00a0\u00a0\u00a0\u00a0\u00a0\u00a0\u00a0\u00a0\u00a0\u00a0\u00a0\u00a0\u00a0\u00a0\u00a0\u00a0\u00a0\u00a0\u00a0\u00a0\u00a0\u00a0\u00a0\u00a0\u00a0\u00a0\u00a0\u00a0\u00a0 \u00a0\u00a0\u00a0\u00a0\u00a0\u00a0\u00a0\u00a0\u00a0\u00a0\u00a0\u00a0\u00a0\u00a0\u00a0\u00a0\u00a0\u00a0\u00a0\u00a0\u00a0\u00a0\u00a0\u00a0\u00a0\u00a0\u00a0\u00a0\u00a0\u00a0\u00a0\u00a0\u00a0\u00a0\u00a0\u00a0\u00a0\u00a0\u00a0\u00a0\u00a0\u00a0\u00a0\u00a0\u00a0\u00a0\u00a0\u00a0\u00a0\u00a0\u00a0\u00a0\u00a0\u00a0\u00a0\u00a0\u00a0\u00a0\u00a0\u00a0\u00a0\u00a0\u00a0\u00a0\u00a0\u00a0<\/strong><\/p>\n<p><strong>P\u00e5 hvilken m\u00e5te opplever katolske prester sitt kall og sin plikt som representanter for Jesus Kristus, som faktisk er hva kirken hevder og hva prestene selv bekjenner?<\/strong><\/p>\n<p><strong>Hvordan definerer pavekirken de velbrukte begrepene barmhjertighet, kj\u00e6rlighet og omsorg, som inng\u00e5r massivt i kirkens egenreklame?<\/strong><\/p>\n<p><strong>Hvordan harmonerer kirkens selvopplevelse, \u00absom verdens moralske h\u00f8yborg\u00bb med at presteskapet og ledelsen s\u00e5 ukomplisert \u00f8delegge tusenvis av barn, ved \u00e5 etterlate seg en mengde psykiske vrak og for\u00e5rsake mange selvmord?<\/strong> (Ref. \u00abceroabusos,org\u00bb) (\u00ablegionaries of Christ\u00bb) (BBC rapport.)<\/p>\n<p>&nbsp;<\/p>\n","protected":false},"excerpt":{"rendered":"<p>Grunnleggeren av den ultrakonservative katolske ordenen \u00abLegionaries of Christ\u00bb, (Kristi legion\u00e6rer), den katolske presten Marcial Maciel, d\u00f8de i 2008, 80 \u00e5r gammel. Det viser seg at Den katolske kirke i mange \u00e5r har v\u00e6rt kjent med at mange av prestene tilsluttet denne p\u00e5st\u00e5tte konservative religi\u00f8se ordenen i Mexico, forgrep seg seksuelt p\u00e5 mindre\u00e5rige gutter. Organisasjonen [&hellip;]<\/p>\n","protected":false},"author":1,"featured_media":0,"comment_status":"open","ping_status":"open","sticky":false,"template":"","format":"standard","meta":[],"categories":[2],"tags":[206,616,617,615,614,612,613,618,298],"_links":{"self":[{"href":"https:\/\/www.mensviventer.com\/index.php?rest_route=\/wp\/v2\/posts\/1260"}],"collection":[{"href":"https:\/\/www.mensviventer.com\/index.php?rest_route=\/wp\/v2\/posts"}],"about":[{"href":"https:\/\/www.mensviventer.com\/index.php?rest_route=\/wp\/v2\/types\/post"}],"author":[{"embeddable":true,"href":"https:\/\/www.mensviventer.com\/index.php?rest_route=\/wp\/v2\/users\/1"}],"replies":[{"embeddable":true,"href":"https:\/\/www.mensviventer.com\/index.php?rest_route=%2Fwp%2Fv2%2Fcomments&post=1260"}],"version-history":[{"count":2,"href":"https:\/\/www.mensviventer.com\/index.php?rest_route=\/wp\/v2\/posts\/1260\/revisions"}],"predecessor-version":[{"id":1264,"href":"https:\/\/www.mensviventer.com\/index.php?rest_route=\/wp\/v2\/posts\/1260\/revisions\/1264"}],"wp:attachment":[{"href":"https:\/\/www.mensviventer.com\/index.php?rest_route=%2Fwp%2Fv2%2Fmedia&parent=1260"}],"wp:term":[{"taxonomy":"category","embeddable":true,"href":"https:\/\/www.mensviventer.com\/index.php?rest_route=%2Fwp%2Fv2%2Fcategories&post=1260"},{"taxonomy":"post_tag","embeddable":true,"href":"https:\/\/www.mensviventer.com\/index.php?rest_route=%2Fwp%2Fv2%2Ftags&post=1260"}],"curies":[{"name":"wp","href":"https:\/\/api.w.org\/{rel}","templated":true}]}}