{"id":1249,"date":"2019-05-20T22:46:49","date_gmt":"2019-05-20T20:46:49","guid":{"rendered":"http:\/\/www.mensviventer.com\/?p=1249"},"modified":"2019-05-20T23:01:45","modified_gmt":"2019-05-20T21:01:45","slug":"paven-anbefaler-globale-lover","status":"publish","type":"post","link":"https:\/\/www.mensviventer.com\/?p=1249","title":{"rendered":"Paven anbefaler globale lover"},"content":{"rendered":"<p align=\"center\">Nyheter fra CBN. (Christian Broadcasting Network) 6. Mai 2019.<\/p>\n<p><a href=\"http:\/\/www.mensviventer.com\/wordpress\/wp-content\/uploads\/2019\/05\/common-good1.jpg\"><img decoding=\"async\" loading=\"lazy\" class=\"alignleft size-medium wp-image-1250\" alt=\"common good1\" src=\"http:\/\/www.mensviventer.com\/wordpress\/wp-content\/uploads\/2019\/05\/common-good1-300x200.jpg\" width=\"300\" height=\"200\" srcset=\"https:\/\/www.mensviventer.com\/wordpress\/wp-content\/uploads\/2019\/05\/common-good1-300x200.jpg 300w, https:\/\/www.mensviventer.com\/wordpress\/wp-content\/uploads\/2019\/05\/common-good1.jpg 760w\" sizes=\"(max-width: 300px) 100vw, 300px\" \/><\/a>P\u00e5 kongressen \u201dGlobal Forum Nation-State\u201d, som ble arrangert i Vatikanet i begynnelsen av mai 2019, var statsledere og innflytelsesrike personer fra n\u00e6ringslivet samlet. P\u00e5 arrangementet anbefalte pave Frans etableringen av en overordnet global organisasjon, som kan vedta og h\u00e5ndheve lover som er til alles felles beste. (Common good).<\/p>\n<p>I pavens ber\u00f8mte \u201dEncyklika\u201d (Laudato Si &#8211; Humanae Vitae) fra 18. juni 2015, er en sterk appell om global samling for striktere helligholdelse av s\u00f8ndag som hviledag, inkludert som et tiltak for \u00e5 dempe resultatene av verdens problemer, ogs\u00e5 den n\u00e5v\u00e6rende aktuelle klimakrisen. Pavens erkl\u00e6ring fra mai i \u00e5r, bygger videre p\u00e5 nevnte tidligere encyklika, og gir detaljer som er verd \u00e5 merke seg.<\/p>\n<p>Kristne som kjenner til Bibelens profetier i Johannes \u00e5penbaring kapittel 13, registrerer pavens kopling av klima, globale lover og tiltak som promoterer striktere helligholdelse av\u00a0 s\u00f8ndag som hviledag. Vi merker oss ogs\u00e5 at mange kristne ledere, ogs\u00e5 protestanter, lenge har skrevet at en slik kollektiv ideologisk respons for s\u00f8ndagshelligholdelse, som paven n\u00e5 anbefaler, vil gj\u00f8re det mulig for Gud \u00e5 beskytte kloden mot katastrofer og forfall. Aldri f\u00f8r n\u00e5, har pavekirken g\u00e5tt s\u00e5 direkte ut med en slik agenda.<\/p>\n<div id=\"attachment_1254\" style=\"width: 310px\" class=\"wp-caption alignleft\"><a href=\"http:\/\/www.mensviventer.com\/wordpress\/wp-content\/uploads\/2019\/05\/TheDailyWire.png\"><img aria-describedby=\"caption-attachment-1254\" decoding=\"async\" loading=\"lazy\" class=\"size-medium wp-image-1254\" alt=\"TheDailyWire\" src=\"http:\/\/www.mensviventer.com\/wordpress\/wp-content\/uploads\/2019\/05\/TheDailyWire-300x190.png\" width=\"300\" height=\"190\" srcset=\"https:\/\/www.mensviventer.com\/wordpress\/wp-content\/uploads\/2019\/05\/TheDailyWire-300x190.png 300w, https:\/\/www.mensviventer.com\/wordpress\/wp-content\/uploads\/2019\/05\/TheDailyWire.png 936w\" sizes=\"(max-width: 300px) 100vw, 300px\" \/><\/a><p id=\"caption-attachment-1254\" class=\"wp-caption-text\">Bilde: The Daily Wire<\/p><\/div>\n<p>I sitt siste dokument hevder pave Frans at vi har kommet til en tid da mange individuelle land ikke lenger alene klarer \u00e5 ta vare p\u00e5 sin egen befolkning. Derfor er det n\u00f8dvendig, hevder paven, \u00e5 etablere en handlekraftig \u201dsupranasjonal\u201d myndighet, som har juridisk rett til \u00e5 vedta og h\u00e5ndheve lover med nedslagsfelt i alle land. Merk deg at paven ikke knytter sine forslag til allerede eksisterende \u201dEU\u201d eller \u201dFN\u201d.<\/p>\n<p>De nevnte profetiene fra Johannes \u00c5penbaring kapittel 13, forteller at like f\u00f8r Jesu gjenkomst, vil nettopp globalt p\u00e5tvungne lover for helligholdelse av den opprinnelige hedenske soldagen, s\u00f8ndag, bli vedtatt og at bl.a. pavekirken vil v\u00e6re delaktig i denne forf\u00f8relsen.<\/p>\n<p>I disse bibelske profetiene er den romersk katolske kirke gitt mye plass. Dette ideologiske systemet blir identifisert som en falsk utgave av kristendommen og blir av Gud selv anklaget for \u00e5 ha dratt mange hedenske myter og falsk l\u00e6re inn i kristentroen. Det st\u00e5r faktisk i profetien at det er djevelen selv som har gitt dette kirkesystemet sin makt og innflytelse, \u00c5p. 13:2.<\/p>\n<div id=\"attachment_1251\" style=\"width: 310px\" class=\"wp-caption alignright\"><a href=\"http:\/\/www.mensviventer.com\/wordpress\/wp-content\/uploads\/2019\/05\/495px-Stele_Sol_Invictus_Terme.jpg\"><img aria-describedby=\"caption-attachment-1251\" decoding=\"async\" loading=\"lazy\" class=\"size-medium wp-image-1251 \" alt=\"495px-Stele_Sol_Invictus_Terme\" src=\"http:\/\/www.mensviventer.com\/wordpress\/wp-content\/uploads\/2019\/05\/495px-Stele_Sol_Invictus_Terme-300x146.jpg\" width=\"300\" height=\"146\" srcset=\"https:\/\/www.mensviventer.com\/wordpress\/wp-content\/uploads\/2019\/05\/495px-Stele_Sol_Invictus_Terme-300x146.jpg 300w, https:\/\/www.mensviventer.com\/wordpress\/wp-content\/uploads\/2019\/05\/495px-Stele_Sol_Invictus_Terme.jpg 493w\" sizes=\"(max-width: 300px) 100vw, 300px\" \/><\/a><p id=\"caption-attachment-1251\" class=\"wp-caption-text\">F\u00f8rste gang s\u00f8ndag ble innf\u00f8rt ved lov var i det enorme Romerriket av keiser Konstantin. Den ble innf\u00f8rt den 7 Mars \u00e5r 321 til \u00e6re for solguden Sol Invictus.<\/p><\/div>\n<p>Profetien hevder videre at de fleste p\u00e5 jorden, \u00c5p. 13:3, til sist vil komme til \u00e5 f\u00f8lge og lyde dette ideologiske systemets prioriteriger. Kristne som kjenner Bibelens profetier og lar seg lede av Kristus, kan selvf\u00f8lgelig velge seg bort fra denne forf\u00f8relsen.<\/p>\n<p>I denne bibelske profetien blir pavemakten symbolisert med et dyr som framviser en rekke kjennetegn som passer ene og alene p\u00e5 den romersk katolske kirke. Fra vers 11 i kapitlet, beskrives en samarbeidspartner for pavekirken, som ogs\u00e5 er symbolisert med et dyr, og b\u00e5de tidspunktet for profetiens oppfyllelse og alle kjennetegnene som gis for denne andre makten, viser at det er USA som omtales.<\/p>\n<p>I dette landet, r\u00f8per profetien, framst\u00e5r en annen kristen bevegelse, som ikke er den katolske kirke, og som kjennetegnes ved \u00e5 ha et fokus p\u00e5 tegn, under og mirakler, (versene 13.14). Dette er uten tvil en \u00f8kumenisk og karismatisk protestantisk bevegelse i USA, som har sluttet \u00e5 identifisere seg med reformatorenes protest og som n\u00e5 samarbeider med pavekirken, vers 12, i \u00e5 forkynne ubibelsk l\u00e6re.<\/p>\n<div id=\"attachment_1253\" style=\"width: 310px\" class=\"wp-caption alignright\"><a href=\"http:\/\/www.mensviventer.com\/wordpress\/wp-content\/uploads\/2019\/05\/sabbatSeal.jpg\"><img aria-describedby=\"caption-attachment-1253\" decoding=\"async\" loading=\"lazy\" class=\"size-medium wp-image-1253\" alt=\"sabbatSeal\" src=\"http:\/\/www.mensviventer.com\/wordpress\/wp-content\/uploads\/2019\/05\/sabbatSeal-300x166.jpg\" width=\"300\" height=\"166\" srcset=\"https:\/\/www.mensviventer.com\/wordpress\/wp-content\/uploads\/2019\/05\/sabbatSeal-300x166.jpg 300w, https:\/\/www.mensviventer.com\/wordpress\/wp-content\/uploads\/2019\/05\/sabbatSeal.jpg 301w\" sizes=\"(max-width: 300px) 100vw, 300px\" \/><\/a><p id=\"caption-attachment-1253\" class=\"wp-caption-text\">Sabbatsbudet i de ti bud, er spesielt fordi det inneholder navn og tittel p\u00e5 Skaperen og derved hans eierskap over jorden, akkurat som i et segl.<\/p><\/div>\n<p>Lydighet mot Guds lov, ved \u00e5 motta himmelsk kraft som gj\u00f8r det mulig, selv om vi har en fallen og syndig natur, er et hovedtema i Jesu og apostlenes undervisning. En naturlig del av denne lydigheten mot Guds hellige bud er selvf\u00f8lgelig ogs\u00e5 lydighet mot Guds lovs fjerde bud, helligdagsbudet, som viser at det er sabbaten, den syvende dag i uken, som er dagen Herrens velsignet, satte til side og helliget, for all evighet, 1. Mos. 2:3. I sitt ord kaller Gud sabbatsdagen for et evig tegn og merke, 2.Mos. 31:13.17 og Esek. 20:12.20. Troende som helligholder denne merkedagen viser sin lojalitet til himmelens Gud.<\/p>\n<p>At djevelen ville s\u00f8ke \u00e5 \u00f8delegge kristnes forst\u00e5else og motiv for \u00e5 helligholde og tilbe Gud p\u00e5 den sanne hviledagen, er \u00e5 forvente. Det har han ogs\u00e5 gjort, ved \u00e5 innf\u00f8re den hedenske \u201dsoldagen\u201d s\u00f8ndag, som alternativ til Guds sabbat.<\/p>\n<p>Profetien viser at djevelen til slutt vil skape en situasjon som alts\u00e5 begynner i USA, men etter hvert spres til hele verden, hvor alle mennesker, p\u00e5 en synlig m\u00e5te, m\u00e5 gi til kjenne om de vil v\u00e6re lojale mot himmelens Gud og helligholde hans sabbat eller om de vil tilpasse seg og adlyde djevelens og den \u00f8delagte kristenhetens hedenske soldag (s\u00f8ndag.) Profetien forteller at de to akt\u00f8rene, pavemakten og den \u00f8kumeniske tegn og under fokuserte protestantismen, til sammen vil arbeide for \u00e5 vedta og h\u00e5ndheve en global lov som vil tvinge alle til \u00e5 helligholde den alternative og falske hvildagen.<\/p>\n<div id=\"attachment_1252\" style=\"width: 310px\" class=\"wp-caption alignright\"><a href=\"http:\/\/www.mensviventer.com\/wordpress\/wp-content\/uploads\/2019\/05\/Heart-of-Light-The-Law.jpg\"><img aria-describedby=\"caption-attachment-1252\" decoding=\"async\" loading=\"lazy\" class=\"size-medium wp-image-1252\" alt=\"Heart-of-Light-The-Law\" src=\"http:\/\/www.mensviventer.com\/wordpress\/wp-content\/uploads\/2019\/05\/Heart-of-Light-The-Law-300x168.jpg\" width=\"300\" height=\"168\" srcset=\"https:\/\/www.mensviventer.com\/wordpress\/wp-content\/uploads\/2019\/05\/Heart-of-Light-The-Law-300x168.jpg 300w, https:\/\/www.mensviventer.com\/wordpress\/wp-content\/uploads\/2019\/05\/Heart-of-Light-The-Law-1024x576.jpg 1024w, https:\/\/www.mensviventer.com\/wordpress\/wp-content\/uploads\/2019\/05\/Heart-of-Light-The-Law.jpg 1920w\" sizes=\"(max-width: 300px) 100vw, 300px\" \/><\/a><p id=\"caption-attachment-1252\" class=\"wp-caption-text\">I Hebreerbrevet 8 kap.st\u00e5r det at den nye pakt er Guds lov skrevet i v\u00e5re hjerter.<\/p><\/div>\n<p>Den gudinspirerte forfatteren Ellen White, fikk for over 100 \u00e5r siden \u00e5penbaringer om det pavekirken n\u00e5 bekjentgj\u00f8r at den vil arbeide for \u00e5 gjenomf\u00f8re og som bibelens profetier forutsier. Hun fikk vite at de religi\u00f8se systemene som vil oppfylle profetiene om dyrets bilde og merke, vil: \u201dP\u00e5st\u00e5 at mennesker provoserer Gud n\u00e5r de misbruker s\u00f8ndagen, og at denne synden har medf\u00f8rt ulykker som ikke vil opph\u00f8re f\u00f8r s\u00f8ndagsfeiring blir strengt h\u00e5ndhevet&#8230;For \u00e5 vinne popularitet vil b\u00e5de den lovgivende og ut\u00f8vende myndighet &#8230;. gi etter for folkets krav om en lov som innskjerper s\u00f8ndagshelligholdelse.\u201d (Boken den store strid, paragrafen p\u00e5 side 419-21.)<\/p>\n<p>&nbsp;<\/p>\n<p>&nbsp;<\/p>\n<p>&nbsp;<\/p>\n","protected":false},"excerpt":{"rendered":"<p>Nyheter fra CBN. (Christian Broadcasting Network) 6. Mai 2019. P\u00e5 kongressen \u201dGlobal Forum Nation-State\u201d, som ble arrangert i Vatikanet i begynnelsen av mai 2019, var statsledere og innflytelsesrike personer fra n\u00e6ringslivet samlet. P\u00e5 arrangementet anbefalte pave Frans etableringen av en overordnet global organisasjon, som kan vedta og h\u00e5ndheve lover som er til alles felles beste. [&hellip;]<\/p>\n","protected":false},"author":1,"featured_media":0,"comment_status":"open","ping_status":"open","sticky":false,"template":"","format":"standard","meta":[],"categories":[1,11],"tags":[607,609,608,610,611,419,606,294,231],"_links":{"self":[{"href":"https:\/\/www.mensviventer.com\/index.php?rest_route=\/wp\/v2\/posts\/1249"}],"collection":[{"href":"https:\/\/www.mensviventer.com\/index.php?rest_route=\/wp\/v2\/posts"}],"about":[{"href":"https:\/\/www.mensviventer.com\/index.php?rest_route=\/wp\/v2\/types\/post"}],"author":[{"embeddable":true,"href":"https:\/\/www.mensviventer.com\/index.php?rest_route=\/wp\/v2\/users\/1"}],"replies":[{"embeddable":true,"href":"https:\/\/www.mensviventer.com\/index.php?rest_route=%2Fwp%2Fv2%2Fcomments&post=1249"}],"version-history":[{"count":5,"href":"https:\/\/www.mensviventer.com\/index.php?rest_route=\/wp\/v2\/posts\/1249\/revisions"}],"predecessor-version":[{"id":1259,"href":"https:\/\/www.mensviventer.com\/index.php?rest_route=\/wp\/v2\/posts\/1249\/revisions\/1259"}],"wp:attachment":[{"href":"https:\/\/www.mensviventer.com\/index.php?rest_route=%2Fwp%2Fv2%2Fmedia&parent=1249"}],"wp:term":[{"taxonomy":"category","embeddable":true,"href":"https:\/\/www.mensviventer.com\/index.php?rest_route=%2Fwp%2Fv2%2Fcategories&post=1249"},{"taxonomy":"post_tag","embeddable":true,"href":"https:\/\/www.mensviventer.com\/index.php?rest_route=%2Fwp%2Fv2%2Ftags&post=1249"}],"curies":[{"name":"wp","href":"https:\/\/api.w.org\/{rel}","templated":true}]}}