{"id":1243,"date":"2019-05-03T16:32:44","date_gmt":"2019-05-03T14:32:44","guid":{"rendered":"http:\/\/www.mensviventer.com\/?p=1243"},"modified":"2019-05-03T16:32:44","modified_gmt":"2019-05-03T14:32:44","slug":"er-klimakrisen-i-ferd-med-a-lede-til-sondagslover","status":"publish","type":"post","link":"https:\/\/www.mensviventer.com\/?p=1243","title":{"rendered":"Er klimakrisen i ferd med \u00e5 lede til s\u00f8ndagslover?"},"content":{"rendered":"<p><b><i>Kjent jesuittprofessor knytter pavens l\u00f8sning p\u00e5 klimakrisen til begrensninger i \u00e5 kunne \u201dkj\u00f8pe og selge\u201d, slik at mennesker kan gjenvinne en rett forst\u00e5else av \u00e5 feire hvilen i sabbaten. (Han kaller s\u00f8ndag for sabbat.) <\/i><\/b><b><i>\u00a0\u00a0\u00a0\u00a0\u00a0\u00a0\u00a0\u00a0\u00a0\u00a0\u00a0\u00a0\u00a0\u00a0\u00a0\u00a0\u00a0\u00a0\u00a0\u00a0\u00a0\u00a0\u00a0\u00a0\u00a0\u00a0\u00a0\u00a0\u00a0\u00a0\u00a0\u00a0\u00a0\u00a0\u00a0\u00a0\u00a0\u00a0\u00a0\u00a0\u00a0\u00a0\u00a0\u00a0<\/i><\/b><\/p>\n<p><a href=\"http:\/\/www.mensviventer.com\/wordpress\/wp-content\/uploads\/2019\/05\/charles-camosy.jpg\"><img decoding=\"async\" loading=\"lazy\" class=\"alignleft size-medium wp-image-1244\" alt=\"charles-camosy\" src=\"http:\/\/www.mensviventer.com\/wordpress\/wp-content\/uploads\/2019\/05\/charles-camosy-300x167.jpg\" width=\"300\" height=\"167\" srcset=\"https:\/\/www.mensviventer.com\/wordpress\/wp-content\/uploads\/2019\/05\/charles-camosy-300x167.jpg 300w, https:\/\/www.mensviventer.com\/wordpress\/wp-content\/uploads\/2019\/05\/charles-camosy.jpg 877w\" sizes=\"(max-width: 300px) 100vw, 300px\" \/><\/a>Bakgrunnen for dette innlegget er en artikkel i RNS (Religion News Service) skrevet at jesuittprofessor Charlie C. Camosy, som er ansatt ved det katolske Fordham universitetet i New York. Det er milj\u00f8dokumentet \u201dLaudato Si\u201d av pave Frans som er utgangspunktet for professorens artikkel.<\/p>\n<p>Charlie Camosy<i> <\/i>har en doktorgrad fra det katolske Notre Dame, og har skrevet mange b\u00f8ker og offentliggjort flere artikler om ulike sider av katolsk moralteologi. Han er blant annet opptatt av hvordan menneskers holdninger kan p\u00e5virkes i et samspillet mellom teologi og politikk.<\/p>\n<p><b>Jesuittenes universitet<\/b><\/p>\n<p>F\u00f8r vi siterer mer om forfatterens foresl\u00e5tte l\u00f8sning p\u00e5 klimakrisen, kan det v\u00e6re av interesse \u00e5 vite at Fordham universitetet er et av flere Jesuittuniversiteter i USA, og er registrert som et <i>\u201dprivat Jesuit research university\u201d.<\/i> Som et forskningssenter ble det grunnlagt i 1841 og ble fra begynnelsen av viet til Ignatius Loyola\u2019s filosofi og Jesuittbevegelsens form\u00e5l. Institusjonen fungerer som en selvstendig organisasjon som i prinsipp er uavhengig av den katolske kirke, men underlagt Jesuittordenen og dens m\u00e5lsetting.<\/p>\n<p>Universitetet har ca. 15.300 studenter fra omkring 65 land, og er satt sammen av 10 \u201dcolleges\u201d lokalisert ulike steder i byen New York. I tillegg har universitetet avdelinger i London, Spania og S\u00f8r-Afrika. Universitetet er stolt av at blant tidligere studenter finner vi president Donald Trump, flere amerikanske senatorer, fire kardinaler, mange teologer, b\u00e5de guvern\u00f8rer og ambassad\u00f8rer, noen generaler og en rekke personer som er listet som milliard\u00e6rer. Siden universitetet er privat drevet, har disse sosialt inflytelsesrike og \u00f8konomisk sterke personene v\u00e6rt viktige finansielle og ideologiske st\u00f8ttespillere. Med p\u00e5 listen av tidligere studenter er ogs\u00e5 to av CIA\u2019s direkt\u00f8rer og noen kongelige personer fra Europa.<\/p>\n<p><b>\u00a0<\/b><\/p>\n<p><b>Massiv p\u00e5virkningskampanje\u00a0\u00a0\u00a0\u00a0\u00a0\u00a0\u00a0\u00a0\u00a0\u00a0\u00a0\u00a0\u00a0\u00a0\u00a0\u00a0\u00a0\u00a0\u00a0\u00a0\u00a0\u00a0\u00a0\u00a0\u00a0\u00a0\u00a0\u00a0\u00a0\u00a0\u00a0\u00a0\u00a0\u00a0\u00a0\u00a0\u00a0\u00a0\u00a0\u00a0\u00a0\u00a0\u00a0\u00a0\u00a0\u00a0\u00a0\u00a0\u00a0\u00a0\u00a0\u00a0\u00a0\u00a0\u00a0\u00a0\u00a0\u00a0\u00a0\u00a0\u00a0\u00a0\u00a0\u00a0\u00a0\u00a0\u00a0\u00a0\u00a0\u00a0\u00a0\u00a0\u00a0\u00a0\u00a0\u00a0\u00a0\u00a0\u00a0\u00a0\u00a0\u00a0\u00a0\u00a0\u00a0\u00a0\u00a0\u00a0\u00a0\u00a0\u00a0\u00a0\u00a0\u00a0\u00a0\u00a0\u00a0\u00a0\u00a0\u00a0\u00a0\u00a0\u00a0\u00a0\u00a0\u00a0\u00a0\u00a0\u00a0\u00a0\u00a0\u00a0\u00a0\u00a0\u00a0\u00a0\u00a0\u00a0\u00a0\u00a0\u00a0\u00a0\u00a0\u00a0\u00a0\u00a0\u00a0\u00a0\u00a0\u00a0\u00a0\u00a0\u00a0\u00a0\u00a0\u00a0\u00a0\u00a0\u00a0\u00a0\u00a0\u00a0\u00a0\u00a0\u00a0\u00a0\u00a0\u00a0\u00a0\u00a0\u00a0\u00a0\u00a0\u00a0\u00a0\u00a0\u00a0\u00a0\u00a0\u00a0\u00a0\u00a0\u00a0\u00a0\u00a0\u00a0\u00a0\u00a0\u00a0\u00a0\u00a0\u00a0\u00a0\u00a0\u00a0 <a href=\"http:\/\/www.mensviventer.com\/wordpress\/wp-content\/uploads\/2019\/05\/laodatosi.jpeg\"><img decoding=\"async\" loading=\"lazy\" class=\"alignright size-medium wp-image-1245\" alt=\"laodatosi\" src=\"http:\/\/www.mensviventer.com\/wordpress\/wp-content\/uploads\/2019\/05\/laodatosi-300x195.jpeg\" width=\"300\" height=\"195\" srcset=\"https:\/\/www.mensviventer.com\/wordpress\/wp-content\/uploads\/2019\/05\/laodatosi-300x195.jpeg 300w, https:\/\/www.mensviventer.com\/wordpress\/wp-content\/uploads\/2019\/05\/laodatosi.jpeg 690w\" sizes=\"(max-width: 300px) 100vw, 300px\" \/><\/a><\/b>Som nevnt tar professor C. Camosy i sin artikkel, utgangspunkt i pave Frans\u2019 ber\u00f8mte \u201dEncyclical Laudato Si\u201d. I dette dokumentet poengterer paven at klimakrisen m\u00e5 bli alle menneskers prioritet. Han hevder at nye lover m\u00e5 bli vedtatt for \u00e5 redde kloden, men at lover i seg selv ikke n\u00f8dvendigvis vil for\u00e5rsake at mennesker umiddelbart endrer atferd. Dr. Camosy presiserer at for \u00e5 kunne oppn\u00e5 en varig effekt, m\u00e5 et flertall av befolknignen, i forveien, blir tilstrekkelig p\u00e5virket til personlig \u00e5 kunne akseptere restriksjonene og lovene som er n\u00f8dvendige for \u00e5 redde milj\u00f8et. Han siterer pave Frans n\u00e5r han hevder at dette kan best skje ved en \u201dindre omvendelse\u201d, som paven noen ganger i sitt dokument ogs\u00e5 kaller en \u201d\u00f8kologisk omvendelse\u201d.<\/p>\n<p>Tiden har kommet, er professorens budskap, for en massiv p\u00e5virkningskampanje for \u00e5 forme menneskers holdninger til \u00e5 st\u00f8tte klimatiltakene. Etter denne perioden med p\u00e5virkning, som n\u00e5 er godt igang, kommer tiden for h\u00e5ndheving av dramatiske nye lover.<\/p>\n<p>En slik dyptvirkende endring, skriver paven i sin Encyclica, m\u00e5 bli b\u00e5de individuell og offentlig, og det m\u00e5 lede til en grunnleggende justering av menneskers m\u00e5te \u00e5 leve p\u00e5. Paven hevder at alle m\u00e5 samarbeide for \u00e5 redde kloden Gud har gitt oss. Francis argumenterer for at en slik omvendelse kan gjenopprette et \u201d\u00f8kologisk ekvilibrium\u201d. Det vil skape harmoni i oss selv, med andre mennesker, med naturen og alt som lever, inkludert med Gud. Han sier at milj\u00f8tiltakene egentlig er knyttet til en \u00e5ndelig erfaring.<\/p>\n<p><b>\u00a0<\/b><\/p>\n<p><b>\u00c5ndelig \u00f8kologisk omvendelse<\/b><\/p>\n<p>Professor Camosy skriver at dette kan best gjennomf\u00f8res, ved at religi\u00f8se institusjoner (bl.a. ulike kirkesamfunn) arbeider for \u00e5 motivere mennesker til \u00e5 kultivere et personlig \u00e5ndelig fundament, som igjen gj\u00f8r den omtalte \u00e5ndelige \u00f8kologiske omvendelsen mulig. Alle som bryr seg om trusselen forbundet med de globale klimaendringene, m\u00e5 samarbeide og gj\u00f8re alt de kan for \u00e5 gi st\u00f8tte til de religi\u00f8se institusjonenes tiltak i dette arbeidet.<\/p>\n<p>Det er i denne forbindelse forfatteren skriver at for \u00e5 redde milj\u00f8et, m\u00e5 det iverksettes og aksepteres restriksjoner n\u00e5r det gjelder muligheten til \u00e5 \u201dkj\u00f8pe og selge\u201d, knyttet til en rett forst\u00e5else av sabbaten, (han mener da s\u00f8ndag).<\/p>\n<p><b>\u00a0<\/b><\/p>\n<p><b>Restriktive lover<\/b><\/p>\n<p><a href=\"http:\/\/www.mensviventer.com\/wordpress\/wp-content\/uploads\/2019\/05\/CharlieCamosiPopeFrancis.png\"><img decoding=\"async\" loading=\"lazy\" class=\"alignleft size-medium wp-image-1247\" alt=\"CharlieCamosiPopeFrancis\" src=\"http:\/\/www.mensviventer.com\/wordpress\/wp-content\/uploads\/2019\/05\/CharlieCamosiPopeFrancis-300x190.png\" width=\"300\" height=\"190\" srcset=\"https:\/\/www.mensviventer.com\/wordpress\/wp-content\/uploads\/2019\/05\/CharlieCamosiPopeFrancis-300x190.png 300w, https:\/\/www.mensviventer.com\/wordpress\/wp-content\/uploads\/2019\/05\/CharlieCamosiPopeFrancis-1024x649.png 1024w, https:\/\/www.mensviventer.com\/wordpress\/wp-content\/uploads\/2019\/05\/CharlieCamosiPopeFrancis.png 1250w\" sizes=\"(max-width: 300px) 100vw, 300px\" \/><\/a>I sin artikkel nevner Jesuittprofessor Camosy at klimarestriksjonene i den allerede lanserte \u201dThe Green New Deal\u201d bevegelsen, ikke blir forst\u00e5tt og mottatt av mange. Vi trenger en ny fremgangsm\u00e5te, er hans budskap, og han hevder at en \u00e5ndelig tiln\u00e6rming, endring av mentalitet etterfulgt av restriktive lover, vil gj\u00f8re at m\u00e5let lettere kan n\u00e5s.<\/p>\n<p>Charlie Camosy ser for seg en periode med p\u00e5virkning, for \u00e5 oppn\u00e5 den n\u00f8dvendige og dramatiske endrigen av menneskers livsstil. Etter denne tidsperioden, blir det n\u00f8dvendig \u00e5 vedta og h\u00e5ndheve lover, bl.a. de nevnte restriksjonene mot \u00e5 \u201dkj\u00f8pe og selge\u201d knyttet til en aksjon for \u00e5 fremme den katolske forst\u00e5elsen av sabbaten.<\/p>\n<p>&nbsp;<\/p>\n<p><b>V\u00e5r respons.<\/b><\/p>\n<p>Vi kjenner selvf\u00f8lgelig ikke til om forfatteren var oppmerksom p\u00e5 at hans ordbruk knyttet til forslaget om \u00e5 h\u00e5ndheve lover om restriksjoner om \u00e5 \u201dkj\u00f8pe og selge\u201d, var en direkte kopi av profetien i \u00c5penbaringsboken 13:17. I denne profetien beskrives som kjent at i den siste tid, like f\u00f8r Jesu gjenkomst, vil kristne som velger \u00e5 v\u00e6re trofaste mot Gud og ikke aksepterer antikrists p\u00e5bud om \u00e5 tilbe p\u00e5 den falske sabbaten (s\u00f8ndag), bli forfulgt og nektet \u00e5 kunne kj\u00f8pe og selge. Det er nettopp pavekirken som lanserte den hedenske soldagen som alternativ til Bibelens sabbat.<\/p>\n<p>Adventister som har valgt \u00e5 tro at Gud ikke avsluttet veiledningen av sitt folk gjennom en profet da apostelen Johannes d\u00f8de, sitter med unik kunnskap om denne artikkelens tema. Vi er kjent med at Herrens budb\u00e6rer, Ellen White, av Gud ble tilf\u00f8rt viktig og detaljert informasjon vedr\u00f8rende dagens klimakrise og helligdagslover.<\/p>\n<p><b>\u00a0Gud varslet om dette allerede p\u00e5 1800-tallet<\/b><\/p>\n<p>Herren viste henne at Satan selv er direkte involvert i \u00e5 produsere alle de naturkatastrofene som milj\u00f8krisen er knyttet til. Vi mennesker har absolutt en dyktig samarbeidspartner i \u00e5 \u00f8delegge jorden. Ellen G. White ble vist at djevelen selv har makt til \u00e5 for\u00e5rsake tornadoer, sykloner, ekstremstormer, flom, t\u00f8rkekatastrofer, skogbranner, jordskjelv og oversv\u00f8mmelser. Videre ble hun vist at p\u00e5virket av Guds store fiende, vil pavekirken, sammen med en frafallen protestantisme, til slutt legge skylden for disse milj\u00f8tragediene p\u00e5 kristne som helligholder sabbaten, og som derfor ikke vil forene seg med alle i den globale appellen om \u00e5 tilbe Gud p\u00e5 den hedenske soldagen, s\u00f8ndag. Argumentet vil v\u00e6re at Gud ikke lenger kan beskytte verden mot disse tragediene s\u00e5 lenge noen kristne nekter \u00e5 gi opp Bibelens sabbat og akseptere og markere at s\u00f8ndag er den nye \u201dkristne\u201d hviledagen. Satan \u00f8nsker tilbedelse p\u00e5 sin (solgudens) dag og s\u00f8ker \u00e5 \u00f8delegge kristne som viser lojalitet til himmelens Gud og hans guddommelige lov. I sin aksjon har alts\u00e5 djevelen en st\u00f8ttespiller i pavekirken og andre kristne som i den \u00f8kumeniske prosessen allierer seg med vatikanets \u00e5ndelige form\u00e5l.<\/p>\n<p><b>Dette ligger derfor foran oss:<\/b><\/p>\n<p><a href=\"http:\/\/www.mensviventer.com\/wordpress\/wp-content\/uploads\/2019\/05\/to-veier.jpg\"><img decoding=\"async\" loading=\"lazy\" class=\"alignright size-medium wp-image-1246\" alt=\"to veier\" src=\"http:\/\/www.mensviventer.com\/wordpress\/wp-content\/uploads\/2019\/05\/to-veier-300x225.jpg\" width=\"300\" height=\"225\" srcset=\"https:\/\/www.mensviventer.com\/wordpress\/wp-content\/uploads\/2019\/05\/to-veier-300x225.jpg 300w, https:\/\/www.mensviventer.com\/wordpress\/wp-content\/uploads\/2019\/05\/to-veier.jpg 320w\" sizes=\"(max-width: 300px) 100vw, 300px\" \/><\/a>(1) Gud har i Bibelens profetier \u00e5penbart at USA (en av maktene beskrevet i Johannes \u00e5penbaring kapittel 13), Etter press fra befolkningen vil vedta en lov som p\u00e5tvinger s\u00f8ndagshelligholdelse.<\/p>\n<p>(2) Denne bibelske profetien viser at troende som ikke p\u00e5 en synlig og observerbar m\u00e5te vil tilbe Gud p\u00e5 den falske hviledagen, vil bli forfulgt, s\u00f8kt isolert, og nektet \u00e5 fungere i samfunnet ved \u00e5 bli hindret i \u00e5 kj\u00f8pe og selge.<\/p>\n<p>(3) Gud har ogs\u00e5 \u00e5penbart gjennom Ellen White at de nevnte klimakatastrofene vil tilta p\u00e5 dramatisk og overraskende hurtig m\u00e5te like f\u00f8r Jesu gjenkomst. Det burde ikke v\u00e6re n\u00f8dvendig \u00e5 poengtere at vi da omtaler tiden her og n\u00e5.<\/p>\n<p>(4) Guds profet fikk videre vite at disse milj\u00f8katastrofene for det meste er for\u00e5rsaket av djevelen selv.<\/p>\n<p>(5) Jesuittprofesor Camosy, i sin tolkning av pavens milj\u00f8budskap, knytter alts\u00e5 l\u00f8sningen p\u00e5 klimaproblemet til n\u00f8dvendigehten av \u00e5 lage og h\u00e5ndheve lover vedr\u00f8rende helligholdelse av kristenhetens falske hviledag, lover som p\u00e5f\u00f8rer restriksjoner n\u00e5r det gjelder \u00e5 kj\u00f8pe og selge.<\/p>\n<p>JB<\/p>\n<p>&nbsp;<\/p>\n<p>&nbsp;<\/p>\n<p>&nbsp;<\/p>\n","protected":false},"excerpt":{"rendered":"<p>Kjent jesuittprofessor knytter pavens l\u00f8sning p\u00e5 klimakrisen til begrensninger i \u00e5 kunne \u201dkj\u00f8pe og selge\u201d, slik at mennesker kan gjenvinne en rett forst\u00e5else av \u00e5 feire hvilen i sabbaten. (Han kaller s\u00f8ndag for sabbat.) \u00a0\u00a0\u00a0\u00a0\u00a0\u00a0\u00a0\u00a0\u00a0\u00a0\u00a0\u00a0\u00a0\u00a0\u00a0\u00a0\u00a0\u00a0\u00a0\u00a0\u00a0\u00a0\u00a0\u00a0\u00a0\u00a0\u00a0\u00a0\u00a0\u00a0\u00a0\u00a0\u00a0\u00a0\u00a0\u00a0\u00a0\u00a0\u00a0\u00a0\u00a0\u00a0\u00a0\u00a0 Bakgrunnen for dette innlegget er en artikkel i RNS (Religion News Service) skrevet at jesuittprofessor Charlie C. Camosy, som er [&hellip;]<\/p>\n","protected":false},"author":1,"featured_media":0,"comment_status":"open","ping_status":"open","sticky":false,"template":"","format":"standard","meta":[],"categories":[2],"tags":[301,605,604,24,231],"_links":{"self":[{"href":"https:\/\/www.mensviventer.com\/index.php?rest_route=\/wp\/v2\/posts\/1243"}],"collection":[{"href":"https:\/\/www.mensviventer.com\/index.php?rest_route=\/wp\/v2\/posts"}],"about":[{"href":"https:\/\/www.mensviventer.com\/index.php?rest_route=\/wp\/v2\/types\/post"}],"author":[{"embeddable":true,"href":"https:\/\/www.mensviventer.com\/index.php?rest_route=\/wp\/v2\/users\/1"}],"replies":[{"embeddable":true,"href":"https:\/\/www.mensviventer.com\/index.php?rest_route=%2Fwp%2Fv2%2Fcomments&post=1243"}],"version-history":[{"count":1,"href":"https:\/\/www.mensviventer.com\/index.php?rest_route=\/wp\/v2\/posts\/1243\/revisions"}],"predecessor-version":[{"id":1248,"href":"https:\/\/www.mensviventer.com\/index.php?rest_route=\/wp\/v2\/posts\/1243\/revisions\/1248"}],"wp:attachment":[{"href":"https:\/\/www.mensviventer.com\/index.php?rest_route=%2Fwp%2Fv2%2Fmedia&parent=1243"}],"wp:term":[{"taxonomy":"category","embeddable":true,"href":"https:\/\/www.mensviventer.com\/index.php?rest_route=%2Fwp%2Fv2%2Fcategories&post=1243"},{"taxonomy":"post_tag","embeddable":true,"href":"https:\/\/www.mensviventer.com\/index.php?rest_route=%2Fwp%2Fv2%2Ftags&post=1243"}],"curies":[{"name":"wp","href":"https:\/\/api.w.org\/{rel}","templated":true}]}}