{"id":1195,"date":"2018-11-27T18:11:49","date_gmt":"2018-11-27T17:11:49","guid":{"rendered":"http:\/\/www.mensviventer.com\/?p=1195"},"modified":"2018-11-27T20:00:18","modified_gmt":"2018-11-27T19:00:18","slug":"drama-i-vatikanet","status":"publish","type":"post","link":"https:\/\/www.mensviventer.com\/?p=1195","title":{"rendered":"Drama i Vatikanet"},"content":{"rendered":"<div id=\"attachment_1196\" style=\"width: 310px\" class=\"wp-caption alignright\"><a href=\"http:\/\/www.mensviventer.com\/wordpress\/wp-content\/uploads\/2018\/11\/don-bux-580x333-1-1.jpg\"><img aria-describedby=\"caption-attachment-1196\" decoding=\"async\" loading=\"lazy\" class=\"size-medium wp-image-1196\" alt=\"don-bux-580x333-1-1\" src=\"http:\/\/www.mensviventer.com\/wordpress\/wp-content\/uploads\/2018\/11\/don-bux-580x333-1-1-300x172.jpg\" width=\"300\" height=\"172\" srcset=\"https:\/\/www.mensviventer.com\/wordpress\/wp-content\/uploads\/2018\/11\/don-bux-580x333-1-1-300x172.jpg 300w, https:\/\/www.mensviventer.com\/wordpress\/wp-content\/uploads\/2018\/11\/don-bux-580x333-1-1.jpg 580w\" sizes=\"(max-width: 300px) 100vw, 300px\" \/><\/a><p id=\"caption-attachment-1196\" class=\"wp-caption-text\">Nicola Bux<\/p><\/div>\n<p>Et &#8220;correctio&#8221; dokument ble f\u00f8rst gjort kjent internt h\u00f8sten 2017, men da paven nektet \u00e5 svare p\u00e5 oppfordringene, er dokumentet n\u00e5 gjort offentlig. Til \u00e5 begynne med var det 40 framst\u00e5ende geistlige som underskrev det, men per i dag er det 62 innflytelsesrike personer i det katolske hierarkiet som stiller seg bak anklagene. Det er \u00e5pen krig i kirkens h\u00f8yborg.<\/p>\n<p><b>Vil ha Benedikt tilbake.\u00a0\u00a0\u00a0\u00a0\u00a0\u00a0\u00a0\u00a0\u00a0\u00a0\u00a0\u00a0\u00a0\u00a0\u00a0\u00a0\u00a0\u00a0\u00a0\u00a0\u00a0\u00a0\u00a0\u00a0\u00a0\u00a0\u00a0\u00a0\u00a0\u00a0\u00a0\u00a0\u00a0\u00a0\u00a0\u00a0\u00a0\u00a0\u00a0\u00a0\u00a0\u00a0\u00a0\u00a0\u00a0\u00a0\u00a0\u00a0\u00a0\u00a0\u00a0\u00a0\u00a0\u00a0\u00a0\u00a0\u00a0\u00a0\u00a0\u00a0\u00a0\u00a0\u00a0\u00a0\u00a0\u00a0\u00a0\u00a0\u00a0\u00a0\u00a0\u00a0\u00a0\u00a0\u00a0\u00a0\u00a0\u00a0\u00a0\u00a0\u00a0\u00a0\u00a0\u00a0\u00a0\u00a0\u00a0\u00a0\u00a0\u00a0\u00a0\u00a0\u00a0\u00a0 <\/b><\/p>\n<p>Denne kritiske konservative fraksjonen tror at de kan bli kvitt pave Frans hvis man kan dokumentere at Benedikt den 16&#8217;s hastige resignasjonsbrev, mangler viktige elementer og derfor ikke er gyldig. Dette er det mange som tror kan bekreftes, og i s\u00e5 fall er pave Frans en illegitim pave og m\u00e5 trekke seg av kirkejuridiske \u00e5rsaker. En slik l\u00f8sning gj\u00f8r at man kan slippe en opprivende prosess med \u00e5 tvinge pave Frans til \u00e5 tre tilbake eller p\u00e5 annen m\u00e5te f\u00e5 ham fjernet.<\/p>\n<p><b>Skjuler overgrep.\u00a0\u00a0\u00a0\u00a0\u00a0\u00a0\u00a0\u00a0\u00a0\u00a0\u00a0\u00a0\u00a0\u00a0\u00a0\u00a0\u00a0\u00a0\u00a0\u00a0\u00a0\u00a0\u00a0\u00a0\u00a0\u00a0\u00a0\u00a0\u00a0 \u00a0\u00a0\u00a0\u00a0\u00a0\u00a0\u00a0\u00a0\u00a0\u00a0\u00a0\u00a0\u00a0\u00a0\u00a0\u00a0\u00a0\u00a0\u00a0\u00a0\u00a0\u00a0\u00a0\u00a0\u00a0\u00a0\u00a0\u00a0\u00a0\u00a0\u00a0\u00a0\u00a0\u00a0\u00a0\u00a0\u00a0\u00a0\u00a0\u00a0\u00a0\u00a0\u00a0\u00a0\u00a0\u00a0\u00a0\u00a0\u00a0\u00a0\u00a0\u00a0\u00a0\u00a0\u00a0\u00a0\u00a0\u00a0\u00a0<\/b><\/p>\n<p>Informasjonen om denne indre stridigheten begynte som nevnt \u00e5 ulme i midten av oktober 2017, men har f\u00f8rst n\u00e5 blitt offentlig kjent og vekker voldsom oppsikt b\u00e5de i Vatikanet og i den globale kirken. Men gruppen med konservative h\u00f8ytst\u00e5ende ledere i Vatikanet, som g\u00e5r rett i strupen p\u00e5 paven, har flere ting p\u00e5 sin agenda. Det inkluderer ogs\u00e5 en over ti siders detaljert rapport som dokumenterer at pave Frans meget bevisst, og over lengre tid, har dekket over flere presters seksuelle overgrep.<\/p>\n<p><b>Splitter kirken.\u00a0\u00a0\u00a0\u00a0\u00a0\u00a0\u00a0\u00a0\u00a0\u00a0\u00a0\u00a0\u00a0\u00a0\u00a0\u00a0\u00a0\u00a0\u00a0\u00a0\u00a0\u00a0\u00a0\u00a0\u00a0\u00a0\u00a0\u00a0\u00a0\u00a0\u00a0\u00a0\u00a0\u00a0\u00a0\u00a0\u00a0\u00a0\u00a0\u00a0\u00a0\u00a0\u00a0\u00a0\u00a0\u00a0\u00a0\u00a0\u00a0\u00a0\u00a0\u00a0\u00a0\u00a0\u00a0\u00a0\u00a0\u00a0\u00a0\u00a0\u00a0\u00a0\u00a0\u00a0\u00a0\u00a0\u00a0\u00a0\u00a0\u00a0\u00a0\u00a0\u00a0\u00a0\u00a0\u00a0\u00a0\u00a0\u00a0\u00a0\u00a0\u00a0\u00a0\u00a0\u00a0\u00a0\u00a0\u00a0\u00a0\u00a0\u00a0\u00a0\u00a0 <\/b><\/p>\n<p><a href=\"http:\/\/www.mensviventer.com\/wordpress\/wp-content\/uploads\/2018\/11\/pope-francis-2018.jpg\"><img decoding=\"async\" loading=\"lazy\" class=\"alignright size-medium wp-image-1197\" alt=\"pope-francis-2018\" src=\"http:\/\/www.mensviventer.com\/wordpress\/wp-content\/uploads\/2018\/11\/pope-francis-2018-300x225.jpg\" width=\"300\" height=\"225\" srcset=\"https:\/\/www.mensviventer.com\/wordpress\/wp-content\/uploads\/2018\/11\/pope-francis-2018-300x225.jpg 300w, https:\/\/www.mensviventer.com\/wordpress\/wp-content\/uploads\/2018\/11\/pope-francis-2018-1024x768.jpg 1024w\" sizes=\"(max-width: 300px) 100vw, 300px\" \/><\/a>Gruppen som Monsignor Bux er talsperson for, kommer ogs\u00e5 med klart teologiske anklager. De viser til at pave Frans tillater seg \u00e5 fortolke skriften p\u00e5 egen h\u00e5nd og derfor bryter med kirkens tradisjoner. De sier at han bevisst ignorerer n\u00f8dvendigheten av \u00e5 ha dekning i kirkerett og teologisk presedens, noe som kirkens kurie regner for \u00e5 v\u00e6re en meget alvorlig sak, siden pavekirkens tradisjoner ikke er noe man kan endre eller bryte etter eget \u00f8nske. Ved \u00e5 gj\u00f8re det, blir paven splittende og framst\u00e5r som en kjetter, etter kirkens tradisjonelle definisjon.<\/p>\n<p>Blandt anklagene rettet mot paven er ogs\u00e5 hans \u00f8kumeniske samlinger med protestanter. Han holder nattverd sammen med dem og har til og med talt for protestantiske forsamlinger fra en talerstol foran en statue av kjetteren Martin Luther. Pave Frans framst\u00e5r derfor som en skismatiker, er p\u00e5standen. En pave har ikke lov til \u00e5 betrakte kirken som en f\u00f8derasjon av kommuniteter, slik det er vanlig innen protestantismen. Da skapes en variasjon som splitter og kirkens vedtatte sannheter blir relative. Det \u00e5pner d\u00f8ren for kjetteri, en prosessen som allerede er i gang.<\/p>\n<p>Det hevdes at kirken ikke representerer en arena hvor noen pave kan spille ut sine moderne preferanser under dekke av \u00e5 f\u00f8lge med i tiden. Den konservative fl\u00f8yen vil at paven skal g\u00e5 tilbake til \u00e5 bekjenne troen slik den katolske kirken altid har forkynt den. Da handler det ikke om \u00abmeg\u00bb og &#8220;mine meninger&#8221;, men kirken og overleveringen.<\/p>\n<p><b>Svarer ikke p\u00e5 kritikk.\u00a0\u00a0\u00a0\u00a0\u00a0\u00a0\u00a0\u00a0\u00a0\u00a0\u00a0\u00a0\u00a0\u00a0\u00a0\u00a0\u00a0\u00a0\u00a0\u00a0\u00a0\u00a0\u00a0\u00a0\u00a0\u00a0\u00a0\u00a0\u00a0\u00a0\u00a0\u00a0\u00a0\u00a0\u00a0\u00a0\u00a0\u00a0\u00a0\u00a0\u00a0\u00a0\u00a0\u00a0\u00a0\u00a0\u00a0\u00a0\u00a0\u00a0\u00a0\u00a0\u00a0\u00a0\u00a0\u00a0\u00a0\u00a0\u00a0\u00a0\u00a0\u00a0\u00a0\u00a0\u00a0\u00a0\u00a0\u00a0\u00a0\u00a0\u00a0\u00a0\u00a0\u00a0\u00a0\u00a0\u00a0\u00a0\u00a0\u00a0\u00a0\u00a0\u00a0\u00a0\u00a0\u00a0\u00a0\u00a0 <\/b><\/p>\n<p>Den konservative opposisjonen anklager ogs\u00e5 paven for \u00e5 ha kunngjort sin egen apostoliske oppfordring, kalt Amoris Laetitia, som if\u00f8lge de konservative er full av teologiske motsetninger og selvmotsigelser. I tillegg til disse p\u00e5standene, bekjentgj\u00f8r Monsignor Bux og hans f\u00f8lgere at pave Frans har valgt ikke \u00e5 svarer p\u00e5 kritikk eller innsigelser. De hevder at dette er pavens vedvarende taktikk og at han ikke g\u00e5r i seg selv, men gjemmer seg bak myndigheten i sin posisjon.<\/p>\n<p>Pavens oppgave er \u00e5 forsvare og spre troen, hevder de. Hvis han gj\u00f8r det motsatte, ved \u00e5 spre kjetterske ideer, er han en illegitim pave og m\u00e5 fjernes. De konservative savner en ydmykhet hos paven og en vilje til \u00e5 lytte til og m\u00f8te med dem som p\u00e5peker hans feilgrep.<\/p>\n<p>Paven er Peters etterf\u00f8lger, fortsetter opposisjonen, og for at kirken skal fungere m\u00e5 lederen f\u00f8lge kirkens l\u00e6re. Hvis ikke brytes kirken ned innenfra. N\u00e5r Monsignor Bux g\u00e5r \u00e5pent ut og kaller Frans en kjetter og skismatiker, er det et tegn<\/p>\n<p>p\u00e5 at konflikten er \u00e5pen og uforsonlig. Monsignor Bux sier at paven faktisk sprer falsk l\u00e6re og derved hindrer kirkens sannheter \u00e5 slippe frem. Slik oppst\u00e5r et stort tomrom hvor doktriner og moral t\u00e5klegges til fordel for pavens kjepphester, nemlig politiske standpunkter, \u00f8kologi og migrasjon.<\/p>\n<p><b>Interne profetier.\u00a0\u00a0\u00a0\u00a0\u00a0\u00a0\u00a0\u00a0\u00a0\u00a0\u00a0\u00a0\u00a0\u00a0\u00a0\u00a0\u00a0\u00a0\u00a0\u00a0\u00a0\u00a0\u00a0\u00a0\u00a0\u00a0\u00a0\u00a0\u00a0\u00a0\u00a0\u00a0\u00a0\u00a0\u00a0\u00a0\u00a0\u00a0 \u00a0\u00a0\u00a0\u00a0\u00a0\u00a0\u00a0\u00a0\u00a0\u00a0\u00a0\u00a0\u00a0\u00a0\u00a0\u00a0\u00a0\u00a0\u00a0\u00a0\u00a0\u00a0\u00a0\u00a0\u00a0\u00a0\u00a0\u00a0\u00a0\u00a0\u00a0\u00a0\u00a0\u00a0\u00a0\u00a0\u00a0\u00a0\u00a0\u00a0\u00a0\u00a0\u00a0\u00a0\u00a0\u00a0\u00a0\u00a0\u00a0\u00a0\u00a0\u00a0\u00a0\u00a0\u00a0\u00a0\u00a0\u00a0\u00a0\u00a0\u00a0\u00a0<\/b><\/p>\n<p><a href=\"http:\/\/www.mensviventer.com\/wordpress\/wp-content\/uploads\/2018\/11\/fatima.jpg\"><img decoding=\"async\" loading=\"lazy\" class=\"alignleft size-full wp-image-1198\" alt=\"fatima\" src=\"http:\/\/www.mensviventer.com\/wordpress\/wp-content\/uploads\/2018\/11\/fatima.jpg\" width=\"214\" height=\"235\" \/><\/a>Konservative katolske ledere er ogs\u00e5 sterk p\u00e5virket av de s\u00e5kalte profetiene som barna i Fatima kom med, og de venter p\u00e5 forutsigelsen om at Satan skal innta kirken og dominere den. Denne profetien sier at det vil komme en meget vanskelig tid for kirken, hvor kardinaler st\u00e5r imot kardinaler og biskoper opponere mot biskoper. Denne splittelsen kommer, sier profetien, fordi Satan selv er i deres midte og voldsomme endringer vil skje med kirken i Rom.<\/p>\n<p>Disse konservative geistlige sier ogs\u00e5 at krisen som kirken n\u00e5 opplever, og de dramatiske hendelsene som trolig er i vente, for\u00e5rsakes av at det er \u00e5pen synd i kirken. De hevder at syndige holdninger og handlinger \u00e5pner veien for demonisk innflytelse og at Satan derfor f\u00e5r slippe til.<\/p>\n<p>(Kilde: National Catholic Register og en rekke internettsider vedr\u00f8rende &#8220;correctio&#8221; dokumentet og gruppen ledet av Monsignor Nicola Bux.)<\/p>\n<p>JB<\/p>\n","protected":false},"excerpt":{"rendered":"<p>Et &#8220;correctio&#8221; dokument ble f\u00f8rst gjort kjent internt h\u00f8sten 2017, men da paven nektet \u00e5 svare p\u00e5 oppfordringene, er dokumentet n\u00e5 gjort offentlig. Til \u00e5 begynne med var det 40 framst\u00e5ende geistlige som underskrev det, men per i dag er det 62 innflytelsesrike personer i det katolske hierarkiet som stiller seg bak anklagene. Det er [&hellip;]<\/p>\n","protected":false},"author":1,"featured_media":0,"comment_status":"open","ping_status":"open","sticky":false,"template":"","format":"standard","meta":[],"categories":[2],"tags":[573,572,574,575,26,24,293],"_links":{"self":[{"href":"https:\/\/www.mensviventer.com\/index.php?rest_route=\/wp\/v2\/posts\/1195"}],"collection":[{"href":"https:\/\/www.mensviventer.com\/index.php?rest_route=\/wp\/v2\/posts"}],"about":[{"href":"https:\/\/www.mensviventer.com\/index.php?rest_route=\/wp\/v2\/types\/post"}],"author":[{"embeddable":true,"href":"https:\/\/www.mensviventer.com\/index.php?rest_route=\/wp\/v2\/users\/1"}],"replies":[{"embeddable":true,"href":"https:\/\/www.mensviventer.com\/index.php?rest_route=%2Fwp%2Fv2%2Fcomments&post=1195"}],"version-history":[{"count":4,"href":"https:\/\/www.mensviventer.com\/index.php?rest_route=\/wp\/v2\/posts\/1195\/revisions"}],"predecessor-version":[{"id":1208,"href":"https:\/\/www.mensviventer.com\/index.php?rest_route=\/wp\/v2\/posts\/1195\/revisions\/1208"}],"wp:attachment":[{"href":"https:\/\/www.mensviventer.com\/index.php?rest_route=%2Fwp%2Fv2%2Fmedia&parent=1195"}],"wp:term":[{"taxonomy":"category","embeddable":true,"href":"https:\/\/www.mensviventer.com\/index.php?rest_route=%2Fwp%2Fv2%2Fcategories&post=1195"},{"taxonomy":"post_tag","embeddable":true,"href":"https:\/\/www.mensviventer.com\/index.php?rest_route=%2Fwp%2Fv2%2Ftags&post=1195"}],"curies":[{"name":"wp","href":"https:\/\/api.w.org\/{rel}","templated":true}]}}