{"id":1105,"date":"2018-04-10T23:52:37","date_gmt":"2018-04-10T21:52:37","guid":{"rendered":"http:\/\/www.mensviventer.com\/?p=1105"},"modified":"2018-04-10T23:52:37","modified_gmt":"2018-04-10T21:52:37","slug":"den-skjulte-kirkehistorien-del-5","status":"publish","type":"post","link":"https:\/\/www.mensviventer.com\/?p=1105","title":{"rendered":"Den skjulte kirkehistorien \u2013 del 5"},"content":{"rendered":"<p align=\"center\"><b>Menigheten i \u00f8demarken<\/b><\/p>\n<p align=\"center\"><b>Del 5. \u00d8stkirkens vekst.<\/b><\/p>\n<p><b>Som vi alt har sett, ble den f\u00f8rste menighetens opprinnelige hovedkvarter flyttet fra Jerusalem til Antiokia etter \u00f8deleggelsen i \u00e5r 70. Syria inkluderte p\u00e5 den tiden ogs\u00e5 Judea, deler av Arabia, og strakte seg helt til elven Eufrat. Dette begynte perioden som i historien med rette blir kalt \u00abSyrias gyllne tidsalder\u00bb. I den velst\u00e5ende hovedstaden Antiokia, var ogs\u00e5 administrasjonen til Romerrikets representanter i \u00d8st.<\/b><\/p>\n<div id=\"attachment_1107\" style=\"width: 276px\" class=\"wp-caption alignleft\"><a href=\"http:\/\/www.mensviventer.com\/wordpress\/wp-content\/uploads\/2018\/04\/Pella_Jordan_2000.jpg\"><img aria-describedby=\"caption-attachment-1107\" decoding=\"async\" loading=\"lazy\" class=\" wp-image-1107\" alt=\"Pella\" src=\"http:\/\/www.mensviventer.com\/wordpress\/wp-content\/uploads\/2018\/04\/Pella_Jordan_2000-300x199.jpg\" width=\"266\" height=\"176\" srcset=\"https:\/\/www.mensviventer.com\/wordpress\/wp-content\/uploads\/2018\/04\/Pella_Jordan_2000-300x199.jpg 300w, https:\/\/www.mensviventer.com\/wordpress\/wp-content\/uploads\/2018\/04\/Pella_Jordan_2000-1024x680.jpg 1024w, https:\/\/www.mensviventer.com\/wordpress\/wp-content\/uploads\/2018\/04\/Pella_Jordan_2000.jpg 2048w\" sizes=\"(max-width: 266px) 100vw, 266px\" \/><\/a><p id=\"caption-attachment-1107\" class=\"wp-caption-text\">Pella<\/p><\/div>\n<p>Som en f\u00f8lge av den dominante j\u00f8diske bosetningen som f\u00f8rst preget Decapolis, og spesielt Pella, skjedde en veldig \u00f8kning i befolkningens intellektuelle og litter\u00e6re status. Dette vakte oppmerksomhet og store pengesummer ble frigitt fra keiserriket til byfornying for \u00e5 gj\u00f8re byen vakker og tiltrekkende. Dette omr\u00e5det ble snart kjent for sin kultur, velstand og tankefrihet. De ti opprinnelige hedenske byene og landomr\u00e5dene mellom dem, fikk snart en sterk kristen innflytelse.<\/p>\n<p>P\u00e5 apostlenes tid var denne delen av trans-Jordan omr\u00e5det et fruktbart land som ga befolkningen varierte og gode avlinger. Det var ogs\u00e5 hit de kristne j\u00f8dene flyktet for \u00e5 unnslippe keiserens terror under \u00abDen romerske krig\u00bb, i \u00e5r 66.<\/p>\n<p>Etter hvert som de messiastroende j\u00f8dekristne migrerte videre til Syria, tok de med seg sin intellektuelle kapasitet, og dette omr\u00e5det ble p\u00e5 et tidlig tidspunkt ber\u00f8mt blant verdens utdannede og kulturelle, for sine skoler og st\u00f8rre l\u00e6resentra. Midt i dette velst\u00e5ende landet l\u00e5 Antiokia. Ikke minst ble denne delen av Syria kjent for sin enest\u00e5ende arkitektur, og ble fort den rikeste og best utviklede provinsen i det romerske riket.<\/p>\n<p><b>De ber\u00f8mte skolene i Antiokia.\u00a0\u00a0\u00a0\u00a0\u00a0\u00a0\u00a0\u00a0\u00a0\u00a0\u00a0\u00a0\u00a0\u00a0\u00a0\u00a0\u00a0\u00a0\u00a0\u00a0\u00a0\u00a0\u00a0\u00a0\u00a0\u00a0\u00a0\u00a0\u00a0\u00a0\u00a0\u00a0\u00a0\u00a0\u00a0\u00a0\u00a0\u00a0\u00a0\u00a0\u00a0\u00a0\u00a0\u00a0\u00a0\u00a0\u00a0\u00a0\u00a0\u00a0\u00a0\u00a0\u00a0\u00a0\u00a0\u00a0\u00a0\u00a0\u00a0\u00a0\u00a0\u00a0\u00a0\u00a0\u00a0\u00a0\u00a0\u00a0\u00a0\u00a0\u00a0\u00a0\u00a0\u00a0\u00a0\u00a0\u00a0\u00a0\u00a0\u00a0\u00a0\u00a0\u00a0\u00a0\u00a0\u00a0<\/b><\/p>\n<div id=\"attachment_1108\" style=\"width: 310px\" class=\"wp-caption alignleft\"><a href=\"http:\/\/www.mensviventer.com\/wordpress\/wp-content\/uploads\/2018\/04\/3D-reconstruction.jpg\"><img aria-describedby=\"caption-attachment-1108\" decoding=\"async\" loading=\"lazy\" class=\"size-medium wp-image-1108\" alt=\"Rekonstruksjon i 3D av bibelens Antiokia, n\u00e5 Antakya i Tyrkia\" src=\"http:\/\/www.mensviventer.com\/wordpress\/wp-content\/uploads\/2018\/04\/3D-reconstruction-300x180.jpg\" width=\"300\" height=\"180\" srcset=\"https:\/\/www.mensviventer.com\/wordpress\/wp-content\/uploads\/2018\/04\/3D-reconstruction-300x180.jpg 300w, https:\/\/www.mensviventer.com\/wordpress\/wp-content\/uploads\/2018\/04\/3D-reconstruction-1024x615.jpg 1024w\" sizes=\"(max-width: 300px) 100vw, 300px\" \/><\/a><p id=\"caption-attachment-1108\" class=\"wp-caption-text\">Rekonstruksjon i 3D av bibelens Antiokia, n\u00e5 Antakya i Tyrkia<\/p><\/div>\n<p>Skolene i Antiokia overgikk hvert eneste annet vitenskapelige senter, og deres mange utdannings-institusjoners l\u00e6remetoder var fri for mytene, stengslene, forbudene, mystikken og den saboterende filosofien som dominerte i vest. P\u00e5 et senere tidspunkt, da keiser Justinian, midt i det sjette \u00e5rhundre, bestemte seg for \u00e5 bygge verdens st\u00f8rste kirkebygg i Konstantinopel, n\u00e5v\u00e6rende Istanbul, s\u00f8kte han lenge uten hell gjennom de greske og latinske sivilisasjonene etter spesielt begavede arkitekter og bygningseksperter. Han m\u00e5tte til slutt hente dem fra fagskolene i Antiokia og det heter at han der fant mange dyktige arkitekter. Det rapporteres at han valgte Anthemius fra Trallers og Isidore fra Miletus.<\/p>\n<p>Som et resultat av arbeidet til Barnabas og Paulus i Antiokia, ble navnet \u00abkristen\u00bb gitt til Jesu etterf\u00f8lgere, Ap.gj. 11:26. Dette var etter Guds ledelse med tanke p\u00e5 evangeliets framtid. De ville ikke lenger bli stemplet som j\u00f8der, og det nye navnet ville hjelpe dem \u00e5 unnslippe hatet fra b\u00e5de den hedenske verden og antisemittismen som preget romerkirkens holdning til hebreerne.<\/p>\n<p>Disse eksilj\u00f8dene kunne etter hvert tilby de vakre Syriske byene og deres institusjoner, en kunnskap som overgikk alt som var \u00e5 finne i land utenfor Kanaans grenser. De evnet \u00e5 forklare evangeliet p\u00e5 en slik m\u00e5te at kristendommens store og sentrale sannheter ble forst\u00e5tt. De forkynte ikke en tro som gjorde lydighet un\u00f8dvendig og de avviste vestkirkens p\u00e5stand om at biskopen i Rom kunne endre Bibelens budskap og gj\u00f8re opportune og politiske tradisjoner guddommelige.<\/p>\n<div id=\"attachment_1109\" style=\"width: 233px\" class=\"wp-caption alignright\"><a href=\"http:\/\/www.mensviventer.com\/wordpress\/wp-content\/uploads\/2018\/04\/375px-ChennaiMylapore.png\"><img aria-describedby=\"caption-attachment-1109\" decoding=\"async\" loading=\"lazy\" class=\"size-medium wp-image-1109\" alt=\"Apostelen Thomas grav befinner seg i Mylapore, en gammel bydel i Chennai, India (tidligere Madras)\" src=\"http:\/\/www.mensviventer.com\/wordpress\/wp-content\/uploads\/2018\/04\/375px-ChennaiMylapore-223x300.png\" width=\"223\" height=\"300\" srcset=\"https:\/\/www.mensviventer.com\/wordpress\/wp-content\/uploads\/2018\/04\/375px-ChennaiMylapore-223x300.png 223w, https:\/\/www.mensviventer.com\/wordpress\/wp-content\/uploads\/2018\/04\/375px-ChennaiMylapore.png 375w\" sizes=\"(max-width: 223px) 100vw, 223px\" \/><\/a><p id=\"caption-attachment-1109\" class=\"wp-caption-text\">Apostelen Thomas grav befinner seg i Mylapore, en gammel bydel i Chennai, India (tidligere Madras)<\/p><\/div>\n<p>Med bakgrunn som israelitter, kunne de bedre enn noen forst\u00e5 sannhetene om guddommen, synd, moral, og behovet for en Frelser. Fra tabernakelseremoniene kunne de se at hele frelsesplanen var illustrert p\u00e5 en symbolsk m\u00e5te i tempelritene. B\u00e5de angeren for synd, oppgj\u00f8ret, det stedfortredende offeret, tilgivelsen, Kristus som Ordet og livets br\u00f8d, Guds \u00c5nds ledelse, l\u00f8ftet om Guds hellige lov i den troendes sinn og b\u00f8nnelivet, var alt illustrert i denne miniatyrmodellen. Selv f\u00f8r Paulus hadde fullf\u00f8rt sitt arbeid, og f\u00f8r Jerusalem ble lagt i ruiner, hadde apostelen Thomas ogs\u00e5 reist mot Persia og India. Resultatet av hans forkynnelse skal vi komme tilbake til senere i serien.<\/p>\n<p>\u00d8stover, inn i de fruktbare landene omkring elvene Tigris og Eufrat, spredte den bibeltro kristendommen seg videre ved etableringen av det andre syriske senteret, Edessa, byen som er n\u00e5v\u00e6rende Urfa eller Sanliurfa. Denne byen l\u00e5 nord\u00f8st for Antiokia, og derfra spredte apostelmenighetens kristendom seg til Persia, India, Partia og Kina, og fra den og andre omkringliggende byer, kom vedvarende st\u00f8tte til arbeidet i disse fjerntliggende \u00d8stlige landene. Hvem var det som brakte kunnskapen om Kristus til alle disse nasjonene? Jo, de kristne som hadde \u00e5nden og budskapet til den syriske kristendommen, som holdt seg \u00aburokkelig\u00bb til apostlenes l\u00e6re.<\/p>\n<p>Som alt nevnt vet vi at pavekirken ganske tidlig i historien, erkl\u00e6rte at disse bibeltro kristne, som spredte seg fra Jerusalem til Syria og videre, var kjettere, og vi kan undres over hva som var Roms begrunnelse for denne ford\u00f8mmelsen. Svaret er at romerkirken ikke anklaget og etter hvert forfulgte mange av disse kristne p\u00e5 grunn av hva de forkynte, men p\u00e5 grunn av det de ikke forkynte. De avviste alle tradisjonene og dogmene som romerkirken vedtok, som ikke hadde r\u00f8tter i Jesu og apostlenes l\u00e6re.<\/p>\n<p>I flere perioder, i mer enn tusen \u00e5r, forfulgte pavekirken alle som trodde det samme som urmenighetens kristne, som spredte seg fra Jerusalem til Decapolis og Antiokia og derfra til Urfa og videre til store deler av verden. Disse \u00d8st-kristne, hvor de enn dukket opp i forskjellige land, under ulike navn, ble forfulgt fordi de trodde og l\u00e6rte det apostlene forkynte, uten \u00e5 inkludere den katolske kirkes tillegg.<\/p>\n<p><b>Protest mot Roms teologi\u00a0\u00a0\u00a0\u00a0\u00a0\u00a0\u00a0\u00a0\u00a0\u00a0\u00a0\u00a0\u00a0\u00a0\u00a0\u00a0\u00a0\u00a0\u00a0\u00a0\u00a0\u00a0\u00a0\u00a0\u00a0\u00a0\u00a0\u00a0\u00a0\u00a0\u00a0\u00a0\u00a0\u00a0\u00a0\u00a0\u00a0\u00a0\u00a0\u00a0\u00a0\u00a0\u00a0\u00a0\u00a0\u00a0\u00a0\u00a0\u00a0\u00a0\u00a0\u00a0\u00a0\u00a0\u00a0\u00a0\u00a0\u00a0\u00a0\u00a0\u00a0\u00a0\u00a0\u00a0\u00a0\u00a0\u00a0\u00a0\u00a0\u00a0\u00a0\u00a0\u00a0\u00a0\u00a0\u00a0\u00a0\u00a0\u00a0\u00a0\u00a0\u00a0\u00a0\u00a0\u00a0\u00a0\u00a0\u00a0\u00a0\u00a0\u00a0\u00a0\u00a0\u00a0\u00a0\u00a0\u00a0\u00a0\u00a0\u00a0\u00a0\u00a0\u00a0\u00a0\u00a0\u00a0\u00a0\u00a0\u00a0\u00a0<\/b><\/p>\n<div id=\"attachment_1110\" style=\"width: 270px\" class=\"wp-caption alignleft\"><a href=\"http:\/\/www.mensviventer.com\/wordpress\/wp-content\/uploads\/2018\/04\/Mariastatue1komma2milldollar.jpg\"><img aria-describedby=\"caption-attachment-1110\" decoding=\"async\" loading=\"lazy\" class=\"size-medium wp-image-1110\" alt=\"Mariastatue til 1,2 millioner dollar, i det fattige Bolivia.\" src=\"http:\/\/www.mensviventer.com\/wordpress\/wp-content\/uploads\/2018\/04\/Mariastatue1komma2milldollar-260x300.jpg\" width=\"260\" height=\"300\" srcset=\"https:\/\/www.mensviventer.com\/wordpress\/wp-content\/uploads\/2018\/04\/Mariastatue1komma2milldollar-260x300.jpg 260w, https:\/\/www.mensviventer.com\/wordpress\/wp-content\/uploads\/2018\/04\/Mariastatue1komma2milldollar.jpg 347w\" sizes=\"(max-width: 260px) 100vw, 260px\" \/><\/a><p id=\"caption-attachment-1110\" class=\"wp-caption-text\">Mariastatue til 1,2 millioner dollar, i det fattige Bolivia.<\/p><\/div>\n<p><b><\/b>Siden pavekirkens tradisjoner, som ble omgjort til dogmer, ble utarbeidet over tid, ga de troende med r\u00f8tter i \u00d8stmenighetene, respons etter hvert som de ble konfrontert med det ubibelske innholdet. N\u00e5r de sammenlignet den katolske utgaven av kristentroen med innholdet i Jesu og apostlenes l\u00e6re, tok de avstand fra det som ikke var i harmoni med Bibelen.<\/p>\n<p>De tok blant annet avstand fra l\u00e6ren om at Jesu mor var blitt himmeldronning, og at det var en \u00e5ndelig kraft i negler, h\u00e5r og andre kroppsdeler fra d\u00f8de kristne som kirkens hierarki hadde utpekt til \u00e5 v\u00e6re helgener. Videre benektet de at apostelen Peter ble den f\u00f8rste pave og at romerbiskopen hadde forrang over andre kristne ledere. Men ogs\u00e5 Romakirkens l\u00e6re om at den hedenske soldagen, den f\u00f8rste dag i uken, hadde tatt plassen til bibelens sabbat, avviste de. I tillegg forkastet de l\u00e6ren om skj\u00e6rsilden, kirkens ubibelske definisjon av guddommen, og den s\u00e6regne katolske tolkningen av nattverden som offerm\u00e5ltid. I neste innlegg skal vi vurdere Romerkirkens krav om \u00e5 ha autoritet til \u00e5 p\u00e5tvinge andre kristne sin spesielle utgave av kristentroen. (Fortsettelse i del 6.)<\/p>\n<p><b>\u00a0<\/b><\/p>\n<p><b>Et tilbud.\u00a0\u00a0\u00a0\u00a0\u00a0\u00a0\u00a0\u00a0\u00a0\u00a0\u00a0\u00a0\u00a0\u00a0\u00a0\u00a0\u00a0\u00a0\u00a0\u00a0\u00a0\u00a0\u00a0\u00a0\u00a0\u00a0\u00a0\u00a0\u00a0\u00a0 \u00a0\u00a0\u00a0\u00a0\u00a0\u00a0\u00a0\u00a0\u00a0\u00a0\u00a0\u00a0\u00a0\u00a0\u00a0\u00a0\u00a0\u00a0\u00a0\u00a0\u00a0\u00a0\u00a0\u00a0\u00a0\u00a0\u00a0\u00a0\u00a0\u00a0\u00a0\u00a0\u00a0\u00a0\u00a0\u00a0\u00a0\u00a0\u00a0\u00a0\u00a0\u00a0\u00a0\u00a0\u00a0\u00a0\u00a0\u00a0\u00a0\u00a0\u00a0\u00a0\u00a0\u00a0\u00a0\u00a0\u00a0\u00a0\u00a0\u00a0\u00a0\u00a0\u00a0\u00a0\u00a0\u00a0\u00a0\u00a0\u00a0\u00a0\u00a0\u00a0\u00a0\u00a0\u00a0\u00a0\u00a0\u00a0\u00a0\u00a0\u00a0\u00a0\u00a0\u00a0\u00a0\u00a0\u00a0\u00a0\u00a0\u00a0\u00a0\u00a0\u00a0\u00a0\u00a0\u00a0\u00a0\u00a0\u00a0\u00a0\u00a0\u00a0\u00a0\u00a0\u00a0\u00a0\u00a0\u00a0\u00a0\u00a0\u00a0\u00a0\u00a0\u00a0\u00a0<\/b>De mange kildehenvisningene til p\u00e5stander og sitater som er inkludert i artiklene i denne temaserien, er av plasshensyn ikke inkludert her, men vi \u00f8nsker \u00e5 gj\u00f8re dem tilgjengelige for v\u00e5re lesere i en gratis bok p\u00e5 480 sider. Bokas tittel er: \u00abSannhetens Seier\u00bb, og er en rikt illustrert helt fersk norsk oversettelse av Dr. Benjamin George Wilkinsons monumentale verk \u00abTruth Triumphant\u00bb. Denne boka inkluderer nesten 1000 kildehenvisninger, inklusivt alle henvisningene som h\u00f8rer med i artiklene i denne serien. Boka inneholder en detaljert beskrivelse av \u00abMenigheten i \u00f8demarken\u00bb, fra apostlenes tid til reformasjonen og videre til dagens situasjon. Du vil finne beskrivelser og dokumentasjon om Guds sanne bibeltro folk i hver generasjon og hvert \u00e5rhundre i en rekke land ned gjennom historien. Boka tilbys gratis og fritt tilsendt. Skriv navn og adresse under \u00abLeave a Reply\u00bb nederst p\u00e5 siden og be om \u00e5 f\u00e5 boka tilsendt.<\/p>\n","protected":false},"excerpt":{"rendered":"<p>Menigheten i \u00f8demarken Del 5. \u00d8stkirkens vekst. Som vi alt har sett, ble den f\u00f8rste menighetens opprinnelige hovedkvarter flyttet fra Jerusalem til Antiokia etter \u00f8deleggelsen i \u00e5r 70. Syria inkluderte p\u00e5 den tiden ogs\u00e5 Judea, deler av Arabia, og strakte seg helt til elven Eufrat. Dette begynte perioden som i historien med rette blir kalt [&hellip;]<\/p>\n","protected":false},"author":1,"featured_media":0,"comment_status":"open","ping_status":"open","sticky":false,"template":"","format":"standard","meta":[],"categories":[1,12],"tags":[483,518,928,264,520,521,522,519],"_links":{"self":[{"href":"https:\/\/www.mensviventer.com\/index.php?rest_route=\/wp\/v2\/posts\/1105"}],"collection":[{"href":"https:\/\/www.mensviventer.com\/index.php?rest_route=\/wp\/v2\/posts"}],"about":[{"href":"https:\/\/www.mensviventer.com\/index.php?rest_route=\/wp\/v2\/types\/post"}],"author":[{"embeddable":true,"href":"https:\/\/www.mensviventer.com\/index.php?rest_route=\/wp\/v2\/users\/1"}],"replies":[{"embeddable":true,"href":"https:\/\/www.mensviventer.com\/index.php?rest_route=%2Fwp%2Fv2%2Fcomments&post=1105"}],"version-history":[{"count":3,"href":"https:\/\/www.mensviventer.com\/index.php?rest_route=\/wp\/v2\/posts\/1105\/revisions"}],"predecessor-version":[{"id":1113,"href":"https:\/\/www.mensviventer.com\/index.php?rest_route=\/wp\/v2\/posts\/1105\/revisions\/1113"}],"wp:attachment":[{"href":"https:\/\/www.mensviventer.com\/index.php?rest_route=%2Fwp%2Fv2%2Fmedia&parent=1105"}],"wp:term":[{"taxonomy":"category","embeddable":true,"href":"https:\/\/www.mensviventer.com\/index.php?rest_route=%2Fwp%2Fv2%2Fcategories&post=1105"},{"taxonomy":"post_tag","embeddable":true,"href":"https:\/\/www.mensviventer.com\/index.php?rest_route=%2Fwp%2Fv2%2Ftags&post=1105"}],"curies":[{"name":"wp","href":"https:\/\/api.w.org\/{rel}","templated":true}]}}