{"id":1093,"date":"2018-03-09T18:30:33","date_gmt":"2018-03-09T17:30:33","guid":{"rendered":"http:\/\/www.mensviventer.com\/?p=1093"},"modified":"2018-03-09T18:39:16","modified_gmt":"2018-03-09T17:39:16","slug":"overgrepsanklager-mot-pavens-naermeste","status":"publish","type":"post","link":"https:\/\/www.mensviventer.com\/?p=1093","title":{"rendered":"Overgrepsanklager mot pavens n\u00e6rmeste"},"content":{"rendered":"<p><strong>Kardinal George Pell anklaget for overgrep<\/strong><\/p>\n<p>Mens denne rapporten skrives, er en av pavens n\u00e6rmeste r\u00e5dgivere, 76 \u00e5r gamle kardinal George Pell, tilbake i Australia for \u00e5 m\u00f8te anklager om seksuelle overgrep. Han er hittil den h\u00f8yest rangerende katolske embetsperson som m\u00e5 m\u00f8te i retten for slike anklager.<\/p>\n<div id=\"attachment_1095\" style=\"width: 250px\" class=\"wp-caption alignright\"><a href=\"http:\/\/www.mensviventer.com\/wordpress\/wp-content\/uploads\/2018\/03\/pell-and-Pope.jpg\"><img aria-describedby=\"caption-attachment-1095\" decoding=\"async\" loading=\"lazy\" class=\" wp-image-1095 \" alt=\"George Pell and the pope\" src=\"http:\/\/www.mensviventer.com\/wordpress\/wp-content\/uploads\/2018\/03\/pell-and-Pope-300x225.jpg\" width=\"240\" height=\"180\" srcset=\"https:\/\/www.mensviventer.com\/wordpress\/wp-content\/uploads\/2018\/03\/pell-and-Pope-300x225.jpg 300w, https:\/\/www.mensviventer.com\/wordpress\/wp-content\/uploads\/2018\/03\/pell-and-Pope.jpg 362w\" sizes=\"(max-width: 240px) 100vw, 240px\" \/><\/a><p id=\"caption-attachment-1095\" class=\"wp-caption-text\">George Pell and the pope<\/p><\/div>\n<p><strong>En statlig kommisjon<\/strong> som i lengre tid har gransket katolske presters seksuelle overgrep i landet, rapporterte fredag 9. mars at landet var vitne til en epidemi av slike forbrytelser utf\u00f8rt av romersk katolske prester. Forbrytelsene var blitt utf\u00f8rt i skoler og andre religi\u00f8se institusjoner som drives av kirken.<\/p>\n<p>Rapporten forteller at <em>ti-tusener av barn er blitt seksuelt misbrukt ved disse institusjonene over mange \u00e5r<\/em>, og etterforskerne skriver at de er dypt sjokkerte over dimensjonene p\u00e5 disse kriminelle handlingene. De skriver at man sannsynligvis aldri vil f\u00e5 vite det reelle antall barn som er blitt voldtatt og truet til taushet.<\/p>\n<div id=\"attachment_1094\" style=\"width: 202px\" class=\"wp-caption alignleft\"><a href=\"http:\/\/www.mensviventer.com\/wordpress\/wp-content\/uploads\/2018\/03\/Malcolm-Turnbull-QA.jpg\"><img aria-describedby=\"caption-attachment-1094\" decoding=\"async\" loading=\"lazy\" class=\" wp-image-1094  \" alt=\"Statsminister Malcolm Turnbull mener at alle australiere b\u00f8r lese den statlige kommisjonens rapport som kom ut 9 mars.\" src=\"http:\/\/www.mensviventer.com\/wordpress\/wp-content\/uploads\/2018\/03\/Malcolm-Turnbull-QA-300x258.jpg\" width=\"192\" height=\"165\" srcset=\"https:\/\/www.mensviventer.com\/wordpress\/wp-content\/uploads\/2018\/03\/Malcolm-Turnbull-QA-300x258.jpg 300w, https:\/\/www.mensviventer.com\/wordpress\/wp-content\/uploads\/2018\/03\/Malcolm-Turnbull-QA.jpg 575w\" sizes=\"(max-width: 192px) 100vw, 192px\" \/><\/a><p id=\"caption-attachment-1094\" class=\"wp-caption-text\">Statsminister Malcolm Turnbull mener at alle australiere b\u00f8r lese den statlige kommisjonens rapport som kom ut 9 mars.<\/p><\/div>\n<p>Australias statsminister Malcolm Turnbull sa p\u00e5 en pressekonferanse, etter at rapporten var blitt offentliggjort, at hver eneste australier burde lese rapporten for \u00e5 bli oppmerksom p\u00e5 hva kirkens prester har gjort. Han sa ogs\u00e5 at alle burde hedre de modige ofrene som har v\u00e6rt villige til \u00e5 st\u00e5 fram og vitne om de grusomme opplevelsene som de erfarte i m\u00f8te med et system som p\u00e5 overflaten ga seg ut for \u00e5 representere kristne prinsipper og tilby omsorg og beskyttelse.<\/p>\n<p>Unders\u00f8kelseskommisjonens formann, dommer Peter McClellan, forteller at de i l\u00f8pet av 15 m\u00e5neder, har lyttet til vitnesbyrdene fra over 1000 ofre, og at de m\u00e5 se i \u00f8yene at det ikke er snakk om bare noen f\u00e5 \u00abr\u00e5tne epler\u00bb blant kirkens presteskap. <strong>Det dreier seg om et problem innenfor den katolske kirken, som er s\u00e5 gjennomgripende, djevelsk og massivt at det er vanskelig \u00e5 fatte.<\/strong><\/p>\n<p>Allerede i 2012 begynte myndighetene en unders\u00f8kelse for \u00e5 kartlegge seksuelle forbrytelser utf\u00f8rt at prester ved 4000 katolske institusjoner i Australia. Selv om de fleste av overgrepene aldri er blitt anmeldt, og mange av de skyldige er blitt flyttet, satt etterforskerne snart med navnene p\u00e5 <strong>1.880 pedofile prester<\/strong>. De fleste av dem hadde forgrepet seg gjentatte ganger p\u00e5 barn som hadde et forhold til kirkens institusjoner.<\/p>\n<div id=\"attachment_1096\" style=\"width: 220px\" class=\"wp-caption alignright\"><a href=\"http:\/\/www.mensviventer.com\/wordpress\/wp-content\/uploads\/2018\/03\/ballerats-children.jpg\"><img aria-describedby=\"caption-attachment-1096\" decoding=\"async\" loading=\"lazy\" class=\" wp-image-1096\" alt=\"ballerats children\" src=\"http:\/\/www.mensviventer.com\/wordpress\/wp-content\/uploads\/2018\/03\/ballerats-children-300x300.jpg\" width=\"210\" height=\"210\" srcset=\"https:\/\/www.mensviventer.com\/wordpress\/wp-content\/uploads\/2018\/03\/ballerats-children-300x300.jpg 300w, https:\/\/www.mensviventer.com\/wordpress\/wp-content\/uploads\/2018\/03\/ballerats-children-150x150.jpg 150w, https:\/\/www.mensviventer.com\/wordpress\/wp-content\/uploads\/2018\/03\/ballerats-children.jpg 500w\" sizes=\"(max-width: 210px) 100vw, 210px\" \/><\/a><p id=\"caption-attachment-1096\" class=\"wp-caption-text\">Et bedrag mot en hel generasjon, sier australsk presse, om overgrep og fortielse<\/p><\/div>\n<p>Unders\u00f8kelsen har kostet myndighetene, eller rettere sagt landets skattebetalere, 373 millioner Australske dollar, men blir av regjeringen sett p\u00e5 som en helt n\u00f8dvendig utgift i et fors\u00f8k p\u00e5 \u00e5 stanse de katolske prestenes systematiske \u00f8deleggelse av australske barn. Myndighetene sitter med mye dokumentasjon p\u00e5 at kirkens ledere ikke tok aff\u00e6re for \u00e5 stanse disse forbrytelsene, til tross for massiv dokumentasjon om hva om fant sted.<\/p>\n<p>De mest grusomme overgrepene, b\u00e5de i grad og volum, har faktisk funnet sted i omr\u00e5det til, nettopp kardinal George Pell, som n\u00e5 har ankommet fra Roma for \u00e5 svare anklagemyndighetene p\u00e5 beskyldninger som er rettet mot ham helt personlig.<\/p>\n<p><strong>I byen Ballarat, som ligger i distriktet hvor kardinal Pell hadde et administrativt ansvar, avsl\u00f8rte politiet en pedofil klubb ved en av de lokale katolske skolene, og har dokumentert at s\u00e5 mange som 30 av ofrene har beg\u00e5tt selvmord.<\/strong> Det er ogs\u00e5 p\u00e5vist at kardinal Pell har ignorert en mengde rapporter som ble sendt ham mens han var kirkens \u00f8verste talsperson p\u00e5 stedet.<\/p>\n<p>Mange av prestene har skriftet til andre av sine kolleger, i et fors\u00f8k p\u00e5 \u00e5 motta tilgivelse fra Gud, og myndighetene \u00f8ver n\u00e5 press p\u00e5 alle prester som har h\u00f8rt slike bekjennelser om \u00e5 rapportere informasjonen til politiet. \u00c5 r\u00f8pe for andre hva som er sagt i et skriftem\u00e5l, er regnet som en av kirkens mest alvorlige synder og vil automatisk medf\u00f8re avskjedigelse. Likevel hevder mange at det er en langt verre synd \u00e5 unng\u00e5 \u00e5 stoppe de pedofile overgriperne for \u00e5 hindre at de \u00f8delegger flere barn.<\/p>\n<div id=\"attachment_1097\" style=\"width: 164px\" class=\"wp-caption alignleft\"><a href=\"http:\/\/www.mensviventer.com\/wordpress\/wp-content\/uploads\/2018\/03\/220px-Julia_Gillard_2010.jpg\"><img aria-describedby=\"caption-attachment-1097\" decoding=\"async\" loading=\"lazy\" class=\" wp-image-1097 \" alt=\"Australias forrige statsminister Julia Gillard, som nedsatte denne kommisjonen, har m\u00f8tt stor motstand fra den katolske kirke.\" src=\"http:\/\/www.mensviventer.com\/wordpress\/wp-content\/uploads\/2018\/03\/220px-Julia_Gillard_2010.jpg\" width=\"154\" height=\"197\" \/><\/a><p id=\"caption-attachment-1097\" class=\"wp-caption-text\">Australias forrige statsminister Julia Gillard, som nedsatte denne kommisjonen, har m\u00f8tt stor motstand fra den katolske kirke.<\/p><\/div>\n<p>Det er ogs\u00e5 kommet en rekke krav fra den australske befolkning, inklusivt medlemmer av den katolske kirken, om at prestenes p\u00e5tvungne s\u00f8libat m\u00e5 avskaffes. Andre hevder at et slikt vedtak aldeles ikke vil hindre nye overgrep, siden pedofile trekk og handlinger aldeles ikke kommer av om man kan gifte seg eller ikke. Erkebiskop Hart hevder imidlertid at han ser store verdier i \u00e5 nekte prestene \u00e5 gifte seg, men hans synspunkter blir ikke satt pris p\u00e5 av alle.<\/p>\n<p>Landets forrige statsminister, Julia Gillard, som opprinnelig tok initiativet til at unders\u00f8kelseskommisjonen skulle opprettes, forteller at flere tidligere fors\u00f8k p\u00e5 \u00e5 granske overgrepene, m\u00f8tte massiv motstand fra kirken, selv om det var mange varslere som informerte om problemet. Hun rapporterte ogs\u00e5 at flere og flere australiere n\u00e5 er rasende p\u00e5 kirken, p\u00e5 grunn av at den s\u00e5 systematisk har fors\u00f8kt \u00e5 skjule, benekte og dekke over overgrepene. Hun sier at befolkningens holdning til dette kirkesamfunnet n\u00e5 er permanent endret.<\/p>\n<p>JB<\/p>\n","protected":false},"excerpt":{"rendered":"<p>Kardinal George Pell anklaget for overgrep Mens denne rapporten skrives, er en av pavens n\u00e6rmeste r\u00e5dgivere, 76 \u00e5r gamle kardinal George Pell, tilbake i Australia for \u00e5 m\u00f8te anklager om seksuelle overgrep. Han er hittil den h\u00f8yest rangerende katolske embetsperson som m\u00e5 m\u00f8te i retten for slike anklager. En statlig kommisjon som i lengre tid [&hellip;]<\/p>\n","protected":false},"author":1,"featured_media":0,"comment_status":"open","ping_status":"open","sticky":false,"template":"","format":"standard","meta":[],"categories":[2],"tags":[498,502,499,505,497,504,299,298,500,503,501],"_links":{"self":[{"href":"https:\/\/www.mensviventer.com\/index.php?rest_route=\/wp\/v2\/posts\/1093"}],"collection":[{"href":"https:\/\/www.mensviventer.com\/index.php?rest_route=\/wp\/v2\/posts"}],"about":[{"href":"https:\/\/www.mensviventer.com\/index.php?rest_route=\/wp\/v2\/types\/post"}],"author":[{"embeddable":true,"href":"https:\/\/www.mensviventer.com\/index.php?rest_route=\/wp\/v2\/users\/1"}],"replies":[{"embeddable":true,"href":"https:\/\/www.mensviventer.com\/index.php?rest_route=%2Fwp%2Fv2%2Fcomments&post=1093"}],"version-history":[{"count":2,"href":"https:\/\/www.mensviventer.com\/index.php?rest_route=\/wp\/v2\/posts\/1093\/revisions"}],"predecessor-version":[{"id":1099,"href":"https:\/\/www.mensviventer.com\/index.php?rest_route=\/wp\/v2\/posts\/1093\/revisions\/1099"}],"wp:attachment":[{"href":"https:\/\/www.mensviventer.com\/index.php?rest_route=%2Fwp%2Fv2%2Fmedia&parent=1093"}],"wp:term":[{"taxonomy":"category","embeddable":true,"href":"https:\/\/www.mensviventer.com\/index.php?rest_route=%2Fwp%2Fv2%2Fcategories&post=1093"},{"taxonomy":"post_tag","embeddable":true,"href":"https:\/\/www.mensviventer.com\/index.php?rest_route=%2Fwp%2Fv2%2Ftags&post=1093"}],"curies":[{"name":"wp","href":"https:\/\/api.w.org\/{rel}","templated":true}]}}