{"id":1060,"date":"2018-02-25T21:53:02","date_gmt":"2018-02-25T20:53:02","guid":{"rendered":"http:\/\/www.mensviventer.com\/?p=1060"},"modified":"2018-02-25T21:59:29","modified_gmt":"2018-02-25T20:59:29","slug":"de-forste-kristnes-landflyktighet","status":"publish","type":"post","link":"https:\/\/www.mensviventer.com\/?p=1060","title":{"rendered":"De f\u00f8rste kristnes landflyktighet"},"content":{"rendered":"<p align=\"center\"><strong>Den skjulte kirkehistorien \u2013 del 3<\/strong><\/p>\n<p>Omtrent alle de f\u00f8rste kristne var av j\u00f8disk avstamming. B\u00e5de Jesus og apostlene var j\u00f8der og det st\u00e5r at de til \u00e5 begynne med, f\u00f8rst og fremst vant sine egne. \u00ab<i>De talte ikke Ordet til andre enn j\u00f8der<\/i>\u00bb, Ap.gj. 11:19. Vi m\u00e5 tro at denne evangeliske aktiviteten var rettet mot j\u00f8der som enda ikke hadde forst\u00e5tt at Jesus faktisk var den Messias det j\u00f8diske folket hadde ventet p\u00e5.\u00a0\u00a0\u00a0\u00a0\u00a0\u00a0\u00a0\u00a0\u00a0\u00a0\u00a0\u00a0\u00a0\u00a0\u00a0\u00a0\u00a0\u00a0\u00a0\u00a0\u00a0\u00a0\u00a0\u00a0\u00a0\u00a0\u00a0\u00a0\u00a0\u00a0\u00a0 \u00a0\u00a0\u00a0\u00a0\u00a0\u00a0\u00a0\u00a0\u00a0\u00a0\u00a0\u00a0\u00a0\u00a0\u00a0\u00a0\u00a0\u00a0\u00a0\u00a0\u00a0\u00a0\u00a0\u00a0\u00a0\u00a0\u00a0\u00a0\u00a0\u00a0\u00a0\u00a0\u00a0\u00a0\u00a0\u00a0\u00a0\u00a0\u00a0\u00a0\u00a0\u00a0\u00a0\u00a0\u00a0\u00a0\u00a0\u00a0\u00a0\u00a0\u00a0\u00a0\u00a0\u00a0\u00a0\u00a0\u00a0\u00a0\u00a0\u00a0\u00a0\u00a0\u00a0\u00a0\u00a0\u00a0\u00a0\u00a0\u00a0\u00a0\u00a0\u00a0\u00a0\u00a0\u00a0\u00a0\u00a0\u00a0\u00a0\u00a0\u00a0\u00a0\u00a0\u00a0\u00a0\u00a0\u00a0\u00a0\u00a0\u00a0\u00a0\u00a0\u00a0\u00a0\u00a0\u00a0\u00a0\u00a0\u00a0\u00a0\u00a0\u00a0\u00a0\u00a0\u00a0\u00a0\u00a0\u00a0\u00a0\u00a0\u00a0\u00a0\u00a0\u00a0\u00a0\u00a0\u00a0\u00a0\u00a0\u00a0\u00a0\u00a0\u00a0\u00a0\u00a0\u00a0\u00a0\u00a0\u00a0\u00a0\u00a0\u00a0\u00a0\u00a0\u00a0\u00a0\u00a0\u00a0\u00a0\u00a0\u00a0\u00a0\u00a0\u00a0\u00a0\u00a0\u00a0\u00a0\u00a0\u00a0\u00a0\u00a0\u00a0\u00a0\u00a0\u00a0\u00a0\u00a0\u00a0\u00a0\u00a0\u00a0\u00a0\u00a0 Vi s\u00e5 i det f\u00f8rste innlegget, at de messiastroende j\u00f8dene, p\u00e5 grunn av forf\u00f8lgelsen fra det j\u00f8diske presteskapet, ble spredt utover bygdene i Judea og Samaria. Videre rapporteres det i Apostlenes gjerninger, at mange av dem reiste videre til de syriske omr\u00e5dene. De f\u00f8rste stedene som dro nytte av denne migrasjonen, var den delen av Palestina som l\u00e5 \u00f8st for Jordan, kalt Decapolis, som betyr \u00abti byer\u00bb, hvorav Pella var en av dem.<\/p>\n<div id=\"attachment_1061\" style=\"width: 281px\" class=\"wp-caption alignleft\"><a href=\"http:\/\/www.mensviventer.com\/wordpress\/wp-content\/uploads\/2018\/02\/Antioch.jpg\"><img aria-describedby=\"caption-attachment-1061\" decoding=\"async\" loading=\"lazy\" class=\"size-medium wp-image-1061\" alt=\"Antiokia ble det nye hovedkvarteret etter Jerusalems \u00f8deleggelse, men mange byer i omr\u00e5det s\u00f8r, \u00f8st og nord for byen ble kristne menigheter etablert. Det finnes mange ruiner etter dem i dag.\" src=\"http:\/\/www.mensviventer.com\/wordpress\/wp-content\/uploads\/2018\/02\/Antioch-271x300.jpg\" width=\"271\" height=\"300\" srcset=\"https:\/\/www.mensviventer.com\/wordpress\/wp-content\/uploads\/2018\/02\/Antioch-271x300.jpg 271w, https:\/\/www.mensviventer.com\/wordpress\/wp-content\/uploads\/2018\/02\/Antioch.jpg 441w\" sizes=\"(max-width: 271px) 100vw, 271px\" \/><\/a><p id=\"caption-attachment-1061\" class=\"wp-caption-text\">Antiokia ble det nye hovedkvarteret etter Jerusalems \u00f8deleggelse, men mange byer i omr\u00e5det s\u00f8r, \u00f8st og nord for byen ble kristne menigheter etablert. Det finnes mange ruiner etter dem i dag.<\/p><\/div>\n<p>Videre kan vi lese at mange av de messiastroende, \u00ab<i>som var spredt p\u00e5 grunn av den trengsel som oppsto i forbindelse med Stefanus, dro omkring like til F\u00f8nikia, Kypros og Antiokia\u00bb<\/i>, Ap.gj. 11:19. De reiste s\u00e5 visst ikke bare for \u00e5 unnslippe forf\u00f8lgelse, siden de i disse nye omr\u00e5dene tydeligvis forkynte aposteenes tro og l\u00e6re p\u00e5 en meget aktiv m\u00e5te. Det rapporteres ogs\u00e5 at resultatet av denne vitnetjenesten i Antiokia, var at \u00ab<i>et stort antall<\/i> (j\u00f8der) <i>kom til troen og omvendte seg<\/i>\u00bb, vers 21. Det st\u00e5r ogs\u00e5 at apostelen Barnabas forkynte i Antiokia \u00ab<i>og en stor skare ble vunnet for Herren<\/i>\u00bb, vers 24.<\/p>\n<p><b>Menighetens vekst.<\/b><\/p>\n<p>Historien forteller at det allerede var titusener av j\u00f8der som bodde i disse omr\u00e5dene i Syria, og de hadde fra lenge f\u00f8r Jesu tid utgjort en stor prosent av innbyggerne i landet. N\u00e5r Barnabas s\u00e5 hvor mange av de fastboende j\u00f8dene i Antiokiaomr\u00e5det som aksepterte Jesu og apostlenes l\u00e6re, dro han til Tarsus for \u00e5 hente Saulus (Paulus) og tok han med seg til Antiokia. Et helt \u00e5r var disse to evangelistene sammen med menigheten der, \u00ab<i>og de l\u00e6rte en stor skare<\/i>\u00bb, Ap.gj. 11:26.<\/p>\n<p>N\u00e5 begynner det uten tvil \u00e5 bli dimensjoner p\u00e5 denne menigheten. Historien forteller at allerede f\u00f8r romerne \u00f8dela Jerusalem i \u00e5r 70, bodde det sv\u00e6rt mange j\u00f8der i dette omr\u00e5de. Det fortelles at alle de messianske j\u00f8dene som enda var i Jerusalem, som respons til Jesu tidligere oppfordring, flyktet fra byen f\u00f8r \u00f8deleggelsen, og at ikke en eneste en av dem omkom. J\u00f8dene som ikke fulgte Jesu r\u00e5d, kanskje fordi de ikke aksepterte at han var deres Messias, og derfor heller ikke flyktet fra byen n\u00e5r Gud ga dem en anledning til det, ble omtrent alle drept av romerne.<\/p>\n<p>Det ansl\u00e5s at mellom 70.000 til 90.000 kristne j\u00f8der flyktet \u00f8stover fra Palestina p\u00e5 denne tiden, og at de utgjorde begynnelsen til \u00d8stkirkens (ikke ortodokse) mange hundre \u00e5r lange og enest\u00e5ende misjonsbragder i mange land. Vi m\u00f8ter her begynnelsen til den alternative, men glemte eller rettere sagt skjulte kirkehistorien, med utgangspunkt i Antiokia i Syria.<\/p>\n<div id=\"attachment_1063\" style=\"width: 310px\" class=\"wp-caption alignright\"><a href=\"http:\/\/www.mensviventer.com\/wordpress\/wp-content\/uploads\/2018\/02\/davidRoberts1850.jpg\"><img aria-describedby=\"caption-attachment-1063\" decoding=\"async\" loading=\"lazy\" class=\"size-medium wp-image-1063\" alt=\"Jerusalems \u00f8deleggelse. Tegning av David Roberts 1850\" src=\"http:\/\/www.mensviventer.com\/wordpress\/wp-content\/uploads\/2018\/02\/davidRoberts1850-300x187.jpg\" width=\"300\" height=\"187\" srcset=\"https:\/\/www.mensviventer.com\/wordpress\/wp-content\/uploads\/2018\/02\/davidRoberts1850-300x187.jpg 300w, https:\/\/www.mensviventer.com\/wordpress\/wp-content\/uploads\/2018\/02\/davidRoberts1850.jpg 640w\" sizes=\"(max-width: 300px) 100vw, 300px\" \/><\/a><p id=\"caption-attachment-1063\" class=\"wp-caption-text\">Jerusalems \u00f8deleggelse. Tegning av David Roberts 1850<\/p><\/div>\n<p>Det er lett \u00e5 forst\u00e5 at Jerusalems \u00f8deleggelse representerte en voldsom ideologisk krise for j\u00f8dene som allerede levde i de syriske byene. Mange av dem pleide \u00e5 reise til Jerusalem for de spesielle h\u00f8ytidene. De m\u00e5 ha blitt sjokkerte av denne hendelsen, og p\u00e5 grunn av det, begynte de \u00e5 lytte til budskapet om Messias og evangeliet som de nyankomne Jesustroende j\u00f8dene forkynte, og resultatet var at store mengder av dem aksepterte Kristus som sin Messias.<\/p>\n<p>Vi skal etter hvert f\u00e5 dokumentert at det var disse kristne som utgj\u00f8r bindeleddet mellom apostelmenigheten i Jerusalem og de sanntro kristne som i \u00e5rhundrene etter, fortsatte \u00e5 forkynne Jesu sanne evangelium. For at v\u00e5re lesere ikke skal misforst\u00e5, omtaler vi ikke her den senere politisk styrte \u00d8st-ortodokse kirken, som mange grupper av troende som til alle tider, i hver generasjon og i alle \u00e5rhundrer, i mange land, var det sanntro kristne som holdt seg urokkelig til Jesu og apostlenes l\u00e6re. Det var i Syria de f\u00f8rst ble samlet etter at Antiokia ble apostelmenighetens nye hovedkvarter og fra dette omr\u00e5det, som vi skal se i denne temaserien, spredte de seg etter hvert til hele verden. I l\u00f8pet av hele denne tiden, ble de ogs\u00e5 av den store politiske kirkemakten, som hadde Roma som hovedsete, definert \u00e5 v\u00e6re kjettere som m\u00e5tte forf\u00f8lges og aller helst utryddes. N\u00e5r pavekirken til slutt etablerte inkvisisjonen for \u00e5 knuse kristne som holdt seg til ur-menighetens tro, ble hundretusener av bibeltro kristne grusomt torturert drept. Ud\u00e5den ble utf\u00f8rt i samarbeid med politiske myndigheter, men det var presteskapet og pavene i den romersk katolske kirke som definerte hvem som fortjente \u00e5 bli myrdet. (Fortsettelse i del 4)<\/p>\n<p><b>\u00a0<\/b><\/p>\n<p><b>Et tilbud.\u00a0\u00a0\u00a0\u00a0\u00a0\u00a0\u00a0\u00a0\u00a0\u00a0\u00a0\u00a0\u00a0\u00a0\u00a0\u00a0\u00a0\u00a0\u00a0\u00a0\u00a0\u00a0\u00a0\u00a0\u00a0\u00a0\u00a0\u00a0\u00a0\u00a0\u00a0\u00a0\u00a0\u00a0\u00a0\u00a0\u00a0\u00a0\u00a0\u00a0\u00a0\u00a0\u00a0\u00a0\u00a0\u00a0\u00a0\u00a0\u00a0\u00a0\u00a0\u00a0\u00a0\u00a0\u00a0\u00a0\u00a0\u00a0\u00a0\u00a0\u00a0\u00a0\u00a0\u00a0\u00a0\u00a0\u00a0\u00a0\u00a0\u00a0\u00a0\u00a0\u00a0\u00a0\u00a0\u00a0\u00a0\u00a0\u00a0\u00a0\u00a0\u00a0\u00a0\u00a0\u00a0\u00a0\u00a0\u00a0\u00a0\u00a0\u00a0\u00a0\u00a0\u00a0\u00a0\u00a0\u00a0\u00a0\u00a0\u00a0\u00a0\u00a0\u00a0\u00a0\u00a0\u00a0\u00a0\u00a0\u00a0\u00a0\u00a0\u00a0\u00a0\u00a0\u00a0\u00a0\u00a0\u00a0\u00a0\u00a0\u00a0\u00a0\u00a0\u00a0\u00a0\u00a0\u00a0\u00a0\u00a0\u00a0\u00a0\u00a0\u00a0\u00a0\u00a0\u00a0\u00a0\u00a0\u00a0\u00a0\u00a0\u00a0\u00a0\u00a0\u00a0 <\/b>De mange kildehenvisningene til p\u00e5stander og sitater som er inkludert i artiklene i denne temaserien, er av plasshensyn ikke inkludert her, men vi \u00f8nsker \u00e5 gj\u00f8re dem <a href=\"http:\/\/www.mensviventer.com\/wordpress\/wp-content\/uploads\/2018\/02\/SSBok2.png\"><img decoding=\"async\" loading=\"lazy\" class=\"wp-image-1062 alignleft\" alt=\"SSBok2\" src=\"http:\/\/www.mensviventer.com\/wordpress\/wp-content\/uploads\/2018\/02\/SSBok2-212x300.png\" width=\"117\" height=\"166\" srcset=\"https:\/\/www.mensviventer.com\/wordpress\/wp-content\/uploads\/2018\/02\/SSBok2-212x300.png 212w, https:\/\/www.mensviventer.com\/wordpress\/wp-content\/uploads\/2018\/02\/SSBok2.png 602w\" sizes=\"(max-width: 117px) 100vw, 117px\" \/><\/a>tilgjengelige for v\u00e5re lesere i en gratis bok p\u00e5 480 sider. Bokas tittel er: \u00abSannhetens Seier\u00bb, og er en rikt illustrert helt fersk norsk oversettelse av Dr. Benjamin George Wilkinsons monumentale verk \u00abTruth Triumphant\u00bb. Denne boka inkluderer nesten 1000 kildehenvisninger, inklusivt alle henvisningene som h\u00f8rer med i artiklene i denne serien. Boka inneholder en detaljert beskrivelse av \u00abMenigheten i \u00f8demarken\u00bb, fra apostlenes tid til reformasjonen og videre til dagens situasjon. Du vil finne beskrivelser og dokumentasjon om Guds sanne bibeltro folk i hver generasjon i en rekke land ned gjennom historien. Boka tilbys gratis og fritt tilsendt. Skriv navn og adresse under \u00abLeave a Reply\u00bb nederst p\u00e5 siden og be om \u00e5 f\u00e5 boka tilsendt.<\/p>\n","protected":false},"excerpt":{"rendered":"<p>Den skjulte kirkehistorien \u2013 del 3 Omtrent alle de f\u00f8rste kristne var av j\u00f8disk avstamming. B\u00e5de Jesus og apostlene var j\u00f8der og det st\u00e5r at de til \u00e5 begynne med, f\u00f8rst og fremst vant sine egne. \u00abDe talte ikke Ordet til andre enn j\u00f8der\u00bb, Ap.gj. 11:19. Vi m\u00e5 tro at denne evangeliske aktiviteten var rettet [&hellip;]<\/p>\n","protected":false},"author":1,"featured_media":0,"comment_status":"open","ping_status":"open","sticky":false,"template":"","format":"standard","meta":[],"categories":[1,12],"tags":[483,470,484,477,481,928,482],"_links":{"self":[{"href":"https:\/\/www.mensviventer.com\/index.php?rest_route=\/wp\/v2\/posts\/1060"}],"collection":[{"href":"https:\/\/www.mensviventer.com\/index.php?rest_route=\/wp\/v2\/posts"}],"about":[{"href":"https:\/\/www.mensviventer.com\/index.php?rest_route=\/wp\/v2\/types\/post"}],"author":[{"embeddable":true,"href":"https:\/\/www.mensviventer.com\/index.php?rest_route=\/wp\/v2\/users\/1"}],"replies":[{"embeddable":true,"href":"https:\/\/www.mensviventer.com\/index.php?rest_route=%2Fwp%2Fv2%2Fcomments&post=1060"}],"version-history":[{"count":3,"href":"https:\/\/www.mensviventer.com\/index.php?rest_route=\/wp\/v2\/posts\/1060\/revisions"}],"predecessor-version":[{"id":1066,"href":"https:\/\/www.mensviventer.com\/index.php?rest_route=\/wp\/v2\/posts\/1060\/revisions\/1066"}],"wp:attachment":[{"href":"https:\/\/www.mensviventer.com\/index.php?rest_route=%2Fwp%2Fv2%2Fmedia&parent=1060"}],"wp:term":[{"taxonomy":"category","embeddable":true,"href":"https:\/\/www.mensviventer.com\/index.php?rest_route=%2Fwp%2Fv2%2Fcategories&post=1060"},{"taxonomy":"post_tag","embeddable":true,"href":"https:\/\/www.mensviventer.com\/index.php?rest_route=%2Fwp%2Fv2%2Ftags&post=1060"}],"curies":[{"name":"wp","href":"https:\/\/api.w.org\/{rel}","templated":true}]}}