{"id":1039,"date":"2018-02-06T18:34:03","date_gmt":"2018-02-06T17:34:03","guid":{"rendered":"http:\/\/www.mensviventer.com\/?p=1039"},"modified":"2018-02-09T15:33:38","modified_gmt":"2018-02-09T14:33:38","slug":"pavekirkens-innflytelse-i-polen-nye-sondagslover-og-forbud-mot-a-nevne-holocaust","status":"publish","type":"post","link":"https:\/\/www.mensviventer.com\/?p=1039","title":{"rendered":"Pavekirkens innflytelse i Polen: Nye s\u00f8ndagslover og forbud mot \u00e5 nevne Holocaust"},"content":{"rendered":"<p><strong>Det har v\u00e6rt kommunisert bekymring i mange kretser p\u00e5 grunn av den katolske kirkes voksende dominans i Polen. Ikke minst har landets nylige skjerping av s\u00f8ndagslover vakt oppmerksomhet. Tale- og handlefrihet synes \u00e5 m\u00e5tte vike til fordel for restriksjoner som alle kan se fremmer pavekirkens interesser. Den katolske kirkens tunge engasjement p\u00e5 nazi-siden under siste verdenskrig, er kjent historie.<\/strong><\/p>\n<div id=\"attachment_1041\" style=\"width: 310px\" class=\"wp-caption alignright\"><a href=\"http:\/\/www.mensviventer.com\/wordpress\/wp-content\/uploads\/2018\/02\/Andrzej-Duda.jpg\"><img aria-describedby=\"caption-attachment-1041\" decoding=\"async\" loading=\"lazy\" class=\"size-medium wp-image-1041\" alt=\"Andrzej Duda\" src=\"http:\/\/www.mensviventer.com\/wordpress\/wp-content\/uploads\/2018\/02\/Andrzej-Duda-300x168.jpg\" width=\"300\" height=\"168\" srcset=\"https:\/\/www.mensviventer.com\/wordpress\/wp-content\/uploads\/2018\/02\/Andrzej-Duda-300x168.jpg 300w, https:\/\/www.mensviventer.com\/wordpress\/wp-content\/uploads\/2018\/02\/Andrzej-Duda.jpg 320w\" sizes=\"(max-width: 300px) 100vw, 300px\" \/><\/a><p id=\"caption-attachment-1041\" class=\"wp-caption-text\">Andrzej Duda<\/p><\/div>\n<p>Med disse observasjonene som bakteppe, ser mange med uro p\u00e5 en ny lov som Polens president Andrzej Duda signerte tirsdag 6. februar. Loven gj\u00f8r det mulig \u00e5 straffe med fengsel enhver som nevner drapene p\u00e5 j\u00f8der i Polen under siste verdenskrig. Spesielt blir det p\u00e5pekt at enhver indikasjon om at polske myndigheter eller polske nazister var involvert, vil bli sl\u00e5tt hardt ned p\u00e5.<\/p>\n<p>I dages Tyskland medf\u00f8rer det anmeldelse og automatisk fengselsstraff offentlig for \u00e5 benekte utryddelsen av j\u00f8der i gasskamrene under andre verdenskrig. Dette landets vilje til \u00e5 forholde seg \u00e6rlig og objektivt til egen historie, er \u00e5 applaudere, ikke minst for \u00e5 sikre at framtiden ikke glemmer. Polen synes \u00e5 bevege seg i stikk motsatt retning.<\/p>\n<p>President Andrzej Duda begrunner loven med n\u00f8dvendigheten av \u00e5 bevare landets aktelse og historiske etterm\u00e6le. Polens h\u00f8yredominerte regjering hevder at det er n\u00f8dvendig \u00e5 beskytte ryktet til landets borgere og signalisere at Polen var et offer for nazismen, ikke deltaker i den.<\/p>\n<p>Som forventet er det kommet kraftige reaksjoner til den nye loven fra b\u00e5de Israel og USA. Representanter for de Israelske myndighetene hevder at loven knebler talefriheten og legger et lokk over sannheten at mange polakker var aktive p\u00e5 naziregimes side og deltok i krigsforbrytelser mot slutten av krigen. Kilder i Israel p\u00e5st\u00e5r ogs\u00e5 at denne loven er med til \u00e5 fremme antisemittisme.<\/p>\n<div id=\"attachment_1040\" style=\"width: 210px\" class=\"wp-caption alignleft\"><a href=\"http:\/\/www.mensviventer.com\/wordpress\/wp-content\/uploads\/2018\/02\/auschwitz.jpg\"><img aria-describedby=\"caption-attachment-1040\" decoding=\"async\" loading=\"lazy\" class=\"size-full wp-image-1040\" alt=\"Konsentrasjonsleiren Auschwitz, n\u00e6r den polske byen O\u015bwi\u0119cim\" src=\"http:\/\/www.mensviventer.com\/wordpress\/wp-content\/uploads\/2018\/02\/auschwitz.jpg\" width=\"200\" height=\"126\" \/><\/a><p id=\"caption-attachment-1040\" class=\"wp-caption-text\">Konsentrasjonsleiren Auschwitz, n\u00e6r den polske byen O\u015bwi\u0119cim<\/p><\/div>\n<p>Det er kjent at mer enn tre millioner av Polens 3,2 millioner j\u00f8der ble drept av nazistene under krigen, et tall som utgj\u00f8r ca. halvparten av alle j\u00f8der som ble myrdet i Auschwitz, Treblinka, Belzec and Sobibor.<\/p>\n<p>Den nye loven presiserer opp til 3 \u00e5rs fengsel for \u00e5 si ordene \u00abpolske d\u00f8dsleirer\u00bb, (konsentrasjonsleirer), eller \u00e5 hevde at det polske statsapparatet p\u00e5 noen m\u00e5te var delaktige i nazistenes forbrytelser.<\/p>\n<p>Den Israelske utdanningsministeren Naftali Bennett (Bayit Yehudi partiet) skrev dagen f\u00f8r loven ble signert, at det var en \u00e6re for ham at Polen kansellerte hans planlagte bes\u00f8k til Warsawa denne uken, p\u00e5 grunn av at han ford\u00f8mte den nye loven. Han skrev ogs\u00e5 at \u00abblodet av polske j\u00f8der roper fra polsk jord og ingen lov kan hindre at ropene blir h\u00f8rt ogs\u00e5 i framtiden\u00bb.<\/p>\n<p>Det h\u00f8rer med til denne historien at 1.9 millioner ikke-j\u00f8der fra Polen ogs\u00e5 ble drept under den andre verdenskrig. Mange kritikere av loven hevder at \u00e5 gj\u00f8re omtale av konsentrasjonsleirene ulovlig, ogs\u00e5 blir et signal om taushet om Polens mange ofre for nazistenes grusomheter.<\/p>\n<p>Det var forventet at polske j\u00f8der som unnslapp eller overlevde Holocaust ville markere sin protest mot den nye loven. I en demonstrasjon utenfor Polens ambassade i Tel Aviv, fredag 8. februar, ropte mange overlevende fra d\u00f8dsleirene slagord mot den polske president Duda og hans rasistiske lov. \u00abDere burde skjemmes\u00bb, var budskapet fra en eldre mann. \u00abJeg overlevde Auschwitz og gr\u00e5ter hver natt av psykisk smerte p\u00e5 grunn av det jeg opplevde\u00bb. En av de andre demonstrantene bar en plakat med budskapet: \u00abIngen lov kan hviske ut historien\u00bb. En annen hadde teksten: \u00abPolakker, vi husker hva dere gjorde\u00bb.<\/p>\n<p>Protesten utenfor Polens ambassade var organisert av Ya Ezer La-Haver organisasjonen, som blant annet eier et pleiehjem i Haifa for overlevende fra d\u00f8dsleirene i Polen.<\/p>\n<p>I et intervju med Jerusalem post, sa en av de overlevende: \u00abVi har mye dokumentasjon p\u00e5 at polakker samarbeidet med nazistene, men det er noe som er enda verre. Da krigen var slutt og mange j\u00f8der kom fram fra sine hjemmesteder hvor de hadde klart \u00e5 skjule seg, var det polakker, ikke tyskere, som myrdet dem. Den polske regjering burde heller betale erstatning til de f\u00e5 som fremdeles er i live\u00bb, var budskapet, \u00abi stedet for \u00e5 lage en lov som gj\u00f8r det straffbart \u00e5 snakke om en historisk virkelighet\u00bb.<\/p>\n<p>JB<\/p>\n<p>&nbsp;<\/p>\n","protected":false},"excerpt":{"rendered":"<p>Det har v\u00e6rt kommunisert bekymring i mange kretser p\u00e5 grunn av den katolske kirkes voksende dominans i Polen. Ikke minst har landets nylige skjerping av s\u00f8ndagslover vakt oppmerksomhet. Tale- og handlefrihet synes \u00e5 m\u00e5tte vike til fordel for restriksjoner som alle kan se fremmer pavekirkens interesser. Den katolske kirkens tunge engasjement p\u00e5 nazi-siden under siste [&hellip;]<\/p>\n","protected":false},"author":1,"featured_media":0,"comment_status":"open","ping_status":"open","sticky":false,"template":"","format":"standard","meta":[],"categories":[2],"tags":[463,460,465,466,464,461,462],"_links":{"self":[{"href":"https:\/\/www.mensviventer.com\/index.php?rest_route=\/wp\/v2\/posts\/1039"}],"collection":[{"href":"https:\/\/www.mensviventer.com\/index.php?rest_route=\/wp\/v2\/posts"}],"about":[{"href":"https:\/\/www.mensviventer.com\/index.php?rest_route=\/wp\/v2\/types\/post"}],"author":[{"embeddable":true,"href":"https:\/\/www.mensviventer.com\/index.php?rest_route=\/wp\/v2\/users\/1"}],"replies":[{"embeddable":true,"href":"https:\/\/www.mensviventer.com\/index.php?rest_route=%2Fwp%2Fv2%2Fcomments&post=1039"}],"version-history":[{"count":3,"href":"https:\/\/www.mensviventer.com\/index.php?rest_route=\/wp\/v2\/posts\/1039\/revisions"}],"predecessor-version":[{"id":1044,"href":"https:\/\/www.mensviventer.com\/index.php?rest_route=\/wp\/v2\/posts\/1039\/revisions\/1044"}],"wp:attachment":[{"href":"https:\/\/www.mensviventer.com\/index.php?rest_route=%2Fwp%2Fv2%2Fmedia&parent=1039"}],"wp:term":[{"taxonomy":"category","embeddable":true,"href":"https:\/\/www.mensviventer.com\/index.php?rest_route=%2Fwp%2Fv2%2Fcategories&post=1039"},{"taxonomy":"post_tag","embeddable":true,"href":"https:\/\/www.mensviventer.com\/index.php?rest_route=%2Fwp%2Fv2%2Ftags&post=1039"}],"curies":[{"name":"wp","href":"https:\/\/api.w.org\/{rel}","templated":true}]}}