{"id":1004,"date":"2018-01-24T14:14:37","date_gmt":"2018-01-24T13:14:37","guid":{"rendered":"http:\/\/www.mensviventer.com\/?p=1004"},"modified":"2018-01-24T14:14:37","modified_gmt":"2018-01-24T13:14:37","slug":"ideologisk-varsling","status":"publish","type":"post","link":"https:\/\/www.mensviventer.com\/?p=1004","title":{"rendered":"Ideologisk varsling"},"content":{"rendered":"<p><strong>Det er etter hvert blitt mange tilfeller av varsling som omtales i media. Det spenner fra \u00abMeetoo\u00bb til p\u00e5peking av interne arbeidsforhold i bedrifter, etater eller organisasjoner. Hvis vold, overgrep eller \u00f8konomisk utnyttelse er tema, har som regel varslere lett adgang til offentligheten og vil ofte m\u00f8te st\u00f8tte og faglig assistanse.<\/strong><\/p>\n<p><strong>Norske myndighetene har utarbeidet en rekke prosedyrer for berettiget varsling av kritikkverdige forhold. Det presiseres i regelverket at slik varsling ikke bare er lovlig men \u00f8nsket, og at den skal m\u00f8tes av det som kalles et \u00ab<i>godt og fungerende ytringsfrihetsklima<\/i>\u00bb. Myndighetene har ogs\u00e5 utarbeidet klare retningslinjer for vern mot gjengjeldelse og trakasserende mot-ytringer.<\/strong><\/p>\n<p>Med konseptet berettiget \u00abideologisk varsling\u00bb, menes det \u00e5 p\u00e5peke svik, usannhet, uakseptable holdninger og gale prioriteringer, som bryter med hensikten, oppgavene eller m\u00e5let for et ideologisk tiltak. Dette omr\u00e5det synes hittil \u00e5 befinne seg under radaren for myndighetenes diverse lovbestemmelser.<\/p>\n<p><a href=\"http:\/\/www.mensviventer.com\/wordpress\/wp-content\/uploads\/2018\/01\/nazi.jpg\"><img decoding=\"async\" loading=\"lazy\" class=\"alignright size-full wp-image-1005\" alt=\"nazi\" src=\"http:\/\/www.mensviventer.com\/wordpress\/wp-content\/uploads\/2018\/01\/nazi.jpg\" width=\"299\" height=\"168\" \/><\/a>Som eksempel kan vi tenke oss at en ideologisk organisasjon bekjentgj\u00f8r et form\u00e5l. For illustrasjonens skyld kan vi si at det er en forening som \u00f8nsker \u00e5 v\u00e6re motvekt og opponent til en voksende nazistisk bevegelse. Basert p\u00e5 dette form\u00e5let velges navnet \u00abantinazistisk forening\u00bb eller \u00abforum\u00bb, og det verves medlemmer som sympatiserer med det som er annonsert som organisasjonens hensikt. Tenk deg s\u00e5 at denne organisasjonen p\u00e5 et senere tidspunkt, skaffer seg ledere og talspersoner som begynner \u00e5 forfekte de samme ideene som den opprinnelige organisasjonen s\u00f8kte \u00e5 bekjempe, slik at \u00abnazistisk forum\u00bb, etter denne endringen, ville v\u00e6rt en bedre betegnelse p\u00e5 tiltaket.<\/p>\n<p>Med et slikt senario er det \u00e5 anta at medlemmene eller sympatis\u00f8rene har all grunn til \u00e5 tro at bevegelsen de er tilsluttet, har sveket organisasjonens opprinnelige oppgave. Medlemmene vil naturlig nok ikke f\u00f8le noen forpliktelse til \u00e5 f\u00f8lge den nye ledelsen i de endrede holdningene eller prioriteringene.<\/p>\n<p>Noen vil da komme med den opportune, ugjennomtenkte og lettvinte l\u00f8sningen, at medlemmene som av samvittighetshensyn ikke vil eller kan fortsette \u00e5 v\u00e6re sympatis\u00f8rer med den endrede ideologien, bare burde melde seg ut. Den rette etiske og moralske vurderingen er selvf\u00f8lgelig at organisasjonen tilh\u00f8rer medlemmene som utgj\u00f8r den, ingen andre. Uten medlemmer er det ingen forening, bare et navn. Disse medlemmene fortsetter \u00e5 ha som form\u00e5l det som var det opprinnelige og kommuniserte ideologiske innholdet. Medlemmene som ikke f\u00f8lger de nye lederne i den justerte ideologien, fortsetter \u00e5 prioritere, arbeide for, \u00f8nske og fokusere p\u00e5 det uforandrede form\u00e5let. De m\u00e5 imidlertid forholde seg til at de nye lederne i dette tilfellet har kapret eller stj\u00e5let organisasjonen fra sine medlemmer og gitt den en annen kurs.<\/p>\n<p>I stedet for \u00e5 forlate organisasjonen de \u00f8nsker \u00e5 st\u00f8tte og arbeide for, vil de fortsette \u00e5 tilh\u00f8re bevegelsen de p\u00e5 et tidspunkt valgte \u00e5 bli medlemmer av. Det er uten tvil organisasjonens opprinnelige form\u00e5l, hensikt og ideologi som har deres medlemskap. I dette tenkte tilfellet, er det den nye ledelsen, som har forlatt hensikten og form\u00e5let til den opprinnelige organisasjonen, medlemmene har ikke. Det er derfor de endringsvillige lederne som burde forlate organisasjonen, og eventuelt lansere en ny organisasjon, som har et form\u00e5l samstemt med den endrede ideologien.<\/p>\n<p>I ideologiske tiltak, synes ikke myndighetenes regelverk \u00e5 ha noen praktisk betydning. Medlemmer som varsler om ledersvik mot bevegelsers opprinnelige hensikt, ved at noe helt annet blir s\u00f8kt fremmet enn det som var fundamentet for organisasjonens opprettelse, har ingen av de samme rettigheter som er tilgjengelig i andre foretak.<\/p>\n<p>I en \u00f8kumenisk tid, ser vi at det ene kirkesamfunnet etter det andre, frasier seg prioriteringer, l\u00e6re og trospunkter, som var en plattform i det budskapet de ble lansert eller reist opp for \u00e5 formidle. De selger sin identitet for anerkjennelse og gode relasjoner til systemer som trekker vekk fra det de engang forkynte.<\/p>\n<p>Medlemmer som egentlig ikke har en personlig teologisk overbevisning, men er tilfreds med \u00e5 tilh\u00f8re et kirkesamfunn, hva det enn m\u00e5tte velge \u00e5 forfekte, vil trolig bli med p\u00e5 enhver endring som finner sted. De fungerer som ideologiske v\u00e6rhaner og bevarer si tilh\u00f8righet uavhengig av forkynnelsens innhold.<\/p>\n<p><a href=\"http:\/\/www.mensviventer.com\/wordpress\/wp-content\/uploads\/2018\/01\/pope-francis-urges-worlds-religions-to-unite.jpg\"><img decoding=\"async\" loading=\"lazy\" class=\"alignleft  wp-image-1006\" alt=\"pope-francis-urges-worlds-religions-to-unite\" src=\"http:\/\/www.mensviventer.com\/wordpress\/wp-content\/uploads\/2018\/01\/pope-francis-urges-worlds-religions-to-unite-300x208.jpg\" width=\"263\" height=\"182\" srcset=\"https:\/\/www.mensviventer.com\/wordpress\/wp-content\/uploads\/2018\/01\/pope-francis-urges-worlds-religions-to-unite-300x208.jpg 300w, https:\/\/www.mensviventer.com\/wordpress\/wp-content\/uploads\/2018\/01\/pope-francis-urges-worlds-religions-to-unite.jpg 600w\" sizes=\"(max-width: 263px) 100vw, 263px\" \/><\/a>Den katolske kirkes er opphavet til og eier av den \u00f8kumeniske prosessen. Kirken lanserte denne bevegelsen ene og alene for \u00e5 bringe protestantiske \u00abatskilte br\u00f8dre\u00bb tilbake til \u00abmoderkirken\u00bb. De har gjort et godt stykke arbeid og kan sole seg i resultatet. Det forkynnes i en rekke b\u00e5de protestantiske og katolske fora, at reformasjonen n\u00e5 er avsluttet og avbl\u00e5st.<\/p>\n<p>Paven er n\u00e5 ansett \u00e5 v\u00e6re omtrent alle kristnes hellige far og leder for den globale kristenheten. Protestantiske kirkeledere valfarter til Roma for \u00e5 hente r\u00e5d og kunne hylle han som kalles Jesu Kristi vikar. Alle bibeltekstene som har noe helt annet \u00e5 si om pavekirkens ideologi, struktur og l\u00e6re, er ikke lenger \u00e5 h\u00f8re fra protestantiske talerstoler. N\u00e5r ingen advarer mot \u00e5ndelig forf\u00f8relse, vil ingen v\u00e6re redde for \u00e5 bli forf\u00f8rte.<\/p>\n<p>Resultatet er at det forkynnes en annen Kristus, et annet evangelium og en annen \u00e5nd enn hva Jesus og apostlene l\u00e6rte. Dette leder ogs\u00e5 til forkynnelse av en annen frelse, som ikke lenger er fra syndens skyld og dominans.<\/p>\n<p>Vi etterlyser varslere som p\u00e5 en modig, ydmyk, klar, \u00e5pen og direkte m\u00e5te, p\u00e5peker at ledere og pastorer i deres protestantiske menigheter, ikke lenger protesterer. Vi savner at flere har en s\u00e5 stor kj\u00e6rlighet til sannheten, at de velger \u00e5 v\u00e6re trofaste til det deres eget kirkesamfunn engang forkynte.<\/p>\n<p>B\u00e5de pinsebevegelsen, adventistene, baptistene og metodistene forkynte for noen \u00e5r siden at pavesystemet representerte den frafalne falske ideologiske bevegelsen omtrent halvparten av Jesu Kristi \u00c5penbaring (ogs\u00e5 kalt Johannes \u00e5penbaring) synliggjorde og advarte mot. Ingen av disse kirkesamfunnene vil i dag framvise en lignende kj\u00e6rlighet til Bibelens sannheter. <strong>Hvor ble det av varslerne? \u00a0<\/strong><\/p>\n","protected":false},"excerpt":{"rendered":"<p>Det er etter hvert blitt mange tilfeller av varsling som omtales i media. Det spenner fra \u00abMeetoo\u00bb til p\u00e5peking av interne arbeidsforhold i bedrifter, etater eller organisasjoner. Hvis vold, overgrep eller \u00f8konomisk utnyttelse er tema, har som regel varslere lett adgang til offentligheten og vil ofte m\u00f8te st\u00f8tte og faglig assistanse. Norske myndighetene har utarbeidet [&hellip;]<\/p>\n","protected":false},"author":1,"featured_media":0,"comment_status":"open","ping_status":"open","sticky":false,"template":"","format":"standard","meta":[],"categories":[1,9],"tags":[426,423,425,333,422,424],"_links":{"self":[{"href":"https:\/\/www.mensviventer.com\/index.php?rest_route=\/wp\/v2\/posts\/1004"}],"collection":[{"href":"https:\/\/www.mensviventer.com\/index.php?rest_route=\/wp\/v2\/posts"}],"about":[{"href":"https:\/\/www.mensviventer.com\/index.php?rest_route=\/wp\/v2\/types\/post"}],"author":[{"embeddable":true,"href":"https:\/\/www.mensviventer.com\/index.php?rest_route=\/wp\/v2\/users\/1"}],"replies":[{"embeddable":true,"href":"https:\/\/www.mensviventer.com\/index.php?rest_route=%2Fwp%2Fv2%2Fcomments&post=1004"}],"version-history":[{"count":1,"href":"https:\/\/www.mensviventer.com\/index.php?rest_route=\/wp\/v2\/posts\/1004\/revisions"}],"predecessor-version":[{"id":1007,"href":"https:\/\/www.mensviventer.com\/index.php?rest_route=\/wp\/v2\/posts\/1004\/revisions\/1007"}],"wp:attachment":[{"href":"https:\/\/www.mensviventer.com\/index.php?rest_route=%2Fwp%2Fv2%2Fmedia&parent=1004"}],"wp:term":[{"taxonomy":"category","embeddable":true,"href":"https:\/\/www.mensviventer.com\/index.php?rest_route=%2Fwp%2Fv2%2Fcategories&post=1004"},{"taxonomy":"post_tag","embeddable":true,"href":"https:\/\/www.mensviventer.com\/index.php?rest_route=%2Fwp%2Fv2%2Ftags&post=1004"}],"curies":[{"name":"wp","href":"https:\/\/api.w.org\/{rel}","templated":true}]}}